{"id":328781,"date":"2021-04-22T12:42:02","date_gmt":"2021-04-22T09:42:02","guid":{"rendered":"https:\/\/arantv.az\/?p=328781"},"modified":"2021-04-22T12:42:02","modified_gmt":"2021-04-22T09:42:02","slug":"s%c9%99hid-ceyhun-hacizad%c9%99-s%c9%99r%c9%99fli-doyus-yolu-kecib-video","status":"publish","type":"post","link":"https:\/\/arantv.az\/?p=328781","title":{"rendered":"\u015e\u0259hid Ceyhun Hac\u0131zad\u0259 \u015f\u0259r\u0259fli d\u00f6y\u00fc\u015f yolu ke\u00e7ib &#8211; V\u0130DEO"},"content":{"rendered":"<div class=\"article_text\">\n<p><strong>Onun \u0259n b\u00f6y\u00fck arzusu torpaqlar\u0131m\u0131z\u0131n i\u015f\u011faldan azad edilm\u0259si idi. Bu arzusu u\u011frunda da can\u0131n\u0131 f\u0259da etdi.<\/strong><\/p>\n<p><strong>ARANTV.AZ<\/strong>\u00a0 xezerxeber.az-a istinad\u0259n bildirir ki, s\u00f6hb\u0259t V\u0259t\u0259n m\u00fcharib\u0259sinin q\u0259hr\u0259manlar\u0131ndan olan Ceyhun Hac\u0131zad\u0259d\u0259n gedir.<\/p>\n<p>O, 1992- ci ild\u0259 T\u0259rt\u0259r rayonunun Evo\u011flu k\u0259ndind\u0259 anadan olub. 2010-ci ild\u0259 orta m\u0259kt\u0259bi bitirdikd\u0259n sonra h\u0259qiqi h\u0259rbi xidm\u0259t\u0259 yollan\u0131b. V\u0259t\u0259n m\u00fcharib\u0259si ba\u015flayanda is\u0259 k\u00f6n\u00fcll\u00fc olaraq \u00f6n c\u0259bh\u0259y\u0259 yollan\u0131b. T\u0259rt\u0259r rayonunun Suqovu\u015fan v\u0259 Tal\u0131\u015f k\u0259ndl\u0259ri istiqam\u0259tind\u0259 ged\u0259n a\u011f\u0131r d\u00f6y\u00fc\u015fl\u0259rd\u0259 i\u015ftirak edib.<\/p>\n<p>Ceyhun Hac\u0131zad\u0259 d\u00f6y\u00fc\u015fl\u0259r zaman\u0131 d\u00fc\u015fm\u0259nin xeyli sayda canl\u0131 q\u00fcvv\u0259si v\u0259 texnikas\u0131n\u0131 m\u0259hv edib. D\u00f6y\u00fc\u015fl\u0259rin birind\u0259 d\u00fc\u015fm\u0259nin minaatanlardan atd\u0131\u011f\u0131 m\u0259rmi onlar\u0131n yax\u0131nl\u0131\u011f\u0131na d\u00fc\u015f\u00fcb. Ceyhun da q\u0259hr\u0259mancas\u0131na \u015f\u0259hid olub.<\/p>\n<p>28 ya\u015fl\u0131 g\u0259nc d\u00f6y\u00fc\u015fl\u0259r\u0259 qat\u0131lark\u0259n ni\u015fanl\u0131 olub. M\u00fcharib\u0259y\u0259 ged\u0259rk\u0259n anas\u0131na deyib ki, \u0259n b\u00f6y\u00fck arzusu v\u0259t\u0259nin azadl\u0131\u011f\u0131d\u0131r v\u0259 yaln\u0131z m\u00fcharib\u0259 qurtarandan sonra evl\u0259n\u0259c\u0259k.<\/p>\n<p>\u015e\u0259hid Ceyhun Hac\u0131zad\u0259 \u00f6l\u00fcm\u00fcnd\u0259n sonra &#8221;V\u0259t\u0259n u\u011frunda&#8221; medal\u0131 il\u0259\u00a0 t\u0259ltif edilib.<\/p>\n<div>\n<div id=\"AdviadNativeVideo0\" class=\"AdviadNativeVideo\"><\/div>\n<\/div>\n<p>M\u00f6vzu il\u0259 ba\u011fl\u0131 daha \u0259trafl\u0131 videomaterial\u0131 t\u0259qdim edirik:<\/p>\n<p>&nbsp;<\/p>\n<p><iframe loading=\"lazy\" src=\"https:\/\/daytube.az\/az\/embed\/106122\" width=\"670\" height=\"400\" frameborder=\"0\" allowfullscreen=\"allowfullscreen\" data-mce-fragment=\"1\"><\/iframe><\/p>\n<\/div>\n<div class=\"social-banner\"><\/div>\n","protected":false},"excerpt":{"rendered":"<p>Onun \u0259n b\u00f6y\u00fck arzusu torpaqlar\u0131m\u0131z\u0131n i\u015f\u011faldan azad edilm\u0259si idi. Bu arzusu u\u011frunda da can\u0131n\u0131 f\u0259da etdi. ARANTV.AZ\u00a0 xezerxeber.az-a istinad\u0259n bildirir ki, s\u00f6hb\u0259t V\u0259t\u0259n m\u00fcharib\u0259sinin q\u0259hr\u0259manlar\u0131ndan olan Ceyhun Hac\u0131zad\u0259d\u0259n gedir. O, 1992- ci ild\u0259 T\u0259rt\u0259r rayonunun Evo\u011flu k\u0259ndind\u0259 anadan olub. 2010-ci ild\u0259 orta m\u0259kt\u0259bi bitirdikd\u0259n sonra h\u0259qiqi h\u0259rbi xidm\u0259t\u0259 yollan\u0131b. V\u0259t\u0259n m\u00fcharib\u0259si ba\u015flayanda is\u0259 k\u00f6n\u00fcll\u00fc olaraq \u00f6n c\u0259bh\u0259y\u0259 yollan\u0131b. T\u0259rt\u0259r rayonunun Suqovu\u015fan v\u0259 Tal\u0131\u015f k\u0259ndl\u0259ri istiqam\u0259tind\u0259 ged\u0259n a\u011f\u0131r d\u00f6y\u00fc\u015fl\u0259rd\u0259 i\u015ftirak edib. Ceyhun Hac\u0131zad\u0259 d\u00f6y\u00fc\u015fl\u0259r zaman\u0131 d\u00fc\u015fm\u0259nin xeyli sayda canl\u0131 q\u00fcvv\u0259si v\u0259 texnikas\u0131n\u0131 m\u0259hv edib. D\u00f6y\u00fc\u015fl\u0259rin birind\u0259 d\u00fc\u015fm\u0259nin minaatanlardan atd\u0131\u011f\u0131 m\u0259rmi onlar\u0131n&hellip;<\/p>\n","protected":false},"author":2,"featured_media":328782,"comment_status":"closed","ping_status":"closed","sticky":false,"template":"","format":"standard","meta":{"om_disable_all_campaigns":false,"_monsterinsights_skip_tracking":false,"_monsterinsights_sitenote_active":false,"_monsterinsights_sitenote_note":"","_monsterinsights_sitenote_category":0},"categories":[26],"tags":[],"aioseo_notices":[],"gutentor_comment":0,"rttpg_featured_image_url":{"full":["https:\/\/arantv.az\/wp-content\/uploads\/2021\/04\/941953.jpg",800,600,false],"landscape":["https:\/\/arantv.az\/wp-content\/uploads\/2021\/04\/941953.jpg",800,600,false],"portraits":["https:\/\/arantv.az\/wp-content\/uploads\/2021\/04\/941953.jpg",800,600,false],"thumbnail":["https:\/\/arantv.az\/wp-content\/uploads\/2021\/04\/941953-500x280.jpg",500,280,true],"medium":["https:\/\/arantv.az\/wp-content\/uploads\/2021\/04\/941953-487x365.jpg",487,365,true],"large":["https:\/\/arantv.az\/wp-content\/uploads\/2021\/04\/941953.jpg",640,480,false],"1536x1536":["https:\/\/arantv.az\/wp-content\/uploads\/2021\/04\/941953.jpg",800,600,false],"2048x2048":["https:\/\/arantv.az\/wp-content\/uploads\/2021\/04\/941953.jpg",800,600,false],"post-thumbnail":["https:\/\/arantv.az\/wp-content\/uploads\/2021\/04\/941953-240x172.jpg",240,172,true],"advps-thumb-one":["https:\/\/arantv.az\/wp-content\/uploads\/2021\/04\/941953.jpg",800,600,false]},"rttpg_author":{"display_name":"V\u00fcsal Rafiqo\u011flu","author_link":"https:\/\/arantv.az\/?author=2"},"rttpg_comment":0,"rttpg_category":"<a href=\"https:\/\/arantv.az\/?cat=26\" rel=\"category\">Sosial<\/a>","rttpg_excerpt":"Onun \u0259n b\u00f6y\u00fck arzusu torpaqlar\u0131m\u0131z\u0131n i\u015f\u011faldan azad edilm\u0259si idi. Bu arzusu u\u011frunda da can\u0131n\u0131 f\u0259da etdi. ARANTV.AZ\u00a0 xezerxeber.az-a istinad\u0259n bildirir ki, s\u00f6hb\u0259t V\u0259t\u0259n m\u00fcharib\u0259sinin q\u0259hr\u0259manlar\u0131ndan olan Ceyhun Hac\u0131zad\u0259d\u0259n gedir. O, 1992- ci ild\u0259 T\u0259rt\u0259r rayonunun Evo\u011flu k\u0259ndind\u0259 anadan olub. 2010-ci ild\u0259 orta m\u0259kt\u0259bi bitirdikd\u0259n sonra h\u0259qiqi h\u0259rbi xidm\u0259t\u0259 yollan\u0131b. V\u0259t\u0259n m\u00fcharib\u0259si ba\u015flayanda is\u0259 k\u00f6n\u00fcll\u00fc olaraq&hellip;","_links":{"self":[{"href":"https:\/\/arantv.az\/index.php?rest_route=\/wp\/v2\/posts\/328781"}],"collection":[{"href":"https:\/\/arantv.az\/index.php?rest_route=\/wp\/v2\/posts"}],"about":[{"href":"https:\/\/arantv.az\/index.php?rest_route=\/wp\/v2\/types\/post"}],"author":[{"embeddable":true,"href":"https:\/\/arantv.az\/index.php?rest_route=\/wp\/v2\/users\/2"}],"replies":[{"embeddable":true,"href":"https:\/\/arantv.az\/index.php?rest_route=%2Fwp%2Fv2%2Fcomments&post=328781"}],"version-history":[{"count":0,"href":"https:\/\/arantv.az\/index.php?rest_route=\/wp\/v2\/posts\/328781\/revisions"}],"wp:featuredmedia":[{"embeddable":true,"href":"https:\/\/arantv.az\/index.php?rest_route=\/wp\/v2\/media\/328782"}],"wp:attachment":[{"href":"https:\/\/arantv.az\/index.php?rest_route=%2Fwp%2Fv2%2Fmedia&parent=328781"}],"wp:term":[{"taxonomy":"category","embeddable":true,"href":"https:\/\/arantv.az\/index.php?rest_route=%2Fwp%2Fv2%2Fcategories&post=328781"},{"taxonomy":"post_tag","embeddable":true,"href":"https:\/\/arantv.az\/index.php?rest_route=%2Fwp%2Fv2%2Ftags&post=328781"}],"curies":[{"name":"wp","href":"https:\/\/api.w.org\/{rel}","templated":true}]}}