{"id":328784,"date":"2021-04-22T12:57:42","date_gmt":"2021-04-22T09:57:42","guid":{"rendered":"https:\/\/arantv.az\/?p=328784"},"modified":"2021-04-22T12:57:42","modified_gmt":"2021-04-22T09:57:42","slug":"bmw-cay-evi-c%c9%99rim%c9%99l%c9%99ndi-foto-video","status":"publish","type":"post","link":"https:\/\/arantv.az\/?p=328784","title":{"rendered":"\u201cBMW\u201d \u00e7ay evi c\u0259rim\u0259l\u0259ndi &#8211; FOTO\/V\u0130DEO"},"content":{"rendered":"<p>\u015e\u0259kid\u0259 karantin rejimi qaydalar\u0131na zidd olaraq gec\u0259 saatlar\u0131nda f\u0259aliyy\u0259t g\u00f6st\u0259r\u0259n kafe v\u0259 \u00e7ay evi a\u015fkar edilib.<\/p>\n<p>Bu bar\u0259d\u0259\u00a0Oxu.Az-a Daxili \u0130\u015fl\u0259r Nazirliyinin\u00a0m\u0259tbuat xidm\u0259tinin \u015e\u0259ki regional qrupundan m\u0259lumat verilib.<\/p>\n<p>M\u0259lumata g\u00f6r\u0259, \u015e\u0259ki \u015e\u0259h\u0259r Rayon Polis \u015e\u00f6b\u0259sinin \u0259m\u0259kda\u015flar\u0131 t\u0259r\u0259find\u0259n ke\u00e7iril\u0259n profilaktik t\u0259dbirl\u0259r zaman\u0131 Ba\u015f K\u00fcng\u00fct k\u0259ndind\u0259 yerl\u0259\u015f\u0259n kafenin v\u0259 \u015f\u0259h\u0259r \u0259razisind\u0259ki \u201cBMW\u201d adl\u0131 \u00e7ay evinin gec\u0259 saatlar\u0131nda f\u0259aliyy\u0259t g\u00f6st\u0259rdiyi m\u00fc\u0259yy\u0259n olunub.<\/p>\n<div id=\"AdviadNativeVideo0\" class=\"AdviadNativeVideo\"><\/div>\n<p>H\u0259min obyektl\u0259rin icar\u0259darlar\u0131\u00a0Az\u0259r N\u0259srullayev v\u0259 V\u00fcsal A\u011f\u0259mm\u0259dov, h\u0259m\u00e7inin 14 n\u0259f\u0259r m\u00fc\u015ft\u0259ri bar\u0259sind\u0259 \u0130nzibati X\u0259talar M\u0259c\u0259ll\u0259sinin\u00a0 211.1-ci madd\u0259si (Epidemiya \u0259leyhin\u0259 rejimin, sanitariya-gigiyena v\u0259 karantin rejiml\u0259rinin pozulmas\u0131) il\u0259 protokol t\u0259rtib edilib.<\/p>\n<p>H\u0259min \u015f\u0259xsl\u0259rl\u0259 profilaktik so\u0308hb\u0259tl\u0259r apar\u0131l\u0131b, xu\u0308susi karantin rejim qaydalar\u0131na \u0259m\u0259l etm\u0259yin vacibliyi bir daha onlar\u0131n diqq\u0259tin\u0259 c\u0327atd\u0131r\u0131l\u0131b.<\/p>\n<div><iframe loading=\"lazy\" src=\"https:\/\/player.baku.tv\/embed\/36988\" width=\"560\" height=\"315\" frameborder=\"0\" allowfullscreen=\"allowfullscreen\" data-mce-fragment=\"1\"><\/iframe><\/div>\n<p>&nbsp;<\/p>\n<div class=\"gallery\">\n<div class=\"gallery-i\"><img src=\"https:\/\/cdn.oxu.az\/uploads\/W1siZiIsIjIwMjEvMDQvMjIvMTIvNTMvMTIvMDlmMjhjYWUtOGVlZC00ZWI2LThiMDMtY2ZkZDgwZWYwZWE3LzMuSlBHIl0sWyJwIiwiZW5jb2RlIiwianBnIiwiLXF1YWxpdHkgODAiXSxbInAiLCJ0aHVtYiIsIjU5MHg1OTBcdTAwM2UiXV0?sha=d99175f0fa6afb6a\" alt=\"\" \/><\/p>\n<div class=\"gallery-i-caption\"><\/div>\n<\/div>\n<div class=\"gallery-i\"><img src=\"https:\/\/cdn.oxu.az\/uploads\/W1siZiIsIjIwMjEvMDQvMjIvMTIvNTMvMTMvZjk2NzlkNWItZmZiOC00YmE0LWI4OWQtN2JlNTNkNmM3Mzk2LzEgKDEpLkpQRyJdLFsicCIsImVuY29kZSIsImpwZyIsIi1xdWFsaXR5IDgwIl0sWyJwIiwidGh1bWIiLCI1OTB4NTkwXHUwMDNlIl1d?sha=55327e5d92970f58\" alt=\"\" \/><\/p>\n<div class=\"gallery-i-caption\"><\/div>\n<\/div>\n<div class=\"gallery-i\"><img src=\"https:\/\/cdn.oxu.az\/uploads\/W1siZiIsIjIwMjEvMDQvMjIvMTIvNTMvMTMvNmFiZGYxYjYtZTQ2NS00MGZkLTk5ZWQtODUwN2M1YTgxZTA0LzIgKDEpLkpQRyJdLFsicCIsImVuY29kZSIsImpwZyIsIi1xdWFsaXR5IDgwIl0sWyJwIiwidGh1bWIiLCI1OTB4NTkwXHUwMDNlIl1d?sha=a1d1e00bc9fb0408\" alt=\"\" \/><\/div>\n<\/div>\n","protected":false},"excerpt":{"rendered":"<p>\u015e\u0259kid\u0259 karantin rejimi qaydalar\u0131na zidd olaraq gec\u0259 saatlar\u0131nda f\u0259aliyy\u0259t g\u00f6st\u0259r\u0259n kafe v\u0259 \u00e7ay evi a\u015fkar edilib. Bu bar\u0259d\u0259\u00a0Oxu.Az-a Daxili \u0130\u015fl\u0259r Nazirliyinin\u00a0m\u0259tbuat xidm\u0259tinin \u015e\u0259ki regional qrupundan m\u0259lumat verilib. M\u0259lumata g\u00f6r\u0259, \u015e\u0259ki \u015e\u0259h\u0259r Rayon Polis \u015e\u00f6b\u0259sinin \u0259m\u0259kda\u015flar\u0131 t\u0259r\u0259find\u0259n ke\u00e7iril\u0259n profilaktik t\u0259dbirl\u0259r zaman\u0131 Ba\u015f K\u00fcng\u00fct k\u0259ndind\u0259 yerl\u0259\u015f\u0259n kafenin v\u0259 \u015f\u0259h\u0259r \u0259razisind\u0259ki \u201cBMW\u201d adl\u0131 \u00e7ay evinin gec\u0259 saatlar\u0131nda f\u0259aliyy\u0259t g\u00f6st\u0259rdiyi m\u00fc\u0259yy\u0259n olunub. H\u0259min obyektl\u0259rin icar\u0259darlar\u0131\u00a0Az\u0259r N\u0259srullayev v\u0259 V\u00fcsal A\u011f\u0259mm\u0259dov, h\u0259m\u00e7inin 14 n\u0259f\u0259r m\u00fc\u015ft\u0259ri bar\u0259sind\u0259 \u0130nzibati X\u0259talar M\u0259c\u0259ll\u0259sinin\u00a0 211.1-ci madd\u0259si (Epidemiya \u0259leyhin\u0259 rejimin, sanitariya-gigiyena v\u0259 karantin rejiml\u0259rinin pozulmas\u0131) il\u0259 protokol t\u0259rtib edilib. H\u0259min \u015f\u0259xsl\u0259rl\u0259 profilaktik&hellip;<\/p>\n","protected":false},"author":2,"featured_media":328785,"comment_status":"closed","ping_status":"closed","sticky":false,"template":"","format":"standard","meta":{"om_disable_all_campaigns":false,"_monsterinsights_skip_tracking":false,"_monsterinsights_sitenote_active":false,"_monsterinsights_sitenote_note":"","_monsterinsights_sitenote_category":0},"categories":[26],"tags":[],"aioseo_notices":[],"gutentor_comment":0,"rttpg_featured_image_url":{"full":["https:\/\/arantv.az\/wp-content\/uploads\/2021\/04\/1-1-1.jpg",620,323,false],"landscape":["https:\/\/arantv.az\/wp-content\/uploads\/2021\/04\/1-1-1.jpg",620,323,false],"portraits":["https:\/\/arantv.az\/wp-content\/uploads\/2021\/04\/1-1-1.jpg",620,323,false],"thumbnail":["https:\/\/arantv.az\/wp-content\/uploads\/2021\/04\/1-1-1-500x280.jpg",500,280,true],"medium":["https:\/\/arantv.az\/wp-content\/uploads\/2021\/04\/1-1-1.jpg",620,323,false],"large":["https:\/\/arantv.az\/wp-content\/uploads\/2021\/04\/1-1-1.jpg",620,323,false],"1536x1536":["https:\/\/arantv.az\/wp-content\/uploads\/2021\/04\/1-1-1.jpg",620,323,false],"2048x2048":["https:\/\/arantv.az\/wp-content\/uploads\/2021\/04\/1-1-1.jpg",620,323,false],"post-thumbnail":["https:\/\/arantv.az\/wp-content\/uploads\/2021\/04\/1-1-1-240x172.jpg",240,172,true],"advps-thumb-one":["https:\/\/arantv.az\/wp-content\/uploads\/2021\/04\/1-1-1.jpg",620,323,false]},"rttpg_author":{"display_name":"V\u00fcsal Rafiqo\u011flu","author_link":"https:\/\/arantv.az\/?author=2"},"rttpg_comment":0,"rttpg_category":"<a href=\"https:\/\/arantv.az\/?cat=26\" rel=\"category\">Sosial<\/a>","rttpg_excerpt":"\u015e\u0259kid\u0259 karantin rejimi qaydalar\u0131na zidd olaraq gec\u0259 saatlar\u0131nda f\u0259aliyy\u0259t g\u00f6st\u0259r\u0259n kafe v\u0259 \u00e7ay evi a\u015fkar edilib. Bu bar\u0259d\u0259\u00a0Oxu.Az-a Daxili \u0130\u015fl\u0259r Nazirliyinin\u00a0m\u0259tbuat xidm\u0259tinin \u015e\u0259ki regional qrupundan m\u0259lumat verilib. M\u0259lumata g\u00f6r\u0259, \u015e\u0259ki \u015e\u0259h\u0259r Rayon Polis \u015e\u00f6b\u0259sinin \u0259m\u0259kda\u015flar\u0131 t\u0259r\u0259find\u0259n ke\u00e7iril\u0259n profilaktik t\u0259dbirl\u0259r zaman\u0131 Ba\u015f K\u00fcng\u00fct k\u0259ndind\u0259 yerl\u0259\u015f\u0259n kafenin v\u0259 \u015f\u0259h\u0259r \u0259razisind\u0259ki \u201cBMW\u201d adl\u0131 \u00e7ay evinin gec\u0259 saatlar\u0131nda f\u0259aliyy\u0259t&hellip;","_links":{"self":[{"href":"https:\/\/arantv.az\/index.php?rest_route=\/wp\/v2\/posts\/328784"}],"collection":[{"href":"https:\/\/arantv.az\/index.php?rest_route=\/wp\/v2\/posts"}],"about":[{"href":"https:\/\/arantv.az\/index.php?rest_route=\/wp\/v2\/types\/post"}],"author":[{"embeddable":true,"href":"https:\/\/arantv.az\/index.php?rest_route=\/wp\/v2\/users\/2"}],"replies":[{"embeddable":true,"href":"https:\/\/arantv.az\/index.php?rest_route=%2Fwp%2Fv2%2Fcomments&post=328784"}],"version-history":[{"count":0,"href":"https:\/\/arantv.az\/index.php?rest_route=\/wp\/v2\/posts\/328784\/revisions"}],"wp:featuredmedia":[{"embeddable":true,"href":"https:\/\/arantv.az\/index.php?rest_route=\/wp\/v2\/media\/328785"}],"wp:attachment":[{"href":"https:\/\/arantv.az\/index.php?rest_route=%2Fwp%2Fv2%2Fmedia&parent=328784"}],"wp:term":[{"taxonomy":"category","embeddable":true,"href":"https:\/\/arantv.az\/index.php?rest_route=%2Fwp%2Fv2%2Fcategories&post=328784"},{"taxonomy":"post_tag","embeddable":true,"href":"https:\/\/arantv.az\/index.php?rest_route=%2Fwp%2Fv2%2Ftags&post=328784"}],"curies":[{"name":"wp","href":"https:\/\/api.w.org\/{rel}","templated":true}]}}