{"id":328793,"date":"2021-04-22T13:12:29","date_gmt":"2021-04-22T10:12:29","guid":{"rendered":"https:\/\/arantv.az\/?p=328793"},"modified":"2021-04-22T13:12:29","modified_gmt":"2021-04-22T10:12:29","slug":"yap-ci-deputat-huseynbala-mu%c9%99llim-ziyali-insandir","status":"publish","type":"post","link":"https:\/\/arantv.az\/?p=328793","title":{"rendered":"YAP-\u00e7\u0131 deputat: \u201c&#8230;H\u00fcseynbala m\u00fc\u0259llim ziyal\u0131 insand\u0131r\u201d"},"content":{"rendered":"<p>\u00d6t\u0259n g\u00fcn sosial \u015f\u0259b\u0259k\u0259l\u0259rd\u0259 Yeni Az\u0259rbaycan Partiyas\u0131n\u0131n (YAP) X\u0259tai rayon t\u0259\u015fkilat\u0131n\u0131n s\u0259dri, sabiq deputat H\u00fcseynbala Mir\u0259l\u0259movun xan\u0131m k\u00f6m\u0259k\u00e7isin\u0259 qar\u015f\u0131 qeyri-etik videog\u00f6r\u00fcnt\u00fcs\u00fc yay\u0131l\u0131b. Video c\u0259miyy\u0259td\u0259 ciddi rezonans do\u011furub. V\u0259t\u0259nda\u015flar\u0131n b\u00f6y\u00fck \u0259ks\u0259riyy\u0259ti &#8220;ziyal\u0131&#8221; birinin bu c\u00fcr \u0259m\u0259lin\u0259 s\u0259rt t\u0259pki verib. H\u0259tt sabiq deputat\u0131 YAP-\u0131n \u00fcz qaras\u0131 da adland\u0131r\u0131blar.<\/p>\n<p>Ba\u015f ver\u0259nl\u0259rl\u0259 ba\u011fl\u0131 fikirl\u0259rini \u00f6yr\u0259nm\u0259k \u00fc\u00e7\u00fcn YAP \u0130dar\u0259 Hey\u0259tinin \u00fczv\u00fc, mill\u0259t v\u0259kili Cavid Osmanovla \u0259laq\u0259 saxlan\u0131l\u0131b.<\/p>\n<p><strong>ARANTV.AZ<\/strong>\u00a0 x\u0259b\u0259r verir ki, parlament \u00fczv\u00fc &#8220;sherg.az&#8221;a bunlar\u0131 s\u00f6yl\u0259di:<\/p>\n<p>&#8220;\u018flb\u0259tt\u0259, b\u00fct\u00fcn bunlar t\u0259\u0259ss\u00fcfl\u0259ndirici hald\u0131r. M\u0259s\u0259l\u0259 il\u0259 ba\u011fl\u0131 art\u0131q YAP-\u0131n m\u0259tbuat xidm\u0259tind\u0259n a\u00e7\u0131qlama verilib. M\u0259n d\u0259 sosial \u015f\u0259b\u0259k\u0259l\u0259r \u00fcz\u0259rind\u0259n h\u0259min videonu izl\u0259mi\u015f\u0259m. H\u00fcseynbala m\u00fc\u0259llim ziyal\u0131 insand\u0131r, yaz\u0131\u00e7\u0131d\u0131r, vaxtil\u0259 mill\u0259t v\u0259kili olub. Bu bax\u0131mdan ba\u015f ver\u0259nl\u0259r olduqa \u00fcz\u00fcc\u00fcd\u00fcr. H\u0259r halda sosial \u015f\u0259b\u0259k\u0259d\u0259 yay\u0131lan bu video il\u0259 ba\u011fl\u0131 YAP-\u0131n m\u00fcvafiq q\u0259rar\u0131 olacaq&#8221;.<\/p>\n","protected":false},"excerpt":{"rendered":"<p>\u00d6t\u0259n g\u00fcn sosial \u015f\u0259b\u0259k\u0259l\u0259rd\u0259 Yeni Az\u0259rbaycan Partiyas\u0131n\u0131n (YAP) X\u0259tai rayon t\u0259\u015fkilat\u0131n\u0131n s\u0259dri, sabiq deputat H\u00fcseynbala Mir\u0259l\u0259movun xan\u0131m k\u00f6m\u0259k\u00e7isin\u0259 qar\u015f\u0131 qeyri-etik videog\u00f6r\u00fcnt\u00fcs\u00fc yay\u0131l\u0131b. Video c\u0259miyy\u0259td\u0259 ciddi rezonans do\u011furub. V\u0259t\u0259nda\u015flar\u0131n b\u00f6y\u00fck \u0259ks\u0259riyy\u0259ti &#8220;ziyal\u0131&#8221; birinin bu c\u00fcr \u0259m\u0259lin\u0259 s\u0259rt t\u0259pki verib. H\u0259tt sabiq deputat\u0131 YAP-\u0131n \u00fcz qaras\u0131 da adland\u0131r\u0131blar. Ba\u015f ver\u0259nl\u0259rl\u0259 ba\u011fl\u0131 fikirl\u0259rini \u00f6yr\u0259nm\u0259k \u00fc\u00e7\u00fcn YAP \u0130dar\u0259 Hey\u0259tinin \u00fczv\u00fc, mill\u0259t v\u0259kili Cavid Osmanovla \u0259laq\u0259 saxlan\u0131l\u0131b. ARANTV.AZ\u00a0 x\u0259b\u0259r verir ki, parlament \u00fczv\u00fc &#8220;sherg.az&#8221;a bunlar\u0131 s\u00f6yl\u0259di: &#8220;\u018flb\u0259tt\u0259, b\u00fct\u00fcn bunlar t\u0259\u0259ss\u00fcfl\u0259ndirici hald\u0131r. M\u0259s\u0259l\u0259 il\u0259 ba\u011fl\u0131 art\u0131q YAP-\u0131n m\u0259tbuat xidm\u0259tind\u0259n a\u00e7\u0131qlama verilib. M\u0259n d\u0259 sosial \u015f\u0259b\u0259k\u0259l\u0259r \u00fcz\u0259rind\u0259n&hellip;<\/p>\n","protected":false},"author":2,"featured_media":328794,"comment_status":"closed","ping_status":"closed","sticky":false,"template":"","format":"standard","meta":{"om_disable_all_campaigns":false,"_monsterinsights_skip_tracking":false,"_monsterinsights_sitenote_active":false,"_monsterinsights_sitenote_note":"","_monsterinsights_sitenote_category":0},"categories":[26],"tags":[],"aioseo_notices":[],"gutentor_comment":0,"rttpg_featured_image_url":{"full":["https:\/\/arantv.az\/wp-content\/uploads\/2021\/04\/942090.jpg",800,600,false],"landscape":["https:\/\/arantv.az\/wp-content\/uploads\/2021\/04\/942090.jpg",800,600,false],"portraits":["https:\/\/arantv.az\/wp-content\/uploads\/2021\/04\/942090.jpg",800,600,false],"thumbnail":["https:\/\/arantv.az\/wp-content\/uploads\/2021\/04\/942090-500x280.jpg",500,280,true],"medium":["https:\/\/arantv.az\/wp-content\/uploads\/2021\/04\/942090-487x365.jpg",487,365,true],"large":["https:\/\/arantv.az\/wp-content\/uploads\/2021\/04\/942090.jpg",640,480,false],"1536x1536":["https:\/\/arantv.az\/wp-content\/uploads\/2021\/04\/942090.jpg",800,600,false],"2048x2048":["https:\/\/arantv.az\/wp-content\/uploads\/2021\/04\/942090.jpg",800,600,false],"post-thumbnail":["https:\/\/arantv.az\/wp-content\/uploads\/2021\/04\/942090-240x172.jpg",240,172,true],"advps-thumb-one":["https:\/\/arantv.az\/wp-content\/uploads\/2021\/04\/942090.jpg",800,600,false]},"rttpg_author":{"display_name":"V\u00fcsal Rafiqo\u011flu","author_link":"https:\/\/arantv.az\/?author=2"},"rttpg_comment":0,"rttpg_category":"<a href=\"https:\/\/arantv.az\/?cat=26\" rel=\"category\">Sosial<\/a>","rttpg_excerpt":"\u00d6t\u0259n g\u00fcn sosial \u015f\u0259b\u0259k\u0259l\u0259rd\u0259 Yeni Az\u0259rbaycan Partiyas\u0131n\u0131n (YAP) X\u0259tai rayon t\u0259\u015fkilat\u0131n\u0131n s\u0259dri, sabiq deputat H\u00fcseynbala Mir\u0259l\u0259movun xan\u0131m k\u00f6m\u0259k\u00e7isin\u0259 qar\u015f\u0131 qeyri-etik videog\u00f6r\u00fcnt\u00fcs\u00fc yay\u0131l\u0131b. Video c\u0259miyy\u0259td\u0259 ciddi rezonans do\u011furub. V\u0259t\u0259nda\u015flar\u0131n b\u00f6y\u00fck \u0259ks\u0259riyy\u0259ti &#8220;ziyal\u0131&#8221; birinin bu c\u00fcr \u0259m\u0259lin\u0259 s\u0259rt t\u0259pki verib. H\u0259tt sabiq deputat\u0131 YAP-\u0131n \u00fcz qaras\u0131 da adland\u0131r\u0131blar. Ba\u015f ver\u0259nl\u0259rl\u0259 ba\u011fl\u0131 fikirl\u0259rini \u00f6yr\u0259nm\u0259k \u00fc\u00e7\u00fcn YAP \u0130dar\u0259 Hey\u0259tinin&hellip;","_links":{"self":[{"href":"https:\/\/arantv.az\/index.php?rest_route=\/wp\/v2\/posts\/328793"}],"collection":[{"href":"https:\/\/arantv.az\/index.php?rest_route=\/wp\/v2\/posts"}],"about":[{"href":"https:\/\/arantv.az\/index.php?rest_route=\/wp\/v2\/types\/post"}],"author":[{"embeddable":true,"href":"https:\/\/arantv.az\/index.php?rest_route=\/wp\/v2\/users\/2"}],"replies":[{"embeddable":true,"href":"https:\/\/arantv.az\/index.php?rest_route=%2Fwp%2Fv2%2Fcomments&post=328793"}],"version-history":[{"count":0,"href":"https:\/\/arantv.az\/index.php?rest_route=\/wp\/v2\/posts\/328793\/revisions"}],"wp:featuredmedia":[{"embeddable":true,"href":"https:\/\/arantv.az\/index.php?rest_route=\/wp\/v2\/media\/328794"}],"wp:attachment":[{"href":"https:\/\/arantv.az\/index.php?rest_route=%2Fwp%2Fv2%2Fmedia&parent=328793"}],"wp:term":[{"taxonomy":"category","embeddable":true,"href":"https:\/\/arantv.az\/index.php?rest_route=%2Fwp%2Fv2%2Fcategories&post=328793"},{"taxonomy":"post_tag","embeddable":true,"href":"https:\/\/arantv.az\/index.php?rest_route=%2Fwp%2Fv2%2Ftags&post=328793"}],"curies":[{"name":"wp","href":"https:\/\/api.w.org\/{rel}","templated":true}]}}