{"id":328796,"date":"2021-04-22T13:13:09","date_gmt":"2021-04-22T10:13:09","guid":{"rendered":"https:\/\/arantv.az\/?p=328796"},"modified":"2021-04-22T13:13:09","modified_gmt":"2021-04-22T10:13:09","slug":"lukasenko-rusiyaya-s%c9%99f%c9%99r-edib","status":"publish","type":"post","link":"https:\/\/arantv.az\/?p=328796","title":{"rendered":"Luka\u015fenko Rusiyaya s\u0259f\u0259r edib"},"content":{"rendered":"<p>Belarus prezidenti Aleksandr Luka\u015fenko Rusiyaya i\u015fg\u00fczar s\u0259f\u0259r edib.<\/p>\n<p><strong>ARANTV.AZ<\/strong>\u00a0 <a href=\"https:\/\/az.trend.az\/\" target=\"_blank\" rel=\"noopener\">Trend<\/a>-\u0259 istinad\u0259n bildirir ki,\u00a0bu bar\u0259d\u0259 Belarus prezidentinin m\u0259tbuat xidm\u0259ti bildirib.<\/p>\n<p>A.Luka\u015fenkonun Moskvada Rusiya prezidenti Vladimir Putinl\u0259 g\u00f6r\u00fc\u015f\u00fc planla\u015fd\u0131r\u0131l\u0131r.<\/p>\n<p>G\u00f6r\u00fc\u015f zaman\u0131 ikit\u0259r\u0259fli \u0259m\u0259kda\u015fl\u0131\u011f\u0131n, ticari-iqtisadi m\u00fcnasib\u0259tl\u0259rin inki\u015faf\u0131n\u0131n m\u00fczakir\u0259si n\u0259z\u0259rd\u0259 tutulur.<\/p>\n","protected":false},"excerpt":{"rendered":"<p>Belarus prezidenti Aleksandr Luka\u015fenko Rusiyaya i\u015fg\u00fczar s\u0259f\u0259r edib. ARANTV.AZ\u00a0 Trend-\u0259 istinad\u0259n bildirir ki,\u00a0bu bar\u0259d\u0259 Belarus prezidentinin m\u0259tbuat xidm\u0259ti bildirib. A.Luka\u015fenkonun Moskvada Rusiya prezidenti Vladimir Putinl\u0259 g\u00f6r\u00fc\u015f\u00fc planla\u015fd\u0131r\u0131l\u0131r. G\u00f6r\u00fc\u015f zaman\u0131 ikit\u0259r\u0259fli \u0259m\u0259kda\u015fl\u0131\u011f\u0131n, ticari-iqtisadi m\u00fcnasib\u0259tl\u0259rin inki\u015faf\u0131n\u0131n m\u00fczakir\u0259si n\u0259z\u0259rd\u0259 tutulur.<\/p>\n","protected":false},"author":2,"featured_media":328797,"comment_status":"closed","ping_status":"closed","sticky":false,"template":"","format":"standard","meta":{"om_disable_all_campaigns":false,"_monsterinsights_skip_tracking":false,"_monsterinsights_sitenote_active":false,"_monsterinsights_sitenote_note":"","_monsterinsights_sitenote_category":0},"categories":[7],"tags":[],"aioseo_notices":[],"gutentor_comment":0,"rttpg_featured_image_url":{"full":["https:\/\/arantv.az\/wp-content\/uploads\/2021\/04\/939026.jpg",800,600,false],"landscape":["https:\/\/arantv.az\/wp-content\/uploads\/2021\/04\/939026.jpg",800,600,false],"portraits":["https:\/\/arantv.az\/wp-content\/uploads\/2021\/04\/939026.jpg",800,600,false],"thumbnail":["https:\/\/arantv.az\/wp-content\/uploads\/2021\/04\/939026-500x280.jpg",500,280,true],"medium":["https:\/\/arantv.az\/wp-content\/uploads\/2021\/04\/939026-487x365.jpg",487,365,true],"large":["https:\/\/arantv.az\/wp-content\/uploads\/2021\/04\/939026.jpg",640,480,false],"1536x1536":["https:\/\/arantv.az\/wp-content\/uploads\/2021\/04\/939026.jpg",800,600,false],"2048x2048":["https:\/\/arantv.az\/wp-content\/uploads\/2021\/04\/939026.jpg",800,600,false],"post-thumbnail":["https:\/\/arantv.az\/wp-content\/uploads\/2021\/04\/939026-240x172.jpg",240,172,true],"advps-thumb-one":["https:\/\/arantv.az\/wp-content\/uploads\/2021\/04\/939026.jpg",800,600,false]},"rttpg_author":{"display_name":"V\u00fcsal Rafiqo\u011flu","author_link":"https:\/\/arantv.az\/?author=2"},"rttpg_comment":0,"rttpg_category":"<a href=\"https:\/\/arantv.az\/?cat=7\" rel=\"category\">D\u00fcnya<\/a>","rttpg_excerpt":"Belarus prezidenti Aleksandr Luka\u015fenko Rusiyaya i\u015fg\u00fczar s\u0259f\u0259r edib. ARANTV.AZ\u00a0 Trend-\u0259 istinad\u0259n bildirir ki,\u00a0bu bar\u0259d\u0259 Belarus prezidentinin m\u0259tbuat xidm\u0259ti bildirib. A.Luka\u015fenkonun Moskvada Rusiya prezidenti Vladimir Putinl\u0259 g\u00f6r\u00fc\u015f\u00fc planla\u015fd\u0131r\u0131l\u0131r. G\u00f6r\u00fc\u015f zaman\u0131 ikit\u0259r\u0259fli \u0259m\u0259kda\u015fl\u0131\u011f\u0131n, ticari-iqtisadi m\u00fcnasib\u0259tl\u0259rin inki\u015faf\u0131n\u0131n m\u00fczakir\u0259si n\u0259z\u0259rd\u0259 tutulur.","_links":{"self":[{"href":"https:\/\/arantv.az\/index.php?rest_route=\/wp\/v2\/posts\/328796"}],"collection":[{"href":"https:\/\/arantv.az\/index.php?rest_route=\/wp\/v2\/posts"}],"about":[{"href":"https:\/\/arantv.az\/index.php?rest_route=\/wp\/v2\/types\/post"}],"author":[{"embeddable":true,"href":"https:\/\/arantv.az\/index.php?rest_route=\/wp\/v2\/users\/2"}],"replies":[{"embeddable":true,"href":"https:\/\/arantv.az\/index.php?rest_route=%2Fwp%2Fv2%2Fcomments&post=328796"}],"version-history":[{"count":0,"href":"https:\/\/arantv.az\/index.php?rest_route=\/wp\/v2\/posts\/328796\/revisions"}],"wp:featuredmedia":[{"embeddable":true,"href":"https:\/\/arantv.az\/index.php?rest_route=\/wp\/v2\/media\/328797"}],"wp:attachment":[{"href":"https:\/\/arantv.az\/index.php?rest_route=%2Fwp%2Fv2%2Fmedia&parent=328796"}],"wp:term":[{"taxonomy":"category","embeddable":true,"href":"https:\/\/arantv.az\/index.php?rest_route=%2Fwp%2Fv2%2Fcategories&post=328796"},{"taxonomy":"post_tag","embeddable":true,"href":"https:\/\/arantv.az\/index.php?rest_route=%2Fwp%2Fv2%2Ftags&post=328796"}],"curies":[{"name":"wp","href":"https:\/\/api.w.org\/{rel}","templated":true}]}}