{"id":328805,"date":"2021-04-22T13:16:15","date_gmt":"2021-04-22T10:16:15","guid":{"rendered":"https:\/\/arantv.az\/?p=328805"},"modified":"2021-04-22T13:16:15","modified_gmt":"2021-04-22T10:16:15","slug":"23-yasli-s%c9%99hid-leytenant-aqil-m%c9%99cidovun-doyus-yolu-foto","status":"publish","type":"post","link":"https:\/\/arantv.az\/?p=328805","title":{"rendered":"23 ya\u015fl\u0131 \u015f\u0259hid leytenant Aqil M\u0259cidovun d\u00f6y\u00fc\u015f yolu &#8211; FOTO"},"content":{"rendered":"<p>44 g\u00fcnl\u00fck V\u0259t\u0259n m\u00fcharib\u0259si zaman\u0131 F\u00fczuli istiqam\u0259tind\u0259 ged\u0259n d\u00f6y\u00fc\u015fl\u0259rd\u0259 d\u00fc\u015fm\u0259n\u0259 a\u011f\u0131r z\u0259rb\u0259l\u0259r vuraraq onlar\u0131 geri \u00e7\u0259kilm\u0259y\u0259 m\u0259cbur ed\u0259n Az\u0259rbaycan Ordusunun h\u0259rb\u00e7il\u0259ri s\u0131ras\u0131nda \u015f\u0259hid leytenant 23 ya\u015fl\u0131 Aqil M\u0259cidov da olub.<\/p>\n<p><b>ARANTV.AZ <\/b>x\u0259b\u0259r verir ki, \u015f\u0259hid leytenant M\u0259cidov Aqil Ayd\u0131n o\u011flu 3 aprel 1998-ci ild\u0259 Tovuz rayonunda anadan olub. 2006-c\u0131 ild\u0259 Tovuz rayon N\u0259sr\u0259ddin Tusi ad\u0131na T\u0259bi\u0259t v\u0259 Texniki f\u0259nl\u0259r t\u0259may\u00fcll\u00fc liseyin 1-ci sinfin\u0259 daxil olub. 2011-ci ild\u0259n A.S.Pu\u015fkin ad\u0131na orta m\u0259kt\u0259bd\u0259 t\u0259hsilini davam etdirib. M\u0259kt\u0259bi bitirdikd\u0259n sonra arzusunda oldu\u011fu Heyd\u0259r \u018fliyev ad\u0131na Az\u0259rbaycan Ali H\u0259rbi M\u0259kt\u0259bin\u0259 daxil olub.<\/p>\n<p><img src=\"https:\/\/cdn.oxu.az\/uploads\/W1siZiIsIjIwMjEvMDQvMjIvMTIvNDgvMTEvNmEyZDExYWItMjQxZS00OThlLTg4ZWYtNDM1N2I2NDZkNmIwL1doYXRzQXBwIEltYWdlIDIwMjEtMDQtMjIgYXQgMTEuMjkuMzUgKDEpLmpwZWciXSxbInAiLCJlbmNvZGUiLCJqcGciLCItcXVhbGl0eSA4MCJdLFsicCIsInRodW1iIiwiNTkweDU5MFx1MDAzZSJdXQ?sha=ba7813321432b178\" alt=\"\" \/><\/p>\n<p>2020-ci ild\u0259 H\u0259rbi m\u0259kt\u0259bi Motoat\u0131c\u0131 ixtisas\u0131 \u00fczr\u0259 m\u00fcv\u0259ff\u0259qiyy\u0259tl\u0259 bitirib. Leytenant r\u00fctb\u0259si veril\u0259r\u0259k Beyl\u0259qan rayonuna t\u0259yinat al\u0131b.<\/p>\n<p>Leytenant Aqil M\u0259cidov 27 sentyabrda ba\u015flayan V\u0259t\u0259n m\u00fcharib\u0259si zaman\u0131 F\u00fczuli istiqam\u0259tind\u0259 ged\u0259n d\u00f6y\u00fc\u015fl\u0259rd\u0259 i\u015ftirak edib. Aqil m\u00fcharib\u0259nin ba\u015flamas\u0131ndan 10 g\u00fcn \u0259vv\u0259l ail\u0259si il\u0259 g\u00f6r\u00fc\u015fm\u0259k \u00fc\u00e7\u00fcn evin\u0259 g\u0259lib v\u0259 h\u0259r k\u0259sl\u0259 bir-bir g\u00f6r\u00fc\u015f\u0259r\u0259k halalla\u015f\u0131b. Sentyabr\u0131n 27-si m\u00fcharib\u0259 ba\u015flayan vaxt yenid\u0259n atas\u0131, anas\u0131, qarda\u015flar\u0131 v\u0259 bac\u0131lar\u0131 il\u0259 \u0259laq\u0259 saxlay\u0131b, h\u0259r \u015feyin yax\u015f\u0131 oldu\u011funu, q\u0259l\u0259b\u0259 qazanacaqlar\u0131n\u0131 b\u00f6y\u00fck f\u0259xr v\u0259 q\u00fcrur hissi il\u0259 deyib.<\/p>\n<p><img src=\"https:\/\/cdn.oxu.az\/uploads\/W1siZiIsIjIwMjEvMDQvMjIvMTIvNDgvMTEvZmY2ODUwYmQtMjQ3My00ZDQ5LWJmMzEtYjJhYmNmYjBlYTQ5L1doYXRzQXBwIEltYWdlIDIwMjEtMDQtMjIgYXQgMTEuMjkuMzUuanBlZyJdLFsicCIsImVuY29kZSIsImpwZyIsIi1xdWFsaXR5IDgwIl0sWyJwIiwidGh1bWIiLCI1OTB4NTkwXHUwMDNlIl1d?sha=9eaafbe04e23ff1d\" alt=\"\" \/><\/p>\n<p>H\u0259tta \u015f\u0259hid anas\u0131n\u0131n s\u00f6zl\u0259rin\u0259 g\u00f6r\u0259, son d\u0259f\u0259 dan\u0131\u015fark\u0259n o\u011flu ona ir\u0259li ged\u0259c\u0259kl\u0259rini deyib:<\/p>\n<p>\u201cDedi ki, ana, biz ir\u0259li gedirik. H\u0259r \u015fey ola bil\u0259r. M\u0259n\u0259 bir \u015fey olsa, a\u011flama, ba\u015f\u0131n\u0131 dik tut! T\u0259ki V\u0259t\u0259n sa\u011f olsun. M\u0259ni ba\u011f\u0131\u015fla, ana\u201d.<\/p>\n<p>V\u0259t\u0259n m\u00fcharib\u0259si ba\u015flad\u0131qdan sonra g\u00f6r\u00fcnd\u00fcy\u00fc kimi \u00e7ox q\u0131sa zaman \u0259rzind\u0259 Az\u0259rbaycan ordusu \u00e7\u0259tin h\u0259rbi tap\u015f\u0131r\u0131qlar\u0131 u\u011furla yerin\u0259 yetirdi. B\u00fct\u00fcn h\u0259rbi m\u00fct\u0259x\u0259ssisl\u0259rin d\u0259 qeyd etdiyi kimi m\u00fcharib\u0259 gedi\u015find\u0259 \u0259n \u00e7\u0259tin v\u0259zif\u0259 m\u0259hz d\u00fc\u015fm\u0259nin 1-ci m\u00fcdafi\u0259 s\u0259ddini yarmaq olub. Leytenant Aqil M\u0259cidov 28 sentyabr tarixind\u0259 F\u00fczuli rayonunun Yuxar\u0131 \u018fbd\u00fclr\u0259hmanl\u0131 k\u0259ndi istiqam\u0259tind\u0259 ged\u0259n d\u00f6y\u00fc\u015fl\u0259rd\u0259 q\u0259hr\u0259mancas\u0131na \u015f\u0259hid olub.<\/p>\n<p><img src=\"https:\/\/cdn.oxu.az\/uploads\/W1siZiIsIjIwMjEvMDQvMjIvMTIvNDgvMTEvNjliMjY2NWYtZWZlMy00OTdhLTkxNTktYWVlZGVmYjNmYWFlL1doYXRzQXBwIEltYWdlIDIwMjEtMDQtMjIgYXQgMTEuMjkuMzQgKDEpLmpwZWciXSxbInAiLCJlbmNvZGUiLCJqcGciLCItcXVhbGl0eSA4MCJdLFsicCIsInRodW1iIiwiNTkweDU5MFx1MDAzZSJdXQ?sha=2b4d6c2e829198aa\" alt=\"\" \/><\/p>\n<p>\u015e\u0259hidin d\u00f6y\u00fc\u015f yolda\u015flar\u0131 onun q\u0259hr\u0259manl\u0131\u011f\u0131ndan, v\u0259t\u0259np\u0259rv\u0259rliyind\u0259n dan\u0131\u015f\u0131b. \u015e\u0259hid leytenant Aqil M\u0259cidovun Azad adl\u0131 \u0259kiz qarda\u015f\u0131 var. Onun arzusu olub ki, qarda\u015f\u0131 il\u0259 birlikd\u0259 s\u0259ng\u0259rd\u0259 d\u00f6y\u00fc\u015fs\u00fcn. \u0130ki qarda\u015f bir-birin\u0259 \u00e7ox ba\u011fl\u0131 idi. Hara gets\u0259l\u0259r, bir yerd\u0259 ged\u0259r, bir-birin\u0259 arxa-dayaq olard\u0131lar. Aqil arzusuna \u00e7atd\u0131. V\u0259t\u0259n u\u011frunda qarda\u015f\u0131 il\u0259 birlikd\u0259 m\u00fcbariz\u0259 apard\u0131.<\/p>\n<p>Aqil M\u0259cidov \u015f\u0259hid olark\u0259n qarda\u015f\u0131 Azad da h\u0259min istiqam\u0259td\u0259 d\u00f6y\u00fc\u015fl\u0259rd\u0259 olub.<\/p>\n","protected":false},"excerpt":{"rendered":"<p>44 g\u00fcnl\u00fck V\u0259t\u0259n m\u00fcharib\u0259si zaman\u0131 F\u00fczuli istiqam\u0259tind\u0259 ged\u0259n d\u00f6y\u00fc\u015fl\u0259rd\u0259 d\u00fc\u015fm\u0259n\u0259 a\u011f\u0131r z\u0259rb\u0259l\u0259r vuraraq onlar\u0131 geri \u00e7\u0259kilm\u0259y\u0259 m\u0259cbur ed\u0259n Az\u0259rbaycan Ordusunun h\u0259rb\u00e7il\u0259ri s\u0131ras\u0131nda \u015f\u0259hid leytenant 23 ya\u015fl\u0131 Aqil M\u0259cidov da olub. ARANTV.AZ x\u0259b\u0259r verir ki, \u015f\u0259hid leytenant M\u0259cidov Aqil Ayd\u0131n o\u011flu 3 aprel 1998-ci ild\u0259 Tovuz rayonunda anadan olub. 2006-c\u0131 ild\u0259 Tovuz rayon N\u0259sr\u0259ddin Tusi ad\u0131na T\u0259bi\u0259t v\u0259 Texniki f\u0259nl\u0259r t\u0259may\u00fcll\u00fc liseyin 1-ci sinfin\u0259 daxil olub. 2011-ci ild\u0259n A.S.Pu\u015fkin ad\u0131na orta m\u0259kt\u0259bd\u0259 t\u0259hsilini davam etdirib. M\u0259kt\u0259bi bitirdikd\u0259n sonra arzusunda oldu\u011fu Heyd\u0259r \u018fliyev ad\u0131na Az\u0259rbaycan Ali H\u0259rbi M\u0259kt\u0259bin\u0259 daxil olub. 2020-ci ild\u0259&hellip;<\/p>\n","protected":false},"author":2,"featured_media":328806,"comment_status":"closed","ping_status":"closed","sticky":false,"template":"","format":"standard","meta":{"om_disable_all_campaigns":false,"_monsterinsights_skip_tracking":false,"_monsterinsights_sitenote_active":false,"_monsterinsights_sitenote_note":"","_monsterinsights_sitenote_category":0},"categories":[26],"tags":[],"aioseo_notices":[],"gutentor_comment":0,"rttpg_featured_image_url":{"full":["https:\/\/arantv.az\/wp-content\/uploads\/2021\/04\/FotoJet-36.jpg",620,412,false],"landscape":["https:\/\/arantv.az\/wp-content\/uploads\/2021\/04\/FotoJet-36.jpg",620,412,false],"portraits":["https:\/\/arantv.az\/wp-content\/uploads\/2021\/04\/FotoJet-36.jpg",620,412,false],"thumbnail":["https:\/\/arantv.az\/wp-content\/uploads\/2021\/04\/FotoJet-36-500x280.jpg",500,280,true],"medium":["https:\/\/arantv.az\/wp-content\/uploads\/2021\/04\/FotoJet-36-549x365.jpg",549,365,true],"large":["https:\/\/arantv.az\/wp-content\/uploads\/2021\/04\/FotoJet-36.jpg",620,412,false],"1536x1536":["https:\/\/arantv.az\/wp-content\/uploads\/2021\/04\/FotoJet-36.jpg",620,412,false],"2048x2048":["https:\/\/arantv.az\/wp-content\/uploads\/2021\/04\/FotoJet-36.jpg",620,412,false],"post-thumbnail":["https:\/\/arantv.az\/wp-content\/uploads\/2021\/04\/FotoJet-36-240x172.jpg",240,172,true],"advps-thumb-one":["https:\/\/arantv.az\/wp-content\/uploads\/2021\/04\/FotoJet-36.jpg",620,412,false]},"rttpg_author":{"display_name":"V\u00fcsal Rafiqo\u011flu","author_link":"https:\/\/arantv.az\/?author=2"},"rttpg_comment":0,"rttpg_category":"<a href=\"https:\/\/arantv.az\/?cat=26\" rel=\"category\">Sosial<\/a>","rttpg_excerpt":"44 g\u00fcnl\u00fck V\u0259t\u0259n m\u00fcharib\u0259si zaman\u0131 F\u00fczuli istiqam\u0259tind\u0259 ged\u0259n d\u00f6y\u00fc\u015fl\u0259rd\u0259 d\u00fc\u015fm\u0259n\u0259 a\u011f\u0131r z\u0259rb\u0259l\u0259r vuraraq onlar\u0131 geri \u00e7\u0259kilm\u0259y\u0259 m\u0259cbur ed\u0259n Az\u0259rbaycan Ordusunun h\u0259rb\u00e7il\u0259ri s\u0131ras\u0131nda \u015f\u0259hid leytenant 23 ya\u015fl\u0131 Aqil M\u0259cidov da olub. ARANTV.AZ x\u0259b\u0259r verir ki, \u015f\u0259hid leytenant M\u0259cidov Aqil Ayd\u0131n o\u011flu 3 aprel 1998-ci ild\u0259 Tovuz rayonunda anadan olub. 2006-c\u0131 ild\u0259 Tovuz rayon N\u0259sr\u0259ddin Tusi ad\u0131na&hellip;","_links":{"self":[{"href":"https:\/\/arantv.az\/index.php?rest_route=\/wp\/v2\/posts\/328805"}],"collection":[{"href":"https:\/\/arantv.az\/index.php?rest_route=\/wp\/v2\/posts"}],"about":[{"href":"https:\/\/arantv.az\/index.php?rest_route=\/wp\/v2\/types\/post"}],"author":[{"embeddable":true,"href":"https:\/\/arantv.az\/index.php?rest_route=\/wp\/v2\/users\/2"}],"replies":[{"embeddable":true,"href":"https:\/\/arantv.az\/index.php?rest_route=%2Fwp%2Fv2%2Fcomments&post=328805"}],"version-history":[{"count":0,"href":"https:\/\/arantv.az\/index.php?rest_route=\/wp\/v2\/posts\/328805\/revisions"}],"wp:featuredmedia":[{"embeddable":true,"href":"https:\/\/arantv.az\/index.php?rest_route=\/wp\/v2\/media\/328806"}],"wp:attachment":[{"href":"https:\/\/arantv.az\/index.php?rest_route=%2Fwp%2Fv2%2Fmedia&parent=328805"}],"wp:term":[{"taxonomy":"category","embeddable":true,"href":"https:\/\/arantv.az\/index.php?rest_route=%2Fwp%2Fv2%2Fcategories&post=328805"},{"taxonomy":"post_tag","embeddable":true,"href":"https:\/\/arantv.az\/index.php?rest_route=%2Fwp%2Fv2%2Ftags&post=328805"}],"curies":[{"name":"wp","href":"https:\/\/api.w.org\/{rel}","templated":true}]}}