{"id":328936,"date":"2021-04-22T15:04:04","date_gmt":"2021-04-22T12:04:04","guid":{"rendered":"https:\/\/arantv.az\/?p=328936"},"modified":"2021-04-22T15:04:04","modified_gmt":"2021-04-22T12:04:04","slug":"agdam-tamamil%c9%99-dagidilaraq-dem%c9%99k-olar-ki-x%c9%99rit%c9%99d%c9%99n-silinib-fransali-huquqsunas","status":"publish","type":"post","link":"https:\/\/arantv.az\/?p=328936","title":{"rendered":"A\u011fdam tamamil\u0259 da\u011f\u0131d\u0131laraq, dem\u0259k olar ki, x\u0259rit\u0259d\u0259n silinib &#8211; Fransal\u0131 h\u00fcquq\u015f\u00fcnas"},"content":{"rendered":"<blockquote><p><strong>A\u011fdam tamamil\u0259 da\u011f\u0131d\u0131laraq, dem\u0259k olar ki, x\u0259rit\u0259d\u0259n silinib.<\/strong><\/p><\/blockquote>\n<p><strong>ARANTV.AZ\u00a0<\/strong> bildirir ki, bunu <a href=\"https:\/\/az.trend.az\/\" target=\"_blank\" rel=\"noopener\">Trend<\/a>-\u0259\u00a0fransal\u0131 h\u00fcquq\u015f\u00fcnas\u00a0<strong>Eliz Arfi<\/strong>\u00a0A\u011fdama s\u0259f\u0259ri zaman\u0131 deyib.<\/p>\n<p>Onun s\u00f6zl\u0259rin\u0259 g\u00f6r\u0259, bura g\u0259lm\u0259k \u00fc\u00e7\u00fcn Az\u0259rbaycan\u0131n Parisd\u0259ki S\u0259firliyi t\u0259r\u0259find\u0259n d\u0259v\u0259t al\u0131blar: &#8220;Biz Fransan\u0131n v\u0259kill\u0259riyik. Bizim burada olma\u011f\u0131m\u0131z\u0131n \u0259sas m\u0259qs\u0259di Avropa m\u0259tbuat\u0131nda yaz\u0131lanlardan ba\u015fqa, buradak\u0131 v\u0259ziyy\u0259ti \u00f6z g\u00f6z\u00fcm\u00fczl\u0259 g\u00f6rm\u0259kd\u0259n ibar\u0259tdir. Buradak\u0131lar\u0131 g\u00f6rm\u0259k h\u0259qiq\u0259t\u0259n \u00e7ox \u00e7\u0259tindir. M\u0259hz buna g\u00f6r\u0259dir ki, bizim bu \u0259razil\u0259r\u0259 g\u0259l\u0259r\u0259k haz\u0131rk\u0131 v\u0259ziyy\u0259tl\u0259 tan\u0131\u015f olma\u011f\u0131m\u0131z, m\u00fcharib\u0259nin n\u0259 d\u0259r\u0259c\u0259d\u0259 apar\u0131ld\u0131\u011f\u0131n\u0131, n\u0259tic\u0259l\u0259rini, hans\u0131 h\u00fcquq pozuntular\u0131na yol verildiyini \u015f\u0259xs\u0259n g\u00f6rm\u0259yimiz bax\u0131m\u0131ndan \u00e7ox m\u00fch\u00fcm \u0259h\u0259miyy\u0259t k\u0259sb edir. Sizin d\u0259 g\u00f6rd\u00fcy\u00fcn\u00fcz kimi, dey\u0259 bil\u0259rik ki, \u015f\u0259h\u0259r t\u0259mamil\u0259 da\u011f\u0131d\u0131laraq, dem\u0259k olar ki, x\u0259rit\u0259d\u0259n silinib.<\/p>\n<p>Fransan\u0131n Qaraba\u011fla ba\u011fl\u0131 m\u00f6vqeyin\u0259 g\u0259ldikd\u0259, h\u00fcquq\u015f\u00fcnas deyib: &#8220;Bu, bir az inc\u0259 m\u0259s\u0259l\u0259dir, \u00e7\u00fcnki bildiyiniz kimi, Fransada \u0259sl\u0259n erm\u0259ni olan b\u00f6y\u00fck bir k\u00fctl\u0259 ya\u015fay\u0131r. Bizim d\u0259 buraya g\u0259lm\u0259yimizd\u0259 \u0259sas amal\u0131m\u0131z bax\u0131\u015flarda v\u0259 yaranm\u0131\u015f fikirl\u0259rd\u0259 bir tarazl\u0131q yaratmaqdan ibar\u0259tdir&#8221;.<\/p>\n","protected":false},"excerpt":{"rendered":"<p>A\u011fdam tamamil\u0259 da\u011f\u0131d\u0131laraq, dem\u0259k olar ki, x\u0259rit\u0259d\u0259n silinib. ARANTV.AZ\u00a0 bildirir ki, bunu Trend-\u0259\u00a0fransal\u0131 h\u00fcquq\u015f\u00fcnas\u00a0Eliz Arfi\u00a0A\u011fdama s\u0259f\u0259ri zaman\u0131 deyib. Onun s\u00f6zl\u0259rin\u0259 g\u00f6r\u0259, bura g\u0259lm\u0259k \u00fc\u00e7\u00fcn Az\u0259rbaycan\u0131n Parisd\u0259ki S\u0259firliyi t\u0259r\u0259find\u0259n d\u0259v\u0259t al\u0131blar: &#8220;Biz Fransan\u0131n v\u0259kill\u0259riyik. Bizim burada olma\u011f\u0131m\u0131z\u0131n \u0259sas m\u0259qs\u0259di Avropa m\u0259tbuat\u0131nda yaz\u0131lanlardan ba\u015fqa, buradak\u0131 v\u0259ziyy\u0259ti \u00f6z g\u00f6z\u00fcm\u00fczl\u0259 g\u00f6rm\u0259kd\u0259n ibar\u0259tdir. Buradak\u0131lar\u0131 g\u00f6rm\u0259k h\u0259qiq\u0259t\u0259n \u00e7ox \u00e7\u0259tindir. M\u0259hz buna g\u00f6r\u0259dir ki, bizim bu \u0259razil\u0259r\u0259 g\u0259l\u0259r\u0259k haz\u0131rk\u0131 v\u0259ziyy\u0259tl\u0259 tan\u0131\u015f olma\u011f\u0131m\u0131z, m\u00fcharib\u0259nin n\u0259 d\u0259r\u0259c\u0259d\u0259 apar\u0131ld\u0131\u011f\u0131n\u0131, n\u0259tic\u0259l\u0259rini, hans\u0131 h\u00fcquq pozuntular\u0131na yol verildiyini \u015f\u0259xs\u0259n g\u00f6rm\u0259yimiz bax\u0131m\u0131ndan \u00e7ox m\u00fch\u00fcm \u0259h\u0259miyy\u0259t k\u0259sb edir. Sizin d\u0259 g\u00f6rd\u00fcy\u00fcn\u00fcz kimi, dey\u0259 bil\u0259rik ki,&hellip;<\/p>\n","protected":false},"author":2,"featured_media":328937,"comment_status":"closed","ping_status":"closed","sticky":false,"template":"","format":"standard","meta":{"om_disable_all_campaigns":false,"_monsterinsights_skip_tracking":false,"_monsterinsights_sitenote_active":false,"_monsterinsights_sitenote_note":"","_monsterinsights_sitenote_category":0},"categories":[4],"tags":[],"aioseo_notices":[],"gutentor_comment":0,"rttpg_featured_image_url":{"full":["https:\/\/arantv.az\/wp-content\/uploads\/2021\/04\/942125.jpg",929,608,false],"landscape":["https:\/\/arantv.az\/wp-content\/uploads\/2021\/04\/942125.jpg",929,608,false],"portraits":["https:\/\/arantv.az\/wp-content\/uploads\/2021\/04\/942125.jpg",929,608,false],"thumbnail":["https:\/\/arantv.az\/wp-content\/uploads\/2021\/04\/942125-500x280.jpg",500,280,true],"medium":["https:\/\/arantv.az\/wp-content\/uploads\/2021\/04\/942125-558x365.jpg",558,365,true],"large":["https:\/\/arantv.az\/wp-content\/uploads\/2021\/04\/942125-840x550.jpg",640,419,true],"1536x1536":["https:\/\/arantv.az\/wp-content\/uploads\/2021\/04\/942125.jpg",929,608,false],"2048x2048":["https:\/\/arantv.az\/wp-content\/uploads\/2021\/04\/942125.jpg",929,608,false],"post-thumbnail":["https:\/\/arantv.az\/wp-content\/uploads\/2021\/04\/942125-240x172.jpg",240,172,true],"advps-thumb-one":["https:\/\/arantv.az\/wp-content\/uploads\/2021\/04\/942125.jpg",929,608,false]},"rttpg_author":{"display_name":"V\u00fcsal Rafiqo\u011flu","author_link":"https:\/\/arantv.az\/?author=2"},"rttpg_comment":0,"rttpg_category":"<a href=\"https:\/\/arantv.az\/?cat=4\" rel=\"category\">Siyas\u0259t<\/a>","rttpg_excerpt":"A\u011fdam tamamil\u0259 da\u011f\u0131d\u0131laraq, dem\u0259k olar ki, x\u0259rit\u0259d\u0259n silinib. ARANTV.AZ\u00a0 bildirir ki, bunu Trend-\u0259\u00a0fransal\u0131 h\u00fcquq\u015f\u00fcnas\u00a0Eliz Arfi\u00a0A\u011fdama s\u0259f\u0259ri zaman\u0131 deyib. Onun s\u00f6zl\u0259rin\u0259 g\u00f6r\u0259, bura g\u0259lm\u0259k \u00fc\u00e7\u00fcn Az\u0259rbaycan\u0131n Parisd\u0259ki S\u0259firliyi t\u0259r\u0259find\u0259n d\u0259v\u0259t al\u0131blar: &#8220;Biz Fransan\u0131n v\u0259kill\u0259riyik. Bizim burada olma\u011f\u0131m\u0131z\u0131n \u0259sas m\u0259qs\u0259di Avropa m\u0259tbuat\u0131nda yaz\u0131lanlardan ba\u015fqa, buradak\u0131 v\u0259ziyy\u0259ti \u00f6z g\u00f6z\u00fcm\u00fczl\u0259 g\u00f6rm\u0259kd\u0259n ibar\u0259tdir. Buradak\u0131lar\u0131 g\u00f6rm\u0259k h\u0259qiq\u0259t\u0259n \u00e7ox \u00e7\u0259tindir. M\u0259hz buna&hellip;","_links":{"self":[{"href":"https:\/\/arantv.az\/index.php?rest_route=\/wp\/v2\/posts\/328936"}],"collection":[{"href":"https:\/\/arantv.az\/index.php?rest_route=\/wp\/v2\/posts"}],"about":[{"href":"https:\/\/arantv.az\/index.php?rest_route=\/wp\/v2\/types\/post"}],"author":[{"embeddable":true,"href":"https:\/\/arantv.az\/index.php?rest_route=\/wp\/v2\/users\/2"}],"replies":[{"embeddable":true,"href":"https:\/\/arantv.az\/index.php?rest_route=%2Fwp%2Fv2%2Fcomments&post=328936"}],"version-history":[{"count":0,"href":"https:\/\/arantv.az\/index.php?rest_route=\/wp\/v2\/posts\/328936\/revisions"}],"wp:featuredmedia":[{"embeddable":true,"href":"https:\/\/arantv.az\/index.php?rest_route=\/wp\/v2\/media\/328937"}],"wp:attachment":[{"href":"https:\/\/arantv.az\/index.php?rest_route=%2Fwp%2Fv2%2Fmedia&parent=328936"}],"wp:term":[{"taxonomy":"category","embeddable":true,"href":"https:\/\/arantv.az\/index.php?rest_route=%2Fwp%2Fv2%2Fcategories&post=328936"},{"taxonomy":"post_tag","embeddable":true,"href":"https:\/\/arantv.az\/index.php?rest_route=%2Fwp%2Fv2%2Ftags&post=328936"}],"curies":[{"name":"wp","href":"https:\/\/api.w.org\/{rel}","templated":true}]}}