{"id":328939,"date":"2021-04-22T15:06:31","date_gmt":"2021-04-22T12:06:31","guid":{"rendered":"https:\/\/arantv.az\/?p=328939"},"modified":"2021-04-22T15:06:31","modified_gmt":"2021-04-22T12:06:31","slug":"allahverdi-bagirovun-q%c9%99brind%c9%99-kim-d%c9%99fn-edilib-video","status":"publish","type":"post","link":"https:\/\/arantv.az\/?p=328939","title":{"rendered":"Allahverdi Ba\u011f\u0131rovun q\u0259brind\u0259 kim d\u0259fn edilib? &#8211; Video"},"content":{"rendered":"<p><strong>Bu g\u00fcn Az\u0259rbaycan\u0131n Milli Q\u0259hr\u0259man\u0131 Allahverdi Ba\u011f\u0131rovun do\u011fum g\u00fcn\u00fcd\u00fcr.<\/strong><\/p>\n<p><strong>ARANTV.AZ<\/strong> xat\u0131rlad\u0131r ki, o, 1946-c\u0131 il aprelin 22-d\u0259 A\u011fdamda anadan olub. Yeddi q\u0131z \u00f6vlad\u0131ndan sonra d\u00fcnyaya g\u0259ldiyi \u00fc\u00e7\u00fcn ail\u0259si onu Allah\u0131n pay\u0131 san\u0131b, ad\u0131n\u0131 Allahverdi qoyub.<\/p>\n<p>A.Ba\u011f\u0131rov orta t\u0259hsilini A\u011fdam \u015f\u0259h\u0259r 1 sayl\u0131 m\u0259kt\u0259bd\u0259 al\u0131b. Ki\u00e7ik ya\u015flar\u0131ndan idmana, x\u00fcsus\u0259n d\u0259 futbola, y\u00fcng\u00fcl atletika v\u0259 voleybola b\u00f6y\u00fck h\u0259v\u0259si olub. Bir m\u00fcdd\u0259t A\u011fdam\u0131n \u201cQaraba\u011f\u201d futbol klubunun hey\u0259tind\u0259 \u00e7\u0131x\u0131\u015f edib.<\/p>\n<p>1988-ci ild\u0259 A\u011fdamda ilk m\u00fcdafi\u0259 d\u0259st\u0259l\u0259rinin formala\u015fmas\u0131nda Allahverdi Ba\u011f\u0131rovun b\u00f6y\u00fck rolu olub. O, A\u011fdam \u0259halisi t\u0259r\u0259find\u0259n g\u00f6st\u0259ril\u0259n maddi yard\u0131m v\u0259 \u00f6z \u015f\u0259xsi v\u0259saiti il\u0259 Qaraba\u011f k\u0259ndl\u0259rind\u0259 yarad\u0131lm\u0131\u015f ki\u00e7ik \u00f6z\u00fcn\u00fcm\u00fcdafi\u0259 d\u0259st\u0259l\u0259rin\u0259 yax\u0131ndan k\u00f6m\u0259klik edib. A\u011fdam rayonu \u0259razisind\u0259 ged\u0259n d\u00f6y\u00fc\u015fl\u0259rd\u0259 m\u0259rdlikl\u0259 vuru\u015fub. M\u00fcst\u0259qil Az\u0259rbaycan\u0131n bayra\u011f\u0131n\u0131 ilk d\u0259f\u0259 A\u011fdama Allahverdi Ba\u011f\u0131rov sanc\u0131b.<\/p>\n<p>1992-ci ilin yanvar\u0131nda Allahverdi Ba\u011f\u0131rovun komandirlik etdiyi tabor Nax\u00e7\u0131vanik k\u0259ndind\u0259 i\u015f\u011fal\u00e7\u0131lar\u0131n b\u00fct\u00fcn canl\u0131 q\u00fcvv\u0259si v\u0259 texnikas\u0131n\u0131 darmada\u011f\u0131n edib, 150 d\u00f6y\u00fc\u015f\u00e7\u00fc il\u0259 \u018fsg\u0259ran qalas\u0131na q\u0259d\u0259r ir\u0259lil\u0259yib, Pircamal k\u0259ndind\u0259ki b\u00fct\u00fcn y\u00fcks\u0259klikl\u0259ri tutub. Allahverdi Ba\u011f\u0131rov v\u0259 d\u00f6y\u00fc\u015f\u00e7\u00fcl\u0259ri c\u0259mi iki saata \u0259m\u0259liyyat\u0131 icra edib v\u0259 Erm\u0259nistan bayraqlar\u0131n\u0131 Az\u0259rbaycan bayraqlar\u0131 il\u0259 \u0259v\u0259z edib. Bu \u0259m\u0259liyyata g\u00f6r\u0259 Allahverdi Ba\u011f\u0131rov \u201cGeneral M\u0259h\u0259mm\u0259d \u018fs\u0259dov\u201d m\u00fckafat\u0131na layiq g\u00f6r\u00fcl\u00fcb.<\/p>\n<p>Allahverdi Ba\u011f\u0131rovun \u0259n b\u00f6y\u00fck h\u0259rbi u\u011furu 1992-ci ilin iyununda Aranz\u0259min d\u00f6y\u00fc\u015f\u00fcnd\u0259 olub. H\u0259min d\u00f6y\u00fc\u015fl\u0259rd\u0259 onun d\u0259st\u0259si 100 erm\u0259ni \u0259sg\u0259rini m\u0259hv edib v\u0259 onunu \u0259sir g\u00f6t\u00fcr\u00fcb.<\/p>\n<p>Xocal\u0131 soyq\u0131r\u0131m\u0131 zaman\u0131 h\u0259lak olanlar\u0131n meyitl\u0259rinin d\u00f6y\u00fc\u015f meydan\u0131ndan \u00e7\u0131xar\u0131lmas\u0131nda v\u0259 az\u0259rbaycanl\u0131 \u0259sirl\u0259rin erm\u0259ni \u0259sirl\u0259r il\u0259 d\u0259yi\u015fdiril\u0259r\u0259k azad edilm\u0259sind\u0259 onun b\u00f6y\u00fck xidm\u0259ti olub. A.Ba\u011f\u0131rov erm\u0259ni polkovnik Vitali Balasyanla \u0259laq\u0259 saxlayaraq, \u00fc\u00e7 g\u00fcn \u0259rzind\u0259 1003 Xocal\u0131 \u0259sirini erm\u0259nil\u0259rin \u0259lind\u0259n xilas edib.<\/p>\n<p>S\u0259kkiz g\u00fcnl\u00fck erm\u0259ni \u0259sirliyind\u0259 i\u015fg\u0259nc\u0259l\u0259r\u0259 m\u0259ruz qalan H\u00fcseyna\u011fa Ayd\u0131n o\u011flu Quliyevin dan\u0131\u015fd\u0131qlar\u0131 Allahverdi Ba\u011f\u0131rovun nec\u0259 b\u00f6y\u00fck \u015f\u0259xsiyy\u0259t oldu\u011funu ayd\u0131n g\u00f6st\u0259rir:<\/p>\n<p>\u201cM\u0259ni \u0259sirlikd\u0259n qurtarmaq \u00fc\u00e7\u00fcn A\u011fdam d\u00f6y\u00fc\u015fl\u0259rind\u0259 \u0259sir d\u00fc\u015fm\u00fc\u015f Suriyadan olan erm\u0259ni il\u0259 d\u0259yi\u015fm\u0259li idil\u0259r. Bel\u0259 d\u0259 oldu. Erm\u0259nil\u0259r Milli Q\u0259hr\u0259man Allahverdi Ba\u011f\u0131rova pul t\u0259klif etmi\u015fdi ki, h\u0259min Suriya erm\u0259nisini qaytars\u0131n. Amma yeri behi\u015ft olsun, r\u0259hm\u0259tlik Allahverdi ki\u015filik g\u00f6st\u0259rib erm\u0259nini pula deyil, m\u0259n\u0259 d\u0259yi\u015fdi. Anam\u0131 da buraxm\u0131\u015fd\u0131lar\u201d.<\/p>\n<p>\u015eair X\u0259lil Rza Ulut\u00fcrk\u00fcn o\u011flu T\u0259briz X\u0259lilb\u0259ylinin, Milli Q\u0259hr\u0259man \u018flif Hac\u0131yevin n\u0259\u015fini erm\u0259nil\u0259rd\u0259n Allahverdi Ba\u011f\u0131rov alm\u0131\u015fd\u0131. O, \u018flif Hac\u0131yevin n\u0259\u015fini geri almaq \u00fc\u00e7\u00fcn 10-dan \u00e7ox erm\u0259ni \u0259sir vermi\u015fdi ki, d\u00fc\u015fm\u0259n b\u00f6y\u00fck q\u0259hr\u0259man \u018flif Hac\u0131yevin meyitini yand\u0131rmas\u0131n.<\/p>\n<p>H\u0259m\u00e7inin \u00c7ingiz Mustafayevin Xocal\u0131da \u00e7\u0259kili\u015f aparmas\u0131 i\u015fini d\u0259 Allahverdi Ba\u011f\u0131rov t\u0259\u015fkil edib.<\/p>\n<p>B\u00f6y\u00fck q\u0259hr\u0259man Allahverdi Ba\u011f\u0131rovun oldu\u011fu ma\u015f\u0131n 1992-ci il iyunun 12-d\u0259 Nax\u00e7\u0131vanikd\u0259n geri qay\u0131dark\u0259n minaya d\u00fc\u015f\u00fcb. Ma\u015f\u0131nda olan dig\u0259r \u00fc\u00e7 n\u0259f\u0259r sa\u011f qalsa da, Allahverdi Ba\u011f\u0131rov s\u00fcr\u00fcc\u00fcs\u00fc v\u0259 Nizami adl\u0131 h\u0259kiml\u0259 birlikd\u0259 \u015f\u0259hid olub.<\/p>\n<p>Onun \u00fc\u00e7\u00fcn Bak\u0131dak\u0131 \u015e\u0259hidl\u0259r Xiyaban\u0131nda q\u0259bir qaz\u0131lsa da, qarda\u015f\u0131 Eldar Ba\u011f\u0131rovun yan\u0131nda \u2014 A\u011fdam rayon \u015e\u0259hidl\u0259r Xiyaban\u0131nda torpa\u011fa tap\u015f\u0131r\u0131l\u0131b. Allahverdi Ba\u011f\u0131rov \u00fc\u00e7\u00fcn qaz\u0131lan q\u0259bird\u0259 is\u0259 ondan bir ne\u00e7\u0259 g\u00fcn sonra \u015f\u0259hid olan Milli Q\u0259hr\u0259man \u00c7ingiz Mustafayev d\u0259fn edilib.<\/p>\n<p><iframe loading=\"lazy\" title=\"YouTube video player\" src=\"https:\/\/www.youtube.com\/embed\/lLOioc1U3WY\" width=\"650\" height=\"415\" frameborder=\"0\" scrolling=\"no\" allowfullscreen=\"allowfullscreen\" data-mce-fragment=\"1\"><\/iframe><\/p>\n<p>Axar.az<\/p>\n","protected":false},"excerpt":{"rendered":"<p>Bu g\u00fcn Az\u0259rbaycan\u0131n Milli Q\u0259hr\u0259man\u0131 Allahverdi Ba\u011f\u0131rovun do\u011fum g\u00fcn\u00fcd\u00fcr. ARANTV.AZ xat\u0131rlad\u0131r ki, o, 1946-c\u0131 il aprelin 22-d\u0259 A\u011fdamda anadan olub. Yeddi q\u0131z \u00f6vlad\u0131ndan sonra d\u00fcnyaya g\u0259ldiyi \u00fc\u00e7\u00fcn ail\u0259si onu Allah\u0131n pay\u0131 san\u0131b, ad\u0131n\u0131 Allahverdi qoyub. A.Ba\u011f\u0131rov orta t\u0259hsilini A\u011fdam \u015f\u0259h\u0259r 1 sayl\u0131 m\u0259kt\u0259bd\u0259 al\u0131b. Ki\u00e7ik ya\u015flar\u0131ndan idmana, x\u00fcsus\u0259n d\u0259 futbola, y\u00fcng\u00fcl atletika v\u0259 voleybola b\u00f6y\u00fck h\u0259v\u0259si olub. Bir m\u00fcdd\u0259t A\u011fdam\u0131n \u201cQaraba\u011f\u201d futbol klubunun hey\u0259tind\u0259 \u00e7\u0131x\u0131\u015f edib. 1988-ci ild\u0259 A\u011fdamda ilk m\u00fcdafi\u0259 d\u0259st\u0259l\u0259rinin formala\u015fmas\u0131nda Allahverdi Ba\u011f\u0131rovun b\u00f6y\u00fck rolu olub. O, A\u011fdam \u0259halisi t\u0259r\u0259find\u0259n g\u00f6st\u0259ril\u0259n maddi yard\u0131m v\u0259 \u00f6z \u015f\u0259xsi v\u0259saiti il\u0259&hellip;<\/p>\n","protected":false},"author":2,"featured_media":328940,"comment_status":"closed","ping_status":"closed","sticky":false,"template":"","format":"standard","meta":{"om_disable_all_campaigns":false,"_monsterinsights_skip_tracking":false,"_monsterinsights_sitenote_active":false,"_monsterinsights_sitenote_note":"","_monsterinsights_sitenote_category":0},"categories":[19],"tags":[],"aioseo_notices":[],"gutentor_comment":0,"rttpg_featured_image_url":{"full":["https:\/\/arantv.az\/wp-content\/uploads\/2021\/04\/allahverdi-bagirov.jpg",768,457,false],"landscape":["https:\/\/arantv.az\/wp-content\/uploads\/2021\/04\/allahverdi-bagirov.jpg",768,457,false],"portraits":["https:\/\/arantv.az\/wp-content\/uploads\/2021\/04\/allahverdi-bagirov.jpg",768,457,false],"thumbnail":["https:\/\/arantv.az\/wp-content\/uploads\/2021\/04\/allahverdi-bagirov-500x280.jpg",500,280,true],"medium":["https:\/\/arantv.az\/wp-content\/uploads\/2021\/04\/allahverdi-bagirov-613x365.jpg",613,365,true],"large":["https:\/\/arantv.az\/wp-content\/uploads\/2021\/04\/allahverdi-bagirov.jpg",640,381,false],"1536x1536":["https:\/\/arantv.az\/wp-content\/uploads\/2021\/04\/allahverdi-bagirov.jpg",768,457,false],"2048x2048":["https:\/\/arantv.az\/wp-content\/uploads\/2021\/04\/allahverdi-bagirov.jpg",768,457,false],"post-thumbnail":["https:\/\/arantv.az\/wp-content\/uploads\/2021\/04\/allahverdi-bagirov-240x172.jpg",240,172,true],"advps-thumb-one":["https:\/\/arantv.az\/wp-content\/uploads\/2021\/04\/allahverdi-bagirov.jpg",768,457,false]},"rttpg_author":{"display_name":"V\u00fcsal Rafiqo\u011flu","author_link":"https:\/\/arantv.az\/?author=2"},"rttpg_comment":0,"rttpg_category":"<a href=\"https:\/\/arantv.az\/?cat=19\" rel=\"category\">G\u00fcnd\u0259m<\/a>","rttpg_excerpt":"Bu g\u00fcn Az\u0259rbaycan\u0131n Milli Q\u0259hr\u0259man\u0131 Allahverdi Ba\u011f\u0131rovun do\u011fum g\u00fcn\u00fcd\u00fcr. ARANTV.AZ xat\u0131rlad\u0131r ki, o, 1946-c\u0131 il aprelin 22-d\u0259 A\u011fdamda anadan olub. Yeddi q\u0131z \u00f6vlad\u0131ndan sonra d\u00fcnyaya g\u0259ldiyi \u00fc\u00e7\u00fcn ail\u0259si onu Allah\u0131n pay\u0131 san\u0131b, ad\u0131n\u0131 Allahverdi qoyub. A.Ba\u011f\u0131rov orta t\u0259hsilini A\u011fdam \u015f\u0259h\u0259r 1 sayl\u0131 m\u0259kt\u0259bd\u0259 al\u0131b. Ki\u00e7ik ya\u015flar\u0131ndan idmana, x\u00fcsus\u0259n d\u0259 futbola, y\u00fcng\u00fcl atletika v\u0259 voleybola b\u00f6y\u00fck&hellip;","_links":{"self":[{"href":"https:\/\/arantv.az\/index.php?rest_route=\/wp\/v2\/posts\/328939"}],"collection":[{"href":"https:\/\/arantv.az\/index.php?rest_route=\/wp\/v2\/posts"}],"about":[{"href":"https:\/\/arantv.az\/index.php?rest_route=\/wp\/v2\/types\/post"}],"author":[{"embeddable":true,"href":"https:\/\/arantv.az\/index.php?rest_route=\/wp\/v2\/users\/2"}],"replies":[{"embeddable":true,"href":"https:\/\/arantv.az\/index.php?rest_route=%2Fwp%2Fv2%2Fcomments&post=328939"}],"version-history":[{"count":0,"href":"https:\/\/arantv.az\/index.php?rest_route=\/wp\/v2\/posts\/328939\/revisions"}],"wp:featuredmedia":[{"embeddable":true,"href":"https:\/\/arantv.az\/index.php?rest_route=\/wp\/v2\/media\/328940"}],"wp:attachment":[{"href":"https:\/\/arantv.az\/index.php?rest_route=%2Fwp%2Fv2%2Fmedia&parent=328939"}],"wp:term":[{"taxonomy":"category","embeddable":true,"href":"https:\/\/arantv.az\/index.php?rest_route=%2Fwp%2Fv2%2Fcategories&post=328939"},{"taxonomy":"post_tag","embeddable":true,"href":"https:\/\/arantv.az\/index.php?rest_route=%2Fwp%2Fv2%2Ftags&post=328939"}],"curies":[{"name":"wp","href":"https:\/\/api.w.org\/{rel}","templated":true}]}}