{"id":328948,"date":"2021-04-22T15:16:38","date_gmt":"2021-04-22T12:16:38","guid":{"rendered":"https:\/\/arantv.az\/?p=328948"},"modified":"2021-04-22T15:16:38","modified_gmt":"2021-04-22T12:16:38","slug":"agdamda-tarixi-abid%c9%99l%c9%99rin-vandalizm%c9%99-m%c9%99ruz-qaldigini-gorduk-yasin-yakuti","status":"publish","type":"post","link":"https:\/\/arantv.az\/?p=328948","title":{"rendered":"A\u011fdamda tarixi abid\u0259l\u0259rin vandalizm\u0259 m\u0259ruz qald\u0131\u011f\u0131n\u0131 g\u00f6rd\u00fck &#8211; Yasin Yakuti"},"content":{"rendered":"<p>A\u011fdamda oldu\u011fumuz zaman Az\u0259rbaycan torpaqlar\u0131nda da\u011f\u0131nt\u0131lar t\u00f6r\u0259dildiyini, tarixi abid\u0259l\u0259rin, m\u0259s\u0259l\u0259n, m\u0259scidin vandalizm\u0259 m\u0259ruz qald\u0131\u011f\u0131n\u0131 g\u00f6rd\u00fck. Az\u0259rbaycan beyn\u0259lxalq h\u00fcquq \u00e7\u0259r\u00e7iv\u0259sind\u0259 ona m\u0259xsus olan torpaqlar\u0131n\u0131 geri qaytar\u0131b. Biz v\u0259kilik v\u0259 bizim \u00fc\u00e7\u00fcn \u0259sas m\u0259s\u0259l\u0259 beyn\u0259lxalq h\u00fcququn b\u0259rq\u0259rar olmas\u0131d\u0131r.<\/p>\n<p><strong>ARANTV.AZ<\/strong>\u00a0 <a href=\"https:\/\/az.trend.az\/\" target=\"_blank\" rel=\"noopener\">Trend<\/a>-\u0259 istinad\u0259n x\u0259b\u0259r verir ki,\u00a0bunu jurnalistl\u0259r\u0259 a\u00e7\u0131qlamas\u0131nda A\u011fdamda s\u0259f\u0259rd\u0259 olan fransal\u0131 h\u00fcquq\u015f\u00fcnas\u00a0<strong>Yasin Yakuti<\/strong>\u00a0s\u00f6yl\u0259yib.<\/p>\n<p>H\u00fcquq\u015f\u00fcnas diqq\u0259t\u0259 \u00e7atd\u0131r\u0131b ki, bir vaxtlar b\u00f6y\u00fck bir \u015f\u0259h\u0259r olmu\u015f A\u011fdam\u0131n bu d\u0259r\u0259c\u0259d\u0259 da\u011f\u0131d\u0131lmas\u0131n\u0131 g\u00f6rm\u0259k d\u0259h\u015f\u0259tlidir. Bu \u015f\u0259h\u0259r Da\u011fl\u0131q Qaraba\u011f\u0131n t\u0259rkib hiss\u0259si olmay\u0131b, lakin Erm\u0259nistan q\u00fcvv\u0259l\u0259ri t\u0259r\u0259find\u0259n ilhaq edilmi\u015fdi. Az\u0259rbaycan\u0131n beyn\u0259lxalq s\u0259viyy\u0259d\u0259 tan\u0131nm\u0131\u015f s\u0259rh\u0259dl\u0259rin\u0259 h\u00f6rm\u0259t olunmal\u0131d\u0131r.<\/p>\n","protected":false},"excerpt":{"rendered":"<p>A\u011fdamda oldu\u011fumuz zaman Az\u0259rbaycan torpaqlar\u0131nda da\u011f\u0131nt\u0131lar t\u00f6r\u0259dildiyini, tarixi abid\u0259l\u0259rin, m\u0259s\u0259l\u0259n, m\u0259scidin vandalizm\u0259 m\u0259ruz qald\u0131\u011f\u0131n\u0131 g\u00f6rd\u00fck. Az\u0259rbaycan beyn\u0259lxalq h\u00fcquq \u00e7\u0259r\u00e7iv\u0259sind\u0259 ona m\u0259xsus olan torpaqlar\u0131n\u0131 geri qaytar\u0131b. Biz v\u0259kilik v\u0259 bizim \u00fc\u00e7\u00fcn \u0259sas m\u0259s\u0259l\u0259 beyn\u0259lxalq h\u00fcququn b\u0259rq\u0259rar olmas\u0131d\u0131r. ARANTV.AZ\u00a0 Trend-\u0259 istinad\u0259n x\u0259b\u0259r verir ki,\u00a0bunu jurnalistl\u0259r\u0259 a\u00e7\u0131qlamas\u0131nda A\u011fdamda s\u0259f\u0259rd\u0259 olan fransal\u0131 h\u00fcquq\u015f\u00fcnas\u00a0Yasin Yakuti\u00a0s\u00f6yl\u0259yib. H\u00fcquq\u015f\u00fcnas diqq\u0259t\u0259 \u00e7atd\u0131r\u0131b ki, bir vaxtlar b\u00f6y\u00fck bir \u015f\u0259h\u0259r olmu\u015f A\u011fdam\u0131n bu d\u0259r\u0259c\u0259d\u0259 da\u011f\u0131d\u0131lmas\u0131n\u0131 g\u00f6rm\u0259k d\u0259h\u015f\u0259tlidir. Bu \u015f\u0259h\u0259r Da\u011fl\u0131q Qaraba\u011f\u0131n t\u0259rkib hiss\u0259si olmay\u0131b, lakin Erm\u0259nistan q\u00fcvv\u0259l\u0259ri t\u0259r\u0259find\u0259n ilhaq edilmi\u015fdi. Az\u0259rbaycan\u0131n beyn\u0259lxalq s\u0259viyy\u0259d\u0259 tan\u0131nm\u0131\u015f s\u0259rh\u0259dl\u0259rin\u0259 h\u00f6rm\u0259t olunmal\u0131d\u0131r.<\/p>\n","protected":false},"author":2,"featured_media":328949,"comment_status":"closed","ping_status":"closed","sticky":false,"template":"","format":"standard","meta":{"om_disable_all_campaigns":false,"_monsterinsights_skip_tracking":false,"_monsterinsights_sitenote_active":false,"_monsterinsights_sitenote_note":"","_monsterinsights_sitenote_category":0},"categories":[4],"tags":[],"aioseo_notices":[],"gutentor_comment":0,"rttpg_featured_image_url":{"full":["https:\/\/arantv.az\/wp-content\/uploads\/2021\/04\/942140.jpg",1105,720,false],"landscape":["https:\/\/arantv.az\/wp-content\/uploads\/2021\/04\/942140.jpg",1105,720,false],"portraits":["https:\/\/arantv.az\/wp-content\/uploads\/2021\/04\/942140.jpg",1105,720,false],"thumbnail":["https:\/\/arantv.az\/wp-content\/uploads\/2021\/04\/942140-500x280.jpg",500,280,true],"medium":["https:\/\/arantv.az\/wp-content\/uploads\/2021\/04\/942140-560x365.jpg",560,365,true],"large":["https:\/\/arantv.az\/wp-content\/uploads\/2021\/04\/942140-840x547.jpg",640,417,true],"1536x1536":["https:\/\/arantv.az\/wp-content\/uploads\/2021\/04\/942140.jpg",1105,720,false],"2048x2048":["https:\/\/arantv.az\/wp-content\/uploads\/2021\/04\/942140.jpg",1105,720,false],"post-thumbnail":["https:\/\/arantv.az\/wp-content\/uploads\/2021\/04\/942140-240x172.jpg",240,172,true],"advps-thumb-one":["https:\/\/arantv.az\/wp-content\/uploads\/2021\/04\/942140-1105x620.jpg",1105,620,true]},"rttpg_author":{"display_name":"V\u00fcsal Rafiqo\u011flu","author_link":"https:\/\/arantv.az\/?author=2"},"rttpg_comment":0,"rttpg_category":"<a href=\"https:\/\/arantv.az\/?cat=4\" rel=\"category\">Siyas\u0259t<\/a>","rttpg_excerpt":"A\u011fdamda oldu\u011fumuz zaman Az\u0259rbaycan torpaqlar\u0131nda da\u011f\u0131nt\u0131lar t\u00f6r\u0259dildiyini, tarixi abid\u0259l\u0259rin, m\u0259s\u0259l\u0259n, m\u0259scidin vandalizm\u0259 m\u0259ruz qald\u0131\u011f\u0131n\u0131 g\u00f6rd\u00fck. Az\u0259rbaycan beyn\u0259lxalq h\u00fcquq \u00e7\u0259r\u00e7iv\u0259sind\u0259 ona m\u0259xsus olan torpaqlar\u0131n\u0131 geri qaytar\u0131b. Biz v\u0259kilik v\u0259 bizim \u00fc\u00e7\u00fcn \u0259sas m\u0259s\u0259l\u0259 beyn\u0259lxalq h\u00fcququn b\u0259rq\u0259rar olmas\u0131d\u0131r. ARANTV.AZ\u00a0 Trend-\u0259 istinad\u0259n x\u0259b\u0259r verir ki,\u00a0bunu jurnalistl\u0259r\u0259 a\u00e7\u0131qlamas\u0131nda A\u011fdamda s\u0259f\u0259rd\u0259 olan fransal\u0131 h\u00fcquq\u015f\u00fcnas\u00a0Yasin Yakuti\u00a0s\u00f6yl\u0259yib. H\u00fcquq\u015f\u00fcnas diqq\u0259t\u0259 \u00e7atd\u0131r\u0131b ki, bir&hellip;","_links":{"self":[{"href":"https:\/\/arantv.az\/index.php?rest_route=\/wp\/v2\/posts\/328948"}],"collection":[{"href":"https:\/\/arantv.az\/index.php?rest_route=\/wp\/v2\/posts"}],"about":[{"href":"https:\/\/arantv.az\/index.php?rest_route=\/wp\/v2\/types\/post"}],"author":[{"embeddable":true,"href":"https:\/\/arantv.az\/index.php?rest_route=\/wp\/v2\/users\/2"}],"replies":[{"embeddable":true,"href":"https:\/\/arantv.az\/index.php?rest_route=%2Fwp%2Fv2%2Fcomments&post=328948"}],"version-history":[{"count":0,"href":"https:\/\/arantv.az\/index.php?rest_route=\/wp\/v2\/posts\/328948\/revisions"}],"wp:featuredmedia":[{"embeddable":true,"href":"https:\/\/arantv.az\/index.php?rest_route=\/wp\/v2\/media\/328949"}],"wp:attachment":[{"href":"https:\/\/arantv.az\/index.php?rest_route=%2Fwp%2Fv2%2Fmedia&parent=328948"}],"wp:term":[{"taxonomy":"category","embeddable":true,"href":"https:\/\/arantv.az\/index.php?rest_route=%2Fwp%2Fv2%2Fcategories&post=328948"},{"taxonomy":"post_tag","embeddable":true,"href":"https:\/\/arantv.az\/index.php?rest_route=%2Fwp%2Fv2%2Ftags&post=328948"}],"curies":[{"name":"wp","href":"https:\/\/api.w.org\/{rel}","templated":true}]}}