{"id":328951,"date":"2021-04-22T15:20:05","date_gmt":"2021-04-22T12:20:05","guid":{"rendered":"https:\/\/arantv.az\/?p=328951"},"modified":"2021-04-22T15:20:05","modified_gmt":"2021-04-22T12:20:05","slug":"az%c9%99rbaycanda-pensiya-yasi-asagi-salinir-aciqlama","status":"publish","type":"post","link":"https:\/\/arantv.az\/?p=328951","title":{"rendered":"Az\u0259rbaycanda pensiya ya\u015f\u0131 a\u015fa\u011f\u0131 sal\u0131n\u0131r? &#8211; A\u00c7IQLAMA"},"content":{"rendered":"<p>Bu g\u00fcn t\u0259klif olunan m\u0259s\u0259l\u0259l\u0259rd\u0259n biri d\u0259 pensiya ya\u015f\u0131n\u0131n a\u015fa\u011f\u0131 sal\u0131nmas\u0131d\u0131r. Qeyd ed\u0259k ki, haz\u0131rda ki\u015fil\u0259rin pensiya ya\u015f\u0131 65, qad\u0131nlar\u0131n is\u0259 62-dir. 1 iyul 2021 \u2013 30 iyun 2022-ci il tarixind\u0259 qad\u0131nlar \u00fc\u00e7\u00fcn pensiya ya\u015f\u0131n\u0131n 6 ay qald\u0131r\u0131lmas\u0131 g\u00f6zl\u0259nilir. Az\u0259rbaycanda pensiya ya\u015f\u0131 a\u015fa\u011f\u0131 sal\u0131na bil\u0259rmi?<\/p>\n<p>Bununla ba\u011fl\u0131\u00a0<a title=\"en son xeberler 2021\" href=\"https:\/\/sonxeber.az\/\" target=\"_blank\" rel=\"noopener\">Sonxeber.az<\/a>-a dan\u0131\u015fan deputat Razi Nurullayev bildirib ki, pensiya ya\u015f\u0131n\u0131n qald\u0131r\u0131lmas\u0131 il\u0259 ba\u011fl\u0131 q\u0259rar t\u0259z\u0259likc\u0259 q\u0259bul olunub v\u0259 h\u0259l\u0259 d\u0259 icra olunmaqdad\u0131r:<\/p>\n<div id=\"AdviadNativeVideo0\" class=\"AdviadNativeVideo\"><\/div>\n<p>&#8220;H\u0259r 6 aydan bir d\u0259 qad\u0131nlar \u00fc\u00e7\u00fcn pensiya ya\u015f\u0131n\u0131n qald\u0131r\u0131lmas\u0131 g\u00f6zl\u0259nilir. Bu q\u0259rar q\u0259bul olunanda, c\u0259miyy\u0259tl\u0259 yana\u015f\u0131, m\u0259n d\u0259 etiraz etdim. Bu g\u00fcn d\u0259 bu q\u0259rarla raz\u0131 deyil\u0259m. Amma q\u0259rar q\u0259bul olunub. Pensiya ya\u015f\u0131n\u0131n a\u015fa\u011f\u0131 sal\u0131nmas\u0131 g\u00f6zl\u0259nilmir. Parlamentd\u0259 d\u0259 bu q\u0259rara bir ne\u00e7\u0259 il \u00f6nc\u0259 d\u0259yi\u015fiklik edilib. Amma yenid\u0259n bu q\u0259rar\u0131n parlamend\u0259 g\u00f6nd\u0259rilm\u0259si g\u00f6zl\u0259nilmir. M\u0259n pensiya ya\u015f\u0131n\u0131n qald\u0131r\u0131lmas\u0131n\u0131 do\u011fru saymad\u0131m. \u00c7\u00fcnki \u00f6lk\u0259mizd\u0259 insanlar\u0131n \u00e7oxu pensiya ya\u015f\u0131na \u00e7atmam\u0131\u015f d\u00fcnyas\u0131n\u0131 d\u0259yi\u015fir. Q\u0259biristanl\u0131qlara n\u0259z\u0259r salsaq, g\u00f6r\u0259rik ki, \u00f6l\u0259nl\u0259rin \u00e7oxu 60 ya\u015f\u0131ndan tez v\u0259fat edib. Yax\u015f\u0131 olard\u0131 ki, jurnalistl\u0259r q\u0259biristanl\u0131qlarda monitorinq apar\u0131b, orta pensiya ya\u015f\u0131n\u0131 m\u00fc\u0259yy\u0259n etsinl\u0259r. Jurnalistl\u0259r q\u0259biristanl\u0131qda monitorinq aparsalar, g\u00f6r\u0259rl\u0259r ki, n\u0259 q\u0259d\u0259r insan pensiya ya\u015f\u0131na \u00e7atmam\u0131\u015f \u00f6l\u00fcr&#8221;.<\/p>\n","protected":false},"excerpt":{"rendered":"<p>Bu g\u00fcn t\u0259klif olunan m\u0259s\u0259l\u0259l\u0259rd\u0259n biri d\u0259 pensiya ya\u015f\u0131n\u0131n a\u015fa\u011f\u0131 sal\u0131nmas\u0131d\u0131r. Qeyd ed\u0259k ki, haz\u0131rda ki\u015fil\u0259rin pensiya ya\u015f\u0131 65, qad\u0131nlar\u0131n is\u0259 62-dir. 1 iyul 2021 \u2013 30 iyun 2022-ci il tarixind\u0259 qad\u0131nlar \u00fc\u00e7\u00fcn pensiya ya\u015f\u0131n\u0131n 6 ay qald\u0131r\u0131lmas\u0131 g\u00f6zl\u0259nilir. Az\u0259rbaycanda pensiya ya\u015f\u0131 a\u015fa\u011f\u0131 sal\u0131na bil\u0259rmi? Bununla ba\u011fl\u0131\u00a0Sonxeber.az-a dan\u0131\u015fan deputat Razi Nurullayev bildirib ki, pensiya ya\u015f\u0131n\u0131n qald\u0131r\u0131lmas\u0131 il\u0259 ba\u011fl\u0131 q\u0259rar t\u0259z\u0259likc\u0259 q\u0259bul olunub v\u0259 h\u0259l\u0259 d\u0259 icra olunmaqdad\u0131r: &#8220;H\u0259r 6 aydan bir d\u0259 qad\u0131nlar \u00fc\u00e7\u00fcn pensiya ya\u015f\u0131n\u0131n qald\u0131r\u0131lmas\u0131 g\u00f6zl\u0259nilir. Bu q\u0259rar q\u0259bul olunanda, c\u0259miyy\u0259tl\u0259 yana\u015f\u0131, m\u0259n d\u0259 etiraz etdim. Bu g\u00fcn&hellip;<\/p>\n","protected":false},"author":2,"featured_media":328952,"comment_status":"closed","ping_status":"closed","sticky":false,"template":"","format":"standard","meta":{"om_disable_all_campaigns":false,"_monsterinsights_skip_tracking":false,"_monsterinsights_sitenote_active":false,"_monsterinsights_sitenote_note":"","_monsterinsights_sitenote_category":0},"categories":[26],"tags":[],"aioseo_notices":[],"gutentor_comment":0,"rttpg_featured_image_url":{"full":["https:\/\/arantv.az\/wp-content\/uploads\/2021\/04\/1619092368c16baaee6093d8ce97757ee4829da1.jpg",549,412,false],"landscape":["https:\/\/arantv.az\/wp-content\/uploads\/2021\/04\/1619092368c16baaee6093d8ce97757ee4829da1.jpg",549,412,false],"portraits":["https:\/\/arantv.az\/wp-content\/uploads\/2021\/04\/1619092368c16baaee6093d8ce97757ee4829da1.jpg",549,412,false],"thumbnail":["https:\/\/arantv.az\/wp-content\/uploads\/2021\/04\/1619092368c16baaee6093d8ce97757ee4829da1-500x280.jpg",500,280,true],"medium":["https:\/\/arantv.az\/wp-content\/uploads\/2021\/04\/1619092368c16baaee6093d8ce97757ee4829da1-486x365.jpg",486,365,true],"large":["https:\/\/arantv.az\/wp-content\/uploads\/2021\/04\/1619092368c16baaee6093d8ce97757ee4829da1.jpg",549,412,false],"1536x1536":["https:\/\/arantv.az\/wp-content\/uploads\/2021\/04\/1619092368c16baaee6093d8ce97757ee4829da1.jpg",549,412,false],"2048x2048":["https:\/\/arantv.az\/wp-content\/uploads\/2021\/04\/1619092368c16baaee6093d8ce97757ee4829da1.jpg",549,412,false],"post-thumbnail":["https:\/\/arantv.az\/wp-content\/uploads\/2021\/04\/1619092368c16baaee6093d8ce97757ee4829da1-240x172.jpg",240,172,true],"advps-thumb-one":["https:\/\/arantv.az\/wp-content\/uploads\/2021\/04\/1619092368c16baaee6093d8ce97757ee4829da1.jpg",549,412,false]},"rttpg_author":{"display_name":"V\u00fcsal Rafiqo\u011flu","author_link":"https:\/\/arantv.az\/?author=2"},"rttpg_comment":0,"rttpg_category":"<a href=\"https:\/\/arantv.az\/?cat=26\" rel=\"category\">Sosial<\/a>","rttpg_excerpt":"Bu g\u00fcn t\u0259klif olunan m\u0259s\u0259l\u0259l\u0259rd\u0259n biri d\u0259 pensiya ya\u015f\u0131n\u0131n a\u015fa\u011f\u0131 sal\u0131nmas\u0131d\u0131r. Qeyd ed\u0259k ki, haz\u0131rda ki\u015fil\u0259rin pensiya ya\u015f\u0131 65, qad\u0131nlar\u0131n is\u0259 62-dir. 1 iyul 2021 \u2013 30 iyun 2022-ci il tarixind\u0259 qad\u0131nlar \u00fc\u00e7\u00fcn pensiya ya\u015f\u0131n\u0131n 6 ay qald\u0131r\u0131lmas\u0131 g\u00f6zl\u0259nilir. Az\u0259rbaycanda pensiya ya\u015f\u0131 a\u015fa\u011f\u0131 sal\u0131na bil\u0259rmi? Bununla ba\u011fl\u0131\u00a0Sonxeber.az-a dan\u0131\u015fan deputat Razi Nurullayev bildirib ki, pensiya ya\u015f\u0131n\u0131n&hellip;","_links":{"self":[{"href":"https:\/\/arantv.az\/index.php?rest_route=\/wp\/v2\/posts\/328951"}],"collection":[{"href":"https:\/\/arantv.az\/index.php?rest_route=\/wp\/v2\/posts"}],"about":[{"href":"https:\/\/arantv.az\/index.php?rest_route=\/wp\/v2\/types\/post"}],"author":[{"embeddable":true,"href":"https:\/\/arantv.az\/index.php?rest_route=\/wp\/v2\/users\/2"}],"replies":[{"embeddable":true,"href":"https:\/\/arantv.az\/index.php?rest_route=%2Fwp%2Fv2%2Fcomments&post=328951"}],"version-history":[{"count":0,"href":"https:\/\/arantv.az\/index.php?rest_route=\/wp\/v2\/posts\/328951\/revisions"}],"wp:featuredmedia":[{"embeddable":true,"href":"https:\/\/arantv.az\/index.php?rest_route=\/wp\/v2\/media\/328952"}],"wp:attachment":[{"href":"https:\/\/arantv.az\/index.php?rest_route=%2Fwp%2Fv2%2Fmedia&parent=328951"}],"wp:term":[{"taxonomy":"category","embeddable":true,"href":"https:\/\/arantv.az\/index.php?rest_route=%2Fwp%2Fv2%2Fcategories&post=328951"},{"taxonomy":"post_tag","embeddable":true,"href":"https:\/\/arantv.az\/index.php?rest_route=%2Fwp%2Fv2%2Ftags&post=328951"}],"curies":[{"name":"wp","href":"https:\/\/api.w.org\/{rel}","templated":true}]}}