{"id":328954,"date":"2021-04-22T15:21:20","date_gmt":"2021-04-22T12:21:20","guid":{"rendered":"https:\/\/arantv.az\/?p=328954"},"modified":"2021-04-22T15:21:20","modified_gmt":"2021-04-22T12:21:20","slug":"agsaqqallar-mir%c9%99l%c9%99movun-yerin%c9%99-utanir","status":"publish","type":"post","link":"https:\/\/arantv.az\/?p=328954","title":{"rendered":"A\u011fsaqqallar Mir\u0259l\u0259movun yerin\u0259 utan\u0131r"},"content":{"rendered":"<p>Yeni Az\u0259rbaycan Partiyas\u0131n\u0131n X\u0259tai rayon t\u0259\u015fkilat\u0131n\u0131n s\u0259dri, sabiq deputat H\u00fcseynbala Mir\u0259l\u0259movla ba\u011fl\u0131 internetd\u0259 yay\u0131lan qeyri-etik video bar\u0259d\u0259 m\u00fczakir\u0259l\u0259r bitmir.<\/p>\n<p>Sosial \u015f\u0259b\u0259k\u0259l\u0259rd\u0259ki m\u00fczakir\u0259l\u0259rd\u0259 76 ya\u015fl\u0131 sabiq deputat\u0131n a\u011fsaqqal ad\u0131na yara\u015fmayan \u0259m\u0259li &#8211; xan\u0131m k\u00f6m\u0259k\u00e7isin\u0259 qar\u015f\u0131 qeyri-\u0259xlaqi h\u0259r\u0259k\u0259ti q\u0131nan\u0131l\u0131r.<\/p>\n<p>H\u00fcseynbala Mir\u0259l\u0259movu q\u0131nayanlar eyni zamanda, Az\u0259rbaycan A\u011fsaqqallar \u015euras\u0131ndan da hadis\u0259y\u0259 susqun qalmaqda naraz\u0131l\u0131q edirl\u0259r.<\/p>\n<p><strong>ARANTV.AZ\u00a0<\/strong> x\u0259b\u0259r verir ki, Az\u0259rbaycan A\u011fsaqqallar \u015euras\u0131n\u0131n s\u0259dri Eldar Quliyev modern.az-a a\u00e7\u0131qlamas\u0131nda m\u0259s\u0259l\u0259y\u0259 s\u0259rt m\u00fcnasib\u0259t bildirib.<\/p>\n<p>Eldar Quliyev deyib ki, bel\u0259 bir hadis\u0259 h\u0259qiq\u0259t\u0259n ba\u015f veribs\u0259, H\u00fcseynbala Mir\u0259l\u0259movun yerin\u0259 x\u0259cal\u0259t \u00e7\u0259kir:<\/p>\n<p>&#8220;Sosial \u015f\u0259b\u0259k\u0259d\u0259 g\u00f6r\u00fcnt\u00fcl\u0259ri g\u00f6rd\u00fcm, amma n\u0259 q\u0259d\u0259r d\u00fczg\u00fcnd\u00fcr v\u0259 ya yanl\u0131\u015fd\u0131r dey\u0259 bilm\u0259r\u0259m. Bunu ara\u015fd\u0131rmaq, daha sonra bu bar\u0259d\u0259 fikir ir\u0259li s\u00fcrm\u0259k laz\u0131md\u0131r.<\/p>\n<p>Bilirsiz ki, bu d\u00f6vrd\u0259 texnikan\u0131n inki\u015faf\u0131 il\u0259 \u00e7ox hadis\u0259l\u0259r etm\u0259k olar. Videonu g\u00f6r\u0259nd\u0259 hans\u0131sa montaj oldu\u011funu hiss etm\u0259dim. Yen\u0259 d\u0259 ara\u015fd\u0131rmaq m\u00fctl\u0259qdir. H\u00fcseynbala m\u00fc\u0259lliml\u0259 i\u015fl\u0259diyimiz m\u00fcdd\u0259td\u0259 m\u0259n onun he\u00e7 zaman bel\u0259 bir hadis\u0259l\u0259r etm\u0259sil\u0259 qar\u015f\u0131la\u015fmam\u0131\u015fam. \u00d6z\u00fc d\u0259 ziyal\u0131, alim adamd\u0131r. \u018fg\u0259r bel\u0259 bir hadis\u0259 h\u0259qiq\u0259t\u0259n ba\u015f veribs\u0259, m\u0259n onun yerin\u0259 utan\u0131b x\u0259cal\u0259t \u00e7\u0259kir\u0259m. \u00c7\u00fcnki bel\u0259 bir ya\u015fda bu c\u00fcr h\u0259r\u0259k\u0259t etm\u0259si d\u00fczg\u00fcn olmaz.<\/p>\n<p>Hadis\u0259nin d\u00fczg\u00fcnl\u00fcy\u00fc t\u0259sdiql\u0259ns\u0259, bu bar\u0259d\u0259 A\u011fsaqqallar \u015euras\u0131 t\u0259r\u0259find\u0259n d\u0259 ciddi t\u0259dbirl\u0259r g\u00f6r\u00fcl\u0259c\u0259k. Texnika o q\u0259d\u0259r inki\u015faf edib ki, insan n\u0259yin do\u011fru, n\u0259yin yanl\u0131\u015f oldu\u011funu da bilmir.<\/p>\n<p>H\u00fcseynbala Mir\u0259l\u0259movla \u0259laq\u0259 saxlamam\u0131\u015fam. Y\u0259qin ki, bu hadis\u0259 h\u0259qiq\u0259t olsa da dey\u0259c\u0259k &#8220;m\u0259n el\u0259 bir \u015fey etm\u0259mi\u015f\u0259m&#8221;. G\u00f6zl\u0259y\u0259k, ara\u015fd\u0131r\u0131ls\u0131n, h\u0259qiq\u0259t s\u00fcbuta \u00e7\u0131xar\u0131ls\u0131n daha sonra n\u0259tic\u0259y\u0259 uy\u011fun t\u0259dbir g\u00f6r\u00fcl\u0259r&#8221;.<\/p>\n","protected":false},"excerpt":{"rendered":"<p>Yeni Az\u0259rbaycan Partiyas\u0131n\u0131n X\u0259tai rayon t\u0259\u015fkilat\u0131n\u0131n s\u0259dri, sabiq deputat H\u00fcseynbala Mir\u0259l\u0259movla ba\u011fl\u0131 internetd\u0259 yay\u0131lan qeyri-etik video bar\u0259d\u0259 m\u00fczakir\u0259l\u0259r bitmir. Sosial \u015f\u0259b\u0259k\u0259l\u0259rd\u0259ki m\u00fczakir\u0259l\u0259rd\u0259 76 ya\u015fl\u0131 sabiq deputat\u0131n a\u011fsaqqal ad\u0131na yara\u015fmayan \u0259m\u0259li &#8211; xan\u0131m k\u00f6m\u0259k\u00e7isin\u0259 qar\u015f\u0131 qeyri-\u0259xlaqi h\u0259r\u0259k\u0259ti q\u0131nan\u0131l\u0131r. H\u00fcseynbala Mir\u0259l\u0259movu q\u0131nayanlar eyni zamanda, Az\u0259rbaycan A\u011fsaqqallar \u015euras\u0131ndan da hadis\u0259y\u0259 susqun qalmaqda naraz\u0131l\u0131q edirl\u0259r. ARANTV.AZ\u00a0 x\u0259b\u0259r verir ki, Az\u0259rbaycan A\u011fsaqqallar \u015euras\u0131n\u0131n s\u0259dri Eldar Quliyev modern.az-a a\u00e7\u0131qlamas\u0131nda m\u0259s\u0259l\u0259y\u0259 s\u0259rt m\u00fcnasib\u0259t bildirib. Eldar Quliyev deyib ki, bel\u0259 bir hadis\u0259 h\u0259qiq\u0259t\u0259n ba\u015f veribs\u0259, H\u00fcseynbala Mir\u0259l\u0259movun yerin\u0259 x\u0259cal\u0259t \u00e7\u0259kir: &#8220;Sosial \u015f\u0259b\u0259k\u0259d\u0259 g\u00f6r\u00fcnt\u00fcl\u0259ri g\u00f6rd\u00fcm, amma n\u0259 q\u0259d\u0259r d\u00fczg\u00fcnd\u00fcr&hellip;<\/p>\n","protected":false},"author":2,"featured_media":328955,"comment_status":"closed","ping_status":"closed","sticky":false,"template":"","format":"standard","meta":{"om_disable_all_campaigns":false,"_monsterinsights_skip_tracking":false,"_monsterinsights_sitenote_active":false,"_monsterinsights_sitenote_note":"","_monsterinsights_sitenote_category":0},"categories":[26],"tags":[],"aioseo_notices":[],"gutentor_comment":0,"rttpg_featured_image_url":{"full":["https:\/\/arantv.az\/wp-content\/uploads\/2021\/04\/942135.jpg",670,420,false],"landscape":["https:\/\/arantv.az\/wp-content\/uploads\/2021\/04\/942135.jpg",670,420,false],"portraits":["https:\/\/arantv.az\/wp-content\/uploads\/2021\/04\/942135.jpg",670,420,false],"thumbnail":["https:\/\/arantv.az\/wp-content\/uploads\/2021\/04\/942135-500x280.jpg",500,280,true],"medium":["https:\/\/arantv.az\/wp-content\/uploads\/2021\/04\/942135-582x365.jpg",582,365,true],"large":["https:\/\/arantv.az\/wp-content\/uploads\/2021\/04\/942135.jpg",640,401,false],"1536x1536":["https:\/\/arantv.az\/wp-content\/uploads\/2021\/04\/942135.jpg",670,420,false],"2048x2048":["https:\/\/arantv.az\/wp-content\/uploads\/2021\/04\/942135.jpg",670,420,false],"post-thumbnail":["https:\/\/arantv.az\/wp-content\/uploads\/2021\/04\/942135-240x172.jpg",240,172,true],"advps-thumb-one":["https:\/\/arantv.az\/wp-content\/uploads\/2021\/04\/942135.jpg",670,420,false]},"rttpg_author":{"display_name":"V\u00fcsal Rafiqo\u011flu","author_link":"https:\/\/arantv.az\/?author=2"},"rttpg_comment":0,"rttpg_category":"<a href=\"https:\/\/arantv.az\/?cat=26\" rel=\"category\">Sosial<\/a>","rttpg_excerpt":"Yeni Az\u0259rbaycan Partiyas\u0131n\u0131n X\u0259tai rayon t\u0259\u015fkilat\u0131n\u0131n s\u0259dri, sabiq deputat H\u00fcseynbala Mir\u0259l\u0259movla ba\u011fl\u0131 internetd\u0259 yay\u0131lan qeyri-etik video bar\u0259d\u0259 m\u00fczakir\u0259l\u0259r bitmir. Sosial \u015f\u0259b\u0259k\u0259l\u0259rd\u0259ki m\u00fczakir\u0259l\u0259rd\u0259 76 ya\u015fl\u0131 sabiq deputat\u0131n a\u011fsaqqal ad\u0131na yara\u015fmayan \u0259m\u0259li &#8211; xan\u0131m k\u00f6m\u0259k\u00e7isin\u0259 qar\u015f\u0131 qeyri-\u0259xlaqi h\u0259r\u0259k\u0259ti q\u0131nan\u0131l\u0131r. H\u00fcseynbala Mir\u0259l\u0259movu q\u0131nayanlar eyni zamanda, Az\u0259rbaycan A\u011fsaqqallar \u015euras\u0131ndan da hadis\u0259y\u0259 susqun qalmaqda naraz\u0131l\u0131q edirl\u0259r. ARANTV.AZ\u00a0 x\u0259b\u0259r verir ki,&hellip;","_links":{"self":[{"href":"https:\/\/arantv.az\/index.php?rest_route=\/wp\/v2\/posts\/328954"}],"collection":[{"href":"https:\/\/arantv.az\/index.php?rest_route=\/wp\/v2\/posts"}],"about":[{"href":"https:\/\/arantv.az\/index.php?rest_route=\/wp\/v2\/types\/post"}],"author":[{"embeddable":true,"href":"https:\/\/arantv.az\/index.php?rest_route=\/wp\/v2\/users\/2"}],"replies":[{"embeddable":true,"href":"https:\/\/arantv.az\/index.php?rest_route=%2Fwp%2Fv2%2Fcomments&post=328954"}],"version-history":[{"count":0,"href":"https:\/\/arantv.az\/index.php?rest_route=\/wp\/v2\/posts\/328954\/revisions"}],"wp:featuredmedia":[{"embeddable":true,"href":"https:\/\/arantv.az\/index.php?rest_route=\/wp\/v2\/media\/328955"}],"wp:attachment":[{"href":"https:\/\/arantv.az\/index.php?rest_route=%2Fwp%2Fv2%2Fmedia&parent=328954"}],"wp:term":[{"taxonomy":"category","embeddable":true,"href":"https:\/\/arantv.az\/index.php?rest_route=%2Fwp%2Fv2%2Fcategories&post=328954"},{"taxonomy":"post_tag","embeddable":true,"href":"https:\/\/arantv.az\/index.php?rest_route=%2Fwp%2Fv2%2Ftags&post=328954"}],"curies":[{"name":"wp","href":"https:\/\/api.w.org\/{rel}","templated":true}]}}