{"id":328958,"date":"2021-04-22T15:22:24","date_gmt":"2021-04-22T12:22:24","guid":{"rendered":"https:\/\/arantv.az\/?p=328958"},"modified":"2021-04-22T15:22:24","modified_gmt":"2021-04-22T12:22:24","slug":"nazir-muavini-narazi-qazil%c9%99ri-q%c9%99bul-etdi","status":"publish","type":"post","link":"https:\/\/arantv.az\/?p=328958","title":{"rendered":"Nazir m\u00fcavini naraz\u0131 qazil\u0259ri q\u0259bul etdi"},"content":{"rendered":"<p>Qaraba\u011f m\u00fcharib\u0259sind\u0259 sa\u011flaml\u0131\u011f\u0131n\u0131 itir\u0259n 10-a yax\u0131n qazi \u018fm\u0259k v\u0259 \u018fhalinin Sosial M\u00fcdafi\u0259si Nazirliyi qar\u015f\u0131s\u0131nda etiraz aksiyas\u0131 ke\u00e7irib.<\/p>\n<p><strong>ARANTV.AZ<\/strong>\u00a0 x\u0259b\u0259r verir ki, qazil\u0259r \u0259sas\u0259n, bigan\u0259likd\u0259n \u015fikay\u0259tl\u0259nibl\u0259r.<\/p>\n<p>Nazirliyin \u0130ctimaiyy\u0259tl\u0259 \u0259laq\u0259l\u0259r \u015f\u00f6b\u0259sinin m\u00fcdiri Fazil Tal\u0131bov bildirib ki, qazil\u0259ri \u0259m\u0259k v\u0259 \u0259halinin sosial m\u00fcdafi\u0259si nazirinin m\u00fcavini Anar \u018fliyev v\u0259 dig\u0259r aidiyy\u0259ti r\u0259smil\u0259r q\u0259bul edib:<\/p>\n<div id=\"AdviadNativeVideo0\" class=\"AdviadNativeVideo\"><\/div>\n<p>\u201cOnlar\u0131n m\u00fcraci\u0259tl\u0259ri dinl\u0259nildi. M\u00fcraci\u0259tl\u0259rinin bir hiss\u0259si \u0259lillik d\u0259r\u0259c\u0259l\u0259rinin meyarlar\u0131 il\u0259 \u0259laq\u0259li olub. Nazirlik qanunvericiliy\u0259 uy\u011fun olaraq \u0259lillik qruplar\u0131na t\u0259yin edir. T\u0259yinat\u0131n birinci hiss\u0259si aidiyy\u0259ti qurumlar t\u0259r\u0259find\u0259n g\u0259l\u0259n g\u00f6nd\u0259ri\u015fl\u0259r \u0259sas\u0131nda verilir. Bununla ba\u011fl\u0131 qazil\u0259r\u0259 qanunvericiliyin \u015f\u0259rtl\u0259ri izah edildi. Qazil\u0259rin t\u0259klifl\u0259ri \u0259sas\u0131nda aidiyy\u0259ti qurumlarla m\u00fczakir\u0259l\u0259r apar\u0131lacaq.<\/p>\n<p>Bundan ba\u015fqa, bir ne\u00e7\u0259 qazimizin m\u0259nzil \u015f\u0259raitinin yax\u015f\u0131la\u015fd\u0131r\u0131lmas\u0131 bar\u0259d\u0259 d\u0259 dan\u0131\u015f\u0131qlar apar\u0131ld\u0131. Bilirik ki, ilin sonuna q\u0259d\u0259r qazi v\u0259 \u015f\u0259hid ail\u0259l\u0259ri 3 000 m\u0259nzil v\u0259 f\u0259rdi evl\u0259 t\u0259min edil\u0259c\u0259k.<\/p>\n<p>M\u0259\u015f\u011fulluq bar\u0259d\u0259 m\u00fcraci\u0259tl\u0259r d\u0259 yerind\u0259c\u0259 qeyd\u0259 al\u0131nd\u0131 v\u0259 u\u00e7ota g\u00f6t\u00fcr\u00fcld\u00fc. M\u0259\u015f\u011fulluq m\u0259rk\u0259zl\u0259rin\u0259 tap\u015f\u0131r\u0131q veril\u0259c\u0259k v\u0259 qazil\u0259rimiz uy\u011fun i\u015fl\u0259rl\u0259 t\u0259min edil\u0259c\u0259k\u201d.<\/p>\n<p>Etiraz\u00e7\u0131lar onlar\u0131n t\u0259l\u0259bl\u0259rinin dinl\u0259nildiyini v\u0259 probleml\u0259rinin h\u0259llin\u0259 s\u00f6z verildiyini bildiribl\u0259r.<\/p>\n","protected":false},"excerpt":{"rendered":"<p>Qaraba\u011f m\u00fcharib\u0259sind\u0259 sa\u011flaml\u0131\u011f\u0131n\u0131 itir\u0259n 10-a yax\u0131n qazi \u018fm\u0259k v\u0259 \u018fhalinin Sosial M\u00fcdafi\u0259si Nazirliyi qar\u015f\u0131s\u0131nda etiraz aksiyas\u0131 ke\u00e7irib. ARANTV.AZ\u00a0 x\u0259b\u0259r verir ki, qazil\u0259r \u0259sas\u0259n, bigan\u0259likd\u0259n \u015fikay\u0259tl\u0259nibl\u0259r. Nazirliyin \u0130ctimaiyy\u0259tl\u0259 \u0259laq\u0259l\u0259r \u015f\u00f6b\u0259sinin m\u00fcdiri Fazil Tal\u0131bov bildirib ki, qazil\u0259ri \u0259m\u0259k v\u0259 \u0259halinin sosial m\u00fcdafi\u0259si nazirinin m\u00fcavini Anar \u018fliyev v\u0259 dig\u0259r aidiyy\u0259ti r\u0259smil\u0259r q\u0259bul edib: \u201cOnlar\u0131n m\u00fcraci\u0259tl\u0259ri dinl\u0259nildi. M\u00fcraci\u0259tl\u0259rinin bir hiss\u0259si \u0259lillik d\u0259r\u0259c\u0259l\u0259rinin meyarlar\u0131 il\u0259 \u0259laq\u0259li olub. Nazirlik qanunvericiliy\u0259 uy\u011fun olaraq \u0259lillik qruplar\u0131na t\u0259yin edir. T\u0259yinat\u0131n birinci hiss\u0259si aidiyy\u0259ti qurumlar t\u0259r\u0259find\u0259n g\u0259l\u0259n g\u00f6nd\u0259ri\u015fl\u0259r \u0259sas\u0131nda verilir. Bununla ba\u011fl\u0131 qazil\u0259r\u0259 qanunvericiliyin \u015f\u0259rtl\u0259ri izah edildi. Qazil\u0259rin t\u0259klifl\u0259ri \u0259sas\u0131nda&hellip;<\/p>\n","protected":false},"author":2,"featured_media":328959,"comment_status":"closed","ping_status":"closed","sticky":false,"template":"","format":"standard","meta":{"om_disable_all_campaigns":false,"_monsterinsights_skip_tracking":false,"_monsterinsights_sitenote_active":false,"_monsterinsights_sitenote_note":"","_monsterinsights_sitenote_category":0},"categories":[26],"tags":[],"aioseo_notices":[],"gutentor_comment":0,"rttpg_featured_image_url":{"full":["https:\/\/arantv.az\/wp-content\/uploads\/2021\/04\/8e96136e-286b-33f5-8aa7-db61d0b345de_850.jpg",620,387,false],"landscape":["https:\/\/arantv.az\/wp-content\/uploads\/2021\/04\/8e96136e-286b-33f5-8aa7-db61d0b345de_850.jpg",620,387,false],"portraits":["https:\/\/arantv.az\/wp-content\/uploads\/2021\/04\/8e96136e-286b-33f5-8aa7-db61d0b345de_850.jpg",620,387,false],"thumbnail":["https:\/\/arantv.az\/wp-content\/uploads\/2021\/04\/8e96136e-286b-33f5-8aa7-db61d0b345de_850-500x280.jpg",500,280,true],"medium":["https:\/\/arantv.az\/wp-content\/uploads\/2021\/04\/8e96136e-286b-33f5-8aa7-db61d0b345de_850-585x365.jpg",585,365,true],"large":["https:\/\/arantv.az\/wp-content\/uploads\/2021\/04\/8e96136e-286b-33f5-8aa7-db61d0b345de_850.jpg",620,387,false],"1536x1536":["https:\/\/arantv.az\/wp-content\/uploads\/2021\/04\/8e96136e-286b-33f5-8aa7-db61d0b345de_850.jpg",620,387,false],"2048x2048":["https:\/\/arantv.az\/wp-content\/uploads\/2021\/04\/8e96136e-286b-33f5-8aa7-db61d0b345de_850.jpg",620,387,false],"post-thumbnail":["https:\/\/arantv.az\/wp-content\/uploads\/2021\/04\/8e96136e-286b-33f5-8aa7-db61d0b345de_850-240x172.jpg",240,172,true],"advps-thumb-one":["https:\/\/arantv.az\/wp-content\/uploads\/2021\/04\/8e96136e-286b-33f5-8aa7-db61d0b345de_850.jpg",620,387,false]},"rttpg_author":{"display_name":"V\u00fcsal Rafiqo\u011flu","author_link":"https:\/\/arantv.az\/?author=2"},"rttpg_comment":0,"rttpg_category":"<a href=\"https:\/\/arantv.az\/?cat=26\" rel=\"category\">Sosial<\/a>","rttpg_excerpt":"Qaraba\u011f m\u00fcharib\u0259sind\u0259 sa\u011flaml\u0131\u011f\u0131n\u0131 itir\u0259n 10-a yax\u0131n qazi \u018fm\u0259k v\u0259 \u018fhalinin Sosial M\u00fcdafi\u0259si Nazirliyi qar\u015f\u0131s\u0131nda etiraz aksiyas\u0131 ke\u00e7irib. ARANTV.AZ\u00a0 x\u0259b\u0259r verir ki, qazil\u0259r \u0259sas\u0259n, bigan\u0259likd\u0259n \u015fikay\u0259tl\u0259nibl\u0259r. Nazirliyin \u0130ctimaiyy\u0259tl\u0259 \u0259laq\u0259l\u0259r \u015f\u00f6b\u0259sinin m\u00fcdiri Fazil Tal\u0131bov bildirib ki, qazil\u0259ri \u0259m\u0259k v\u0259 \u0259halinin sosial m\u00fcdafi\u0259si nazirinin m\u00fcavini Anar \u018fliyev v\u0259 dig\u0259r aidiyy\u0259ti r\u0259smil\u0259r q\u0259bul edib: \u201cOnlar\u0131n m\u00fcraci\u0259tl\u0259ri dinl\u0259nildi. M\u00fcraci\u0259tl\u0259rinin bir&hellip;","_links":{"self":[{"href":"https:\/\/arantv.az\/index.php?rest_route=\/wp\/v2\/posts\/328958"}],"collection":[{"href":"https:\/\/arantv.az\/index.php?rest_route=\/wp\/v2\/posts"}],"about":[{"href":"https:\/\/arantv.az\/index.php?rest_route=\/wp\/v2\/types\/post"}],"author":[{"embeddable":true,"href":"https:\/\/arantv.az\/index.php?rest_route=\/wp\/v2\/users\/2"}],"replies":[{"embeddable":true,"href":"https:\/\/arantv.az\/index.php?rest_route=%2Fwp%2Fv2%2Fcomments&post=328958"}],"version-history":[{"count":0,"href":"https:\/\/arantv.az\/index.php?rest_route=\/wp\/v2\/posts\/328958\/revisions"}],"wp:featuredmedia":[{"embeddable":true,"href":"https:\/\/arantv.az\/index.php?rest_route=\/wp\/v2\/media\/328959"}],"wp:attachment":[{"href":"https:\/\/arantv.az\/index.php?rest_route=%2Fwp%2Fv2%2Fmedia&parent=328958"}],"wp:term":[{"taxonomy":"category","embeddable":true,"href":"https:\/\/arantv.az\/index.php?rest_route=%2Fwp%2Fv2%2Fcategories&post=328958"},{"taxonomy":"post_tag","embeddable":true,"href":"https:\/\/arantv.az\/index.php?rest_route=%2Fwp%2Fv2%2Ftags&post=328958"}],"curies":[{"name":"wp","href":"https:\/\/api.w.org\/{rel}","templated":true}]}}