{"id":328990,"date":"2021-04-22T15:46:50","date_gmt":"2021-04-22T12:46:50","guid":{"rendered":"https:\/\/arantv.az\/?p=328990"},"modified":"2021-04-22T15:46:50","modified_gmt":"2021-04-22T12:46:50","slug":"narazi-qazil%c9%99r-n%c9%99-ist%c9%99yir","status":"publish","type":"post","link":"https:\/\/arantv.az\/?p=328990","title":{"rendered":"Naraz\u0131 qazil\u0259r n\u0259 ist\u0259yir?"},"content":{"rendered":"<p>\u018flillik meyarlar\u0131n\u0131n t\u0259yini, m\u0259\u015f\u011fulluq v\u0259 m\u0259nzil t\u0259minat\u0131 il\u0259 ba\u011fl\u0131 bu g\u00fcn \u018fm\u0259k v\u0259 \u018fhalinin Sosial M\u00fcdafi\u0259si Nazirliyinin qar\u015f\u0131s\u0131nda etiraz aksiyas\u0131 ke\u00e7ir\u0259n bir qrup V\u0259t\u0259n m\u00fcharib\u0259si i\u015ftirak\u00e7\u0131s\u0131 nazirlik r\u0259smil\u0259ri t\u0259r\u0259find\u0259n q\u0259bul edilib.<\/p>\n<p><strong>ARANTV.AZ <\/strong>x\u0259b\u0259r verir ki, bu bar\u0259d\u0259 \u018f\u018fSMN-nin \u0130ctimaiyy\u0259tl\u0259 \u0259laq\u0259l\u0259r v\u0259 kommunikasiya \u015f\u00f6b\u0259sinin m\u00fcdiri Fazil Tal\u0131bov \u0259raziy\u0259 topla\u015fan\u00a0jurnalistl\u0259r\u0259 a\u00e7\u0131qlamas\u0131nda bildirib.<\/p>\n<p>Onun s\u00f6zl\u0259rin\u0259 g\u00f6r\u0259, bu g\u00fcn t\u0259xmin\u0259n 10 n\u0259f\u0259r V\u0259t\u0259n m\u00fcharib\u0259si qazisi sor\u011fu v\u0259\u00a0 \u015fikay\u0259tl\u0259rinin dinl\u0259nilm\u0259si \u00fc\u00e7\u00fcn nazirliy\u0259 d\u0259v\u0259t olunub. G\u00f6r\u00fc\u015fd\u0259 nazir m\u00fcavini Anar \u018fliyev, nazirliyin \u018flillik siyas\u0259ti \u015f\u00f6b\u0259sinin m\u00fcdiri Sabir Qocayev, Sosial t\u0259minat siyas\u0259ti \u015f\u00f6b\u0259sinin m\u00fcdiri Bab\u0259k H\u00fcseynov v\u0259 dig\u0259r aidiyy\u0259ti \u015f\u0259xsl\u0259r i\u015ftirak edibl\u0259r:<\/p>\n<p>\u201cQazil\u0259rimizi dinl\u0259dik, m\u00fcraci\u0259tl\u0259ri qeyd\u0259 al\u0131nd\u0131. Onlar\u0131n bir hiss\u0259si \u0259lillik meyarlar\u0131 il\u0259 ba\u011fl\u0131 idi. \u018f\u018fSMN qanunvericiliy\u0259 uy\u011fun olaraq \u0259lillik qruplar\u0131n\u0131 t\u0259yin edir v\u0259 \u0259lillik t\u0259yinat\u0131n\u0131n birinci hiss\u0259si aidiyy\u0259ti qurumlar &#8211; s\u0259hiyy\u0259 m\u00fc\u0259ssis\u0259l\u0259ri t\u0259r\u0259find\u0259n g\u00f6nd\u0259ri\u015f v\u0259 orada yaz\u0131lan diaqnozlard\u0131r.<\/p>\n<p>Nazirliyin m\u00fcvafiq qurumu da m\u0259hz o diaqnozlara \u0259sas\u0259n \u0259lillik qrupunu t\u0259yin edir. Bu, qazil\u0259rimiz\u0259 izah olundu v\u0259 \u0259lillik meyarlar\u0131n\u0131n d\u0259yi\u015fdirilm\u0259si il\u0259 ba\u011fl\u0131 onlar\u0131n t\u0259klifl\u0259ri qeyd\u0259 al\u0131nd\u0131. Aidiyy\u0259ti qurumlarla bu istiqam\u0259td\u0259 i\u015f apar\u0131lacaq\u201d.<\/p>\n<p>F. Tal\u0131bov h\u0259m\u00e7inin bildirib ki, bir ne\u00e7\u0259 qazimiz\u0259 m\u0259nzil \u015f\u0259raitinin yax\u015f\u0131la\u015fd\u0131r\u0131lmas\u0131 il\u0259 ba\u011fl\u0131 d\u0259st\u0259k g\u00f6st\u0259ril\u0259c\u0259k.<\/p>\n<p>Nazirlik r\u0259smisinin s\u00f6zl\u0259rin\u0259 g\u00f6r\u0259, m\u00fcraci\u0259tl\u0259rin bir hiss\u0259si m\u0259\u015f\u011fulluqla ba\u011fl\u0131 olub:\u00a0\u201cO m\u00fcraci\u0259tl\u0259r d\u0259 yerind\u0259 qeyd\u0259 al\u0131nd\u0131 v\u0259 d\u0259rhal xidm\u0259ti ota\u011fa ke\u00e7\u0259n andan m\u0259\u015f\u011fulluq m\u0259rk\u0259zl\u0259rin\u0259 tap\u015f\u0131r\u0131q veril\u0259c\u0259k v\u0259 qazil\u0259rin i\u015fl\u0259 t\u0259minat\u0131 istiqam\u0259tind\u0259 i\u015f g\u00f6r\u00fcl\u0259c\u0259k. B\u00fct\u00fcn \u015fikay\u0259tl\u0259r operativ \u015f\u0259kild\u0259 h\u0259ll edil\u0259c\u0259k.<\/p>\n<p>\u018flillik meyarlar\u0131n\u0131n operativ qiym\u0259tl\u0259ndirilm\u0259si istiqam\u0259tind\u0259 d\u0259 i\u015f gedir. Aidiyy\u0259ti qurumlar\u0131n r\u0259yl\u0259ri n\u0259z\u0259r\u0259 al\u0131n\u0131r. V\u0259t\u0259n m\u00fcharib\u0259sind\u0259n sonra is\u0259 bu m\u0259s\u0259l\u0259 bir q\u0259d\u0259r d\u0259 intensivl\u0259\u015fib. \u018flillik meyarlar\u0131n\u0131n beyn\u0259lxalq t\u0259cr\u00fcb\u0259y\u0259 uy\u011funla\u015fd\u0131r\u0131lmas\u0131, t\u0259kmill\u0259\u015fdirilm\u0259si il\u0259 ba\u011fl\u0131 i\u015fl\u0259r son m\u0259rh\u0259l\u0259d\u0259dir. Bundan sonra \u0259n\u0259n\u0259vi olaraq qruplar \u00fczr\u0259 deyil, \u0259m\u0259k f\u0259aliyy\u0259tini itirm\u0259 faizin\u0259 g\u00f6r\u0259 \u0259lillik t\u0259yin edil\u0259c\u0259k. Layih\u0259nin haz\u0131rlanmas\u0131nda \u0259n m\u00fct\u0259r\u0259qqi, humanist, qabaqc\u0131l t\u0259cr\u00fcb\u0259d\u0259n istifad\u0259 olunub\u201d.<\/p>\n","protected":false},"excerpt":{"rendered":"<p>\u018flillik meyarlar\u0131n\u0131n t\u0259yini, m\u0259\u015f\u011fulluq v\u0259 m\u0259nzil t\u0259minat\u0131 il\u0259 ba\u011fl\u0131 bu g\u00fcn \u018fm\u0259k v\u0259 \u018fhalinin Sosial M\u00fcdafi\u0259si Nazirliyinin qar\u015f\u0131s\u0131nda etiraz aksiyas\u0131 ke\u00e7ir\u0259n bir qrup V\u0259t\u0259n m\u00fcharib\u0259si i\u015ftirak\u00e7\u0131s\u0131 nazirlik r\u0259smil\u0259ri t\u0259r\u0259find\u0259n q\u0259bul edilib. ARANTV.AZ x\u0259b\u0259r verir ki, bu bar\u0259d\u0259 \u018f\u018fSMN-nin \u0130ctimaiyy\u0259tl\u0259 \u0259laq\u0259l\u0259r v\u0259 kommunikasiya \u015f\u00f6b\u0259sinin m\u00fcdiri Fazil Tal\u0131bov \u0259raziy\u0259 topla\u015fan\u00a0jurnalistl\u0259r\u0259 a\u00e7\u0131qlamas\u0131nda bildirib. Onun s\u00f6zl\u0259rin\u0259 g\u00f6r\u0259, bu g\u00fcn t\u0259xmin\u0259n 10 n\u0259f\u0259r V\u0259t\u0259n m\u00fcharib\u0259si qazisi sor\u011fu v\u0259\u00a0 \u015fikay\u0259tl\u0259rinin dinl\u0259nilm\u0259si \u00fc\u00e7\u00fcn nazirliy\u0259 d\u0259v\u0259t olunub. G\u00f6r\u00fc\u015fd\u0259 nazir m\u00fcavini Anar \u018fliyev, nazirliyin \u018flillik siyas\u0259ti \u015f\u00f6b\u0259sinin m\u00fcdiri Sabir Qocayev, Sosial t\u0259minat siyas\u0259ti \u015f\u00f6b\u0259sinin m\u00fcdiri Bab\u0259k H\u00fcseynov v\u0259 dig\u0259r&hellip;<\/p>\n","protected":false},"author":2,"featured_media":328991,"comment_status":"closed","ping_status":"closed","sticky":false,"template":"","format":"standard","meta":{"om_disable_all_campaigns":false,"_monsterinsights_skip_tracking":false,"_monsterinsights_sitenote_active":false,"_monsterinsights_sitenote_note":"","_monsterinsights_sitenote_category":0},"categories":[26],"tags":[],"aioseo_notices":[],"gutentor_comment":0,"rttpg_featured_image_url":{"full":["https:\/\/arantv.az\/wp-content\/uploads\/2021\/04\/130f1a8e161909477962476964110212755.jpg",975,540,false],"landscape":["https:\/\/arantv.az\/wp-content\/uploads\/2021\/04\/130f1a8e161909477962476964110212755.jpg",975,540,false],"portraits":["https:\/\/arantv.az\/wp-content\/uploads\/2021\/04\/130f1a8e161909477962476964110212755.jpg",975,540,false],"thumbnail":["https:\/\/arantv.az\/wp-content\/uploads\/2021\/04\/130f1a8e161909477962476964110212755-500x280.jpg",500,280,true],"medium":["https:\/\/arantv.az\/wp-content\/uploads\/2021\/04\/130f1a8e161909477962476964110212755-660x365.jpg",660,365,true],"large":["https:\/\/arantv.az\/wp-content\/uploads\/2021\/04\/130f1a8e161909477962476964110212755-840x465.jpg",640,354,true],"1536x1536":["https:\/\/arantv.az\/wp-content\/uploads\/2021\/04\/130f1a8e161909477962476964110212755.jpg",975,540,false],"2048x2048":["https:\/\/arantv.az\/wp-content\/uploads\/2021\/04\/130f1a8e161909477962476964110212755.jpg",975,540,false],"post-thumbnail":["https:\/\/arantv.az\/wp-content\/uploads\/2021\/04\/130f1a8e161909477962476964110212755-240x172.jpg",240,172,true],"advps-thumb-one":["https:\/\/arantv.az\/wp-content\/uploads\/2021\/04\/130f1a8e161909477962476964110212755.jpg",975,540,false]},"rttpg_author":{"display_name":"V\u00fcsal Rafiqo\u011flu","author_link":"https:\/\/arantv.az\/?author=2"},"rttpg_comment":0,"rttpg_category":"<a href=\"https:\/\/arantv.az\/?cat=26\" rel=\"category\">Sosial<\/a>","rttpg_excerpt":"\u018flillik meyarlar\u0131n\u0131n t\u0259yini, m\u0259\u015f\u011fulluq v\u0259 m\u0259nzil t\u0259minat\u0131 il\u0259 ba\u011fl\u0131 bu g\u00fcn \u018fm\u0259k v\u0259 \u018fhalinin Sosial M\u00fcdafi\u0259si Nazirliyinin qar\u015f\u0131s\u0131nda etiraz aksiyas\u0131 ke\u00e7ir\u0259n bir qrup V\u0259t\u0259n m\u00fcharib\u0259si i\u015ftirak\u00e7\u0131s\u0131 nazirlik r\u0259smil\u0259ri t\u0259r\u0259find\u0259n q\u0259bul edilib. ARANTV.AZ x\u0259b\u0259r verir ki, bu bar\u0259d\u0259 \u018f\u018fSMN-nin \u0130ctimaiyy\u0259tl\u0259 \u0259laq\u0259l\u0259r v\u0259 kommunikasiya \u015f\u00f6b\u0259sinin m\u00fcdiri Fazil Tal\u0131bov \u0259raziy\u0259 topla\u015fan\u00a0jurnalistl\u0259r\u0259 a\u00e7\u0131qlamas\u0131nda bildirib. Onun s\u00f6zl\u0259rin\u0259 g\u00f6r\u0259, bu g\u00fcn&hellip;","_links":{"self":[{"href":"https:\/\/arantv.az\/index.php?rest_route=\/wp\/v2\/posts\/328990"}],"collection":[{"href":"https:\/\/arantv.az\/index.php?rest_route=\/wp\/v2\/posts"}],"about":[{"href":"https:\/\/arantv.az\/index.php?rest_route=\/wp\/v2\/types\/post"}],"author":[{"embeddable":true,"href":"https:\/\/arantv.az\/index.php?rest_route=\/wp\/v2\/users\/2"}],"replies":[{"embeddable":true,"href":"https:\/\/arantv.az\/index.php?rest_route=%2Fwp%2Fv2%2Fcomments&post=328990"}],"version-history":[{"count":0,"href":"https:\/\/arantv.az\/index.php?rest_route=\/wp\/v2\/posts\/328990\/revisions"}],"wp:featuredmedia":[{"embeddable":true,"href":"https:\/\/arantv.az\/index.php?rest_route=\/wp\/v2\/media\/328991"}],"wp:attachment":[{"href":"https:\/\/arantv.az\/index.php?rest_route=%2Fwp%2Fv2%2Fmedia&parent=328990"}],"wp:term":[{"taxonomy":"category","embeddable":true,"href":"https:\/\/arantv.az\/index.php?rest_route=%2Fwp%2Fv2%2Fcategories&post=328990"},{"taxonomy":"post_tag","embeddable":true,"href":"https:\/\/arantv.az\/index.php?rest_route=%2Fwp%2Fv2%2Ftags&post=328990"}],"curies":[{"name":"wp","href":"https:\/\/api.w.org\/{rel}","templated":true}]}}