{"id":3308,"date":"2018-08-01T08:39:22","date_gmt":"2018-08-01T05:39:22","guid":{"rendered":"http:\/\/arantv.az\/?p=3308"},"modified":"2018-08-01T08:39:22","modified_gmt":"2018-08-01T05:39:22","slug":"aqil-%c9%99l%c9%99sg%c9%99ri-bandotdel-saxlayib","status":"publish","type":"post","link":"https:\/\/arantv.az\/?p=3308","title":{"rendered":"Aqil \u018fl\u0259sg\u0259ri \u201cBandotdel\u201d saxlay\u0131b"},"content":{"rendered":"<p><strong>&#8220;Yenicag.az&#8221; sayt\u0131n\u0131n ba\u015f redaktoru Aqil \u018fl\u0259sg\u0259r Daxili \u0130\u015fl\u0259r Nazirliyinin (D\u0130N) Ba\u015f M\u00fct\u0259\u015f\u0259kkil Cinay\u0259tkarl\u0131qla M\u00fcbariz\u0259 idar\u0259sinin \u0259m\u0259kda\u015flar\u0131 t\u0259r\u0259find\u0259n saxlan\u0131l\u0131b.<\/strong><\/p>\n<p><strong>ARANTV.AZ<\/strong> x\u0259b\u0259r verir ki, bunu sosial \u015f\u0259b\u0259k\u0259sind\u0259 Az\u0259rbaycan M\u0259tbuat \u015euras\u0131n\u0131n s\u0259dri \u018fflatun Ama\u015fov yaz\u0131b.<\/p>\n<p>O, bildirib ki, i\u015f g\u00fcn\u00fcn\u00fcn sonuna yax\u0131n ba\u015f redaktorun yax\u0131nlar\u0131 ondan x\u0259b\u0259r ala bilm\u0259m\u0259l\u0259ri il\u0259 ba\u011fl\u0131 M\u0259tbuat \u015euras\u0131na m\u00fcraci\u0259t edibl\u0259r. M\u00fcraci\u0259t ara\u015fd\u0131r\u0131l\u0131b v\u0259 Aqil \u018fl\u0259sg\u0259rin D\u0130N-in Ba\u015f M\u00fct\u0259\u015f\u0259kkil Cinay\u0259tkarl\u0131qla M\u00fcbariz\u0259 idar\u0259sinin \u0259m\u0259kda\u015flar\u0131 t\u0259r\u0259find\u0259n saxlan\u0131ld\u0131\u011f\u0131 m\u0259lum olub.<\/p>\n<p>\u018f. Ama\u015fov qeyd edib ki, i\u015f g\u00fcn\u00fc ba\u015fa \u00e7atd\u0131\u011f\u0131ndan m\u0259sul \u015f\u0259xsl\u0259rl\u0259 \u0259laq\u0259 yarada bilm\u0259yib. O, bu g\u00fcn M\u0259tbuat \u015euras\u0131 ad\u0131ndan D\u0130N-\u0259 m\u00fcraci\u0259t edil\u0259r\u0259k, jurnalistin saxlanma s\u0259b\u0259binin ayd\u0131nla\u015fd\u0131r\u0131laca\u011f\u0131n\u0131 qeyd edib. &#8220;Aqil \u018fl\u0259sg\u0259rl\u0259 ba\u011fl\u0131 m\u0259s\u0259l\u0259nin \u0259dal\u0259tli, qanunlar\u0131m\u0131z \u00e7\u0259r\u00e7iv\u0259sind\u0259 h\u0259lli vacibdir v\u0259 buna \u00e7al\u0131\u015faca\u011f\u0131q&#8221;.qafqazinfo<\/p>\n","protected":false},"excerpt":{"rendered":"<p>&#8220;Yenicag.az&#8221; sayt\u0131n\u0131n ba\u015f redaktoru Aqil \u018fl\u0259sg\u0259r Daxili \u0130\u015fl\u0259r Nazirliyinin (D\u0130N) Ba\u015f M\u00fct\u0259\u015f\u0259kkil Cinay\u0259tkarl\u0131qla M\u00fcbariz\u0259 idar\u0259sinin \u0259m\u0259kda\u015flar\u0131 t\u0259r\u0259find\u0259n saxlan\u0131l\u0131b. ARANTV.AZ x\u0259b\u0259r verir ki, bunu sosial \u015f\u0259b\u0259k\u0259sind\u0259 Az\u0259rbaycan M\u0259tbuat \u015euras\u0131n\u0131n s\u0259dri \u018fflatun Ama\u015fov yaz\u0131b. O, bildirib ki, i\u015f g\u00fcn\u00fcn\u00fcn sonuna yax\u0131n ba\u015f redaktorun yax\u0131nlar\u0131 ondan x\u0259b\u0259r ala bilm\u0259m\u0259l\u0259ri il\u0259 ba\u011fl\u0131 M\u0259tbuat \u015euras\u0131na m\u00fcraci\u0259t edibl\u0259r. M\u00fcraci\u0259t ara\u015fd\u0131r\u0131l\u0131b v\u0259 Aqil \u018fl\u0259sg\u0259rin D\u0130N-in Ba\u015f M\u00fct\u0259\u015f\u0259kkil Cinay\u0259tkarl\u0131qla M\u00fcbariz\u0259 idar\u0259sinin \u0259m\u0259kda\u015flar\u0131 t\u0259r\u0259find\u0259n saxlan\u0131ld\u0131\u011f\u0131 m\u0259lum olub. \u018f. Ama\u015fov qeyd edib ki, i\u015f g\u00fcn\u00fc ba\u015fa \u00e7atd\u0131\u011f\u0131ndan m\u0259sul \u015f\u0259xsl\u0259rl\u0259 \u0259laq\u0259 yarada bilm\u0259yib. O, bu g\u00fcn M\u0259tbuat \u015euras\u0131 ad\u0131ndan D\u0130N-\u0259 m\u00fcraci\u0259t&hellip;<\/p>\n","protected":false},"author":2,"featured_media":3309,"comment_status":"open","ping_status":"open","sticky":false,"template":"","format":"standard","meta":{"om_disable_all_campaigns":false,"_monsterinsights_skip_tracking":false,"_monsterinsights_sitenote_active":false,"_monsterinsights_sitenote_note":"","_monsterinsights_sitenote_category":0},"categories":[4],"tags":[],"aioseo_notices":[],"gutentor_comment":0,"rttpg_featured_image_url":{"full":["https:\/\/arantv.az\/wp-content\/uploads\/2018\/08\/aqil.jpg",637,400,false],"landscape":["https:\/\/arantv.az\/wp-content\/uploads\/2018\/08\/aqil.jpg",637,400,false],"portraits":["https:\/\/arantv.az\/wp-content\/uploads\/2018\/08\/aqil.jpg",637,400,false],"thumbnail":["https:\/\/arantv.az\/wp-content\/uploads\/2018\/08\/aqil-150x150.jpg",150,150,true],"medium":["https:\/\/arantv.az\/wp-content\/uploads\/2018\/08\/aqil-300x188.jpg",300,188,true],"large":["https:\/\/arantv.az\/wp-content\/uploads\/2018\/08\/aqil.jpg",637,400,false],"1536x1536":["https:\/\/arantv.az\/wp-content\/uploads\/2018\/08\/aqil.jpg",637,400,false],"2048x2048":["https:\/\/arantv.az\/wp-content\/uploads\/2018\/08\/aqil.jpg",637,400,false],"post-thumbnail":["https:\/\/arantv.az\/wp-content\/uploads\/2018\/08\/aqil.jpg",240,151,false],"advps-thumb-one":["https:\/\/arantv.az\/wp-content\/uploads\/2018\/08\/aqil.jpg",637,400,false]},"rttpg_author":{"display_name":"V\u00fcsal Rafiqo\u011flu","author_link":"https:\/\/arantv.az\/?author=2"},"rttpg_comment":0,"rttpg_category":"<a href=\"https:\/\/arantv.az\/?cat=4\" rel=\"category\">Siyas\u0259t<\/a>","rttpg_excerpt":"&#8220;Yenicag.az&#8221; sayt\u0131n\u0131n ba\u015f redaktoru Aqil \u018fl\u0259sg\u0259r Daxili \u0130\u015fl\u0259r Nazirliyinin (D\u0130N) Ba\u015f M\u00fct\u0259\u015f\u0259kkil Cinay\u0259tkarl\u0131qla M\u00fcbariz\u0259 idar\u0259sinin \u0259m\u0259kda\u015flar\u0131 t\u0259r\u0259find\u0259n saxlan\u0131l\u0131b. ARANTV.AZ x\u0259b\u0259r verir ki, bunu sosial \u015f\u0259b\u0259k\u0259sind\u0259 Az\u0259rbaycan M\u0259tbuat \u015euras\u0131n\u0131n s\u0259dri \u018fflatun Ama\u015fov yaz\u0131b. O, bildirib ki, i\u015f g\u00fcn\u00fcn\u00fcn sonuna yax\u0131n ba\u015f redaktorun yax\u0131nlar\u0131 ondan x\u0259b\u0259r ala bilm\u0259m\u0259l\u0259ri il\u0259 ba\u011fl\u0131 M\u0259tbuat \u015euras\u0131na m\u00fcraci\u0259t edibl\u0259r. M\u00fcraci\u0259t ara\u015fd\u0131r\u0131l\u0131b v\u0259&hellip;","_links":{"self":[{"href":"https:\/\/arantv.az\/index.php?rest_route=\/wp\/v2\/posts\/3308"}],"collection":[{"href":"https:\/\/arantv.az\/index.php?rest_route=\/wp\/v2\/posts"}],"about":[{"href":"https:\/\/arantv.az\/index.php?rest_route=\/wp\/v2\/types\/post"}],"author":[{"embeddable":true,"href":"https:\/\/arantv.az\/index.php?rest_route=\/wp\/v2\/users\/2"}],"replies":[{"embeddable":true,"href":"https:\/\/arantv.az\/index.php?rest_route=%2Fwp%2Fv2%2Fcomments&post=3308"}],"version-history":[{"count":0,"href":"https:\/\/arantv.az\/index.php?rest_route=\/wp\/v2\/posts\/3308\/revisions"}],"wp:featuredmedia":[{"embeddable":true,"href":"https:\/\/arantv.az\/index.php?rest_route=\/wp\/v2\/media\/3309"}],"wp:attachment":[{"href":"https:\/\/arantv.az\/index.php?rest_route=%2Fwp%2Fv2%2Fmedia&parent=3308"}],"wp:term":[{"taxonomy":"category","embeddable":true,"href":"https:\/\/arantv.az\/index.php?rest_route=%2Fwp%2Fv2%2Fcategories&post=3308"},{"taxonomy":"post_tag","embeddable":true,"href":"https:\/\/arantv.az\/index.php?rest_route=%2Fwp%2Fv2%2Ftags&post=3308"}],"curies":[{"name":"wp","href":"https:\/\/api.w.org\/{rel}","templated":true}]}}