{"id":33166,"date":"2019-01-18T09:17:56","date_gmt":"2019-01-18T06:17:56","guid":{"rendered":"http:\/\/arantv.az\/?p=33166"},"modified":"2019-01-18T09:17:56","modified_gmt":"2019-01-18T06:17:56","slug":"erm%c9%99nistan-az%c9%99rbaycanin-nufuzu-qarsisinda-kunc%c9%99-sixisdirilmis-v%c9%99ziyy%c9%99t%c9%99-dusub-%c9%99n%c9%99n%c9%99vi-mutt%c9%99fiql%c9%99rini-d%c9%99-itirib","status":"publish","type":"post","link":"https:\/\/arantv.az\/?p=33166","title":{"rendered":"&#8220;Erm\u0259nistan Az\u0259rbaycan\u0131n n\u00fcfuzu qar\u015f\u0131s\u0131nda k\u00fcnc\u0259 s\u0131x\u0131\u015fd\u0131r\u0131lm\u0131\u015f v\u0259ziyy\u0259t\u0259 d\u00fc\u015f\u00fcb, \u0259n\u0259n\u0259vi m\u00fctt\u0259fiql\u0259rini d\u0259 itirib&#8221;"},"content":{"rendered":"<blockquote><p><em><strong>Erm\u0259nistan-Az\u0259rbaycan, Da\u011fl\u0131q Qaraba\u011f probleminin h\u0259lli Az\u0259rbaycan\u0131n xarici siyas\u0259tinin \u0259sas prioriteti olmaqla b\u0259rab\u0259r, \u00f6lk\u0259mizin \u0259razi b\u00fct\u00f6vl\u00fcy\u00fcn\u00fcn b\u0259rpas\u0131n\u0131 v\u0259 s\u0259rh\u0259d toxunulmazl\u0131\u011f\u0131n\u0131n t\u0259min olunmas\u0131n\u0131 milli diplomatiyam\u0131z qar\u015f\u0131s\u0131nda m\u0259qs\u0259d kimi m\u00fc\u0259yy\u0259nl\u0259\u015fdirir.<\/strong><\/em><\/p><\/blockquote>\n<p><strong>ARANTV.AZ<\/strong> x\u0259b\u0259r vcerir ki, bunu\u00a0<a href=\"https:\/\/az.trend.az\/\" target=\"_blank\" rel=\"noopener\">Trend<\/a>-\u0259 Milli M\u0259clisin deputat\u0131 Hikm\u0259t Babao\u011flu deyib.<\/p>\n<p>H.Babao\u011flu bildirib ki, bunun \u00fc\u00e7\u00fcn Az\u0259rbaycan \u00f6t\u0259n ill\u0259r \u0259rzind\u0259 m\u00fch\u00fcm, d\u0259rin strateji siyas\u0259t h\u0259yata ke\u00e7irm\u0259kl\u0259 ilk n\u00f6vb\u0259d\u0259 problemin h\u0259lli il\u0259 ba\u011fl\u0131 yeni \u015f\u0259rtl\u0259r formala\u015fd\u0131rma\u011fa nail olub. Bu \u015f\u0259rtl\u0259rin formala\u015fd\u0131r\u0131lmas\u0131 m\u00fch\u00fcm strateji istiqam\u0259tl\u0259r \u00fczr\u0259 m\u00fc\u0259yy\u0259n edilmi\u015f ard\u0131c\u0131l v\u0259 m\u0259qs\u0259dy\u00f6nl\u00fc siyas\u0259t say\u0259sind\u0259 m\u00fcmk\u00fcn olub:<\/p>\n<p>&#8220;\u0130lk n\u00f6vb\u0259d\u0259, beyn\u0259lxalq al\u0259md\u0259 Az\u0259rbaycan\u0131n n\u00fcfuzunun art\u0131r\u0131lmas\u0131, regional v\u0259 beyn\u0259lxalq t\u0259\u015fkilatlarla \u00f6lk\u0259mizin b\u0259rab\u0259rh\u00fcquqlu t\u0259r\u0259fda\u015fl\u0131\u011fa nail olmas\u0131, ikincisi is\u0259 regionda erm\u0259nil\u0259rl\u0259 \u0259n\u0259n\u0259vi \u0259laq\u0259l\u0259ri olan v\u0259 daha \u00e7ox Erm\u0259nistan\u0131n t\u0259r\u0259fda\u015f\u0131 kimi tan\u0131nan \u00f6lk\u0259l\u0259ri \u00f6z t\u0259r\u0259fda\u015f\u0131na \u00e7evirm\u0259si siyas\u0259ti h\u0259yata ke\u00e7irilib. Diqq\u0259t yetirs\u0259k g\u00f6r\u0259rik ki, bunlar bir ne\u00e7\u0259 istiqam\u0259td\u0259 m\u00fc\u0259yy\u0259nl\u0259\u015fib: \u015fimal, c\u0259nub v\u0259 q\u0259rb istiqam\u0259tl\u0259ri. M\u0259lumdur ki, Da\u011fl\u0131q Qaraba\u011f probleminin h\u0259llind\u0259 Rusiya Federasiyas\u0131 \u00f6z\u00fcn\u0259m\u0259xsus v\u0259 x\u00fcsusi \u00e7\u0259kisi olan \u00f6lk\u0259dir. Onu da bilirik ki, bu \u00f6lk\u0259 il\u0259 ayr\u0131-ayr\u0131 m\u0259rh\u0259l\u0259l\u0259rd\u0259 m\u00fcnasib\u0259tl\u0259r sabit, ancaq eni\u015fli-yoxu\u015flu olub. 2007-ci ild\u0259n sonrak\u0131 m\u0259rh\u0259l\u0259d\u0259 Az\u0259rbaycan\u0131n h\u0259yata ke\u00e7irdiyi diplomatiya say\u0259sind\u0259 Rusiya il\u0259 m\u00fcnasib\u0259tl\u0259r strateji m\u00fctt\u0259fiqlik s\u0259viyy\u0259sin\u0259 qalx\u0131b. Eyni zamanda, \u0130ranla m\u00fcnasib\u0259tl\u0259r y\u00fcks\u0259k s\u0259viyy\u0259y\u0259 \u00e7at\u0131b. Bu m\u00fcnasib\u0259tl\u0259rin yax\u015f\u0131 olmas\u0131 \u00fc\u00e7\u00fcn Az\u0259rbaycan yeni diplomatik formatlar m\u00fc\u0259yy\u0259n edib v\u0259 bu formatlar \u00e7\u0259r\u00e7iv\u0259sind\u0259 \u00f6z milli maraqlar\u0131n\u0131 m\u00fcdafi\u0259 ed\u0259n strategiya ir\u0259li s\u00fcr\u00fcb. N\u0259tic\u0259d\u0259 n\u0259 ba\u015f verib? T\u0259kc\u0259 2018-ci ild\u0259 Az\u0259rbaycan v\u0259 Rusiya prezidentl\u0259ri 6 d\u0259f\u0259 g\u00f6r\u00fc\u015f\u00fcbl\u0259r. Bu, m\u00fcnasib\u0259tl\u0259rin yeni m\u0259rh\u0259l\u0259sind\u0259n x\u0259b\u0259r verir&#8221;.<\/p>\n<p>Mill\u0259t v\u0259kili vur\u011fulay\u0131b ki, eyni zamanda, Az\u0259rbaycan regional \u0259m\u0259kda\u015fl\u0131\u011f\u0131 prinsipial m\u00f6vqe olaraq m\u00fc\u0259yy\u0259nl\u0259\u015fdirm\u0259kl\u0259 t\u0259r\u0259fda\u015f \u00f6lk\u0259l\u0259rin milli maraqlar\u0131n\u0131 da \u00f6z milli maraqlar\u0131 il\u0259 uzla\u015fd\u0131rma\u011f\u0131 bacar\u0131b:<\/p>\n<p>&#8220;M\u0259s\u0259l\u0259n, \u015fimal qon\u015fumuza qar\u015f\u0131 b\u0259zi Avropa \u00f6lk\u0259l\u0259ri t\u0259r\u0259find\u0259n t\u0259tbiq olunan sanksiyalar zaman\u0131 Az\u0259rbaycan yax\u0131n qon\u015fuluq prinsipind\u0259n \u00e7\u0131x\u0131\u015f edib, h\u0259m\u00e7inin \u0130rana qar\u015f\u0131 m\u00fcxt\u0259lif vaxtlarda m\u00fcxt\u0259lif sanksiyalar t\u0259tbiq edils\u0259 d\u0259, Az\u0259rbaycan qon\u015fuluq siyas\u0259tini d\u0259yi\u015fm\u0259d\u0259n c\u0259nub qon\u015fumuzla m\u00fcnasib\u0259tl\u0259ri y\u00fcks\u0259k s\u0259viyy\u0259d\u0259 saxlama\u011f\u0131 bacar\u0131b. Eyni v\u0259ziyy\u0259ti G\u00fcrc\u00fcstan v\u0259 T\u00fcrkiy\u0259y\u0259 m\u00fcnasib\u0259td\u0259 d\u0259 m\u00fc\u015fahid\u0259 ed\u0259 bil\u0259rik. \u00c7\u00fcnki Az\u0259rbaycan h\u0259yata ke\u00e7irdiyi b\u00fct\u00fcn qlobal iqtisadi layih\u0259l\u0259rd\u0259 G\u00fcrc\u00fcstan\u0131 tranzit \u00f6lk\u0259 kimi m\u00fc\u0259yy\u0259nl\u0259\u015fdirm\u0259kl\u0259, onun iqtisadiyyat\u0131na s\u0259rmay\u0259 qoymaqla, \u0259laq\u0259l\u0259ri g\u00fccl\u0259ndirm\u0259kl\u0259 bu \u00f6lk\u0259 il\u0259 m\u00fcnasib\u0259tl\u0259ri y\u00fcks\u0259k s\u0259viyy\u0259d\u0259 saxlama\u011f\u0131 bacar\u0131b. T\u00fcrkiy\u0259y\u0259 g\u0259ldikd\u0259 is\u0259 bu m\u00fcnasib\u0259tl\u0259r haz\u0131rda s\u00f6z\u00fcn h\u0259qiqi m\u0259nas\u0131nda &#8220;bir mill\u0259t, iki d\u00f6vl\u0259t&#8221; m\u00fcnasib\u0259tl\u0259ri s\u0259viyy\u0259sind\u0259 xarakteriz\u0259 olunur. G\u00f6r\u00fcnd\u00fcy\u00fc kimi, bunlar d\u00fc\u015f\u00fcn\u00fclm\u00fc\u015f uzunm\u00fcdd\u0259tli strategiya n\u0259tic\u0259sind\u0259 m\u00fcmk\u00fcn olan reall\u0131qlard\u0131r&#8221;.<\/p>\n<p>H.Babao\u011flu \u0259lav\u0259 edib ki, bel\u0259likl\u0259, haz\u0131rda Erm\u0259nistan h\u0259m regionda, h\u0259m d\u0259 beyn\u0259lxalq al\u0259md\u0259 Az\u0259rbaycan\u0131n n\u00fcfuzu qar\u015f\u0131s\u0131nda k\u00fcnc\u0259 s\u0131x\u0131\u015fd\u0131r\u0131lm\u0131\u015f v\u0259ziyy\u0259t\u0259 d\u00fc\u015f\u00fcb, \u0259n\u0259n\u0259vi m\u00fctt\u0259fiql\u0259rini d\u0259 itirib:<\/p>\n<p>&#8220;Prezident \u0130lham \u018fliyevin d\u0259 dediyi kimi, Az\u0259rbaycan i\u015f\u011fal\u00e7\u0131 Erm\u0259nistana qar\u015f\u0131 t\u0259crid siyas\u0259tini u\u011furla davam etdirib v\u0259 i\u015f\u011fal fakt\u0131 davam etdikc\u0259, h\u0259min siyas\u0259ti davam etdir\u0259c\u0259yik. Yeni reall\u0131q v\u0259 Erm\u0259nistan\u0131n bu c\u00fcr k\u00fcnc\u0259 s\u0131x\u0131\u015fd\u0131r\u0131lmas\u0131 onun \u00f6z \u0259n\u0259n\u0259vi m\u00fctt\u0259fiql\u0259ri il\u0259 m\u00fcnasib\u0259tl\u0259rinin korlanmas\u0131na g\u0259tirib \u00e7\u0131xar\u0131b ki, \u00f6t\u0259n ilin aprelind\u0259 ba\u015flay\u0131b dekabr ay\u0131nda sona \u00e7atan hadis\u0259l\u0259rd\u0259 biz bir daha bunun \u015fahidi olduq. Ona g\u00f6r\u0259 d\u0259 Az\u0259rbaycan 2019-cu il\u0259 yeni yaratd\u0131\u011f\u0131 geosiyasi reall\u0131qlarla q\u0259d\u0259m qoyub. Bu reall\u0131qlar \u00f6lk\u0259mizin lehin\u0259dir v\u0259 Erm\u0259nistan-Az\u0259rbaycan Da\u011fl\u0131q Qaraba\u011f probleminin h\u0259llind\u0259 yeni perspektivl\u0259r yarad\u0131r. D\u00fc\u015f\u00fcn\u00fcr\u00fck ki, 2019-cu il bu istiqam\u0259td\u0259 m\u00fch\u00fcm ir\u0259lil\u0259yi\u015fl\u0259r kimi tarix\u0259 d\u00fc\u015f\u0259c\u0259k&#8221;.<\/p>\n","protected":false},"excerpt":{"rendered":"<p>Erm\u0259nistan-Az\u0259rbaycan, Da\u011fl\u0131q Qaraba\u011f probleminin h\u0259lli Az\u0259rbaycan\u0131n xarici siyas\u0259tinin \u0259sas prioriteti olmaqla b\u0259rab\u0259r, \u00f6lk\u0259mizin \u0259razi b\u00fct\u00f6vl\u00fcy\u00fcn\u00fcn b\u0259rpas\u0131n\u0131 v\u0259 s\u0259rh\u0259d toxunulmazl\u0131\u011f\u0131n\u0131n t\u0259min olunmas\u0131n\u0131 milli diplomatiyam\u0131z qar\u015f\u0131s\u0131nda m\u0259qs\u0259d kimi m\u00fc\u0259yy\u0259nl\u0259\u015fdirir. ARANTV.AZ x\u0259b\u0259r vcerir ki, bunu\u00a0Trend-\u0259 Milli M\u0259clisin deputat\u0131 Hikm\u0259t Babao\u011flu deyib. H.Babao\u011flu bildirib ki, bunun \u00fc\u00e7\u00fcn Az\u0259rbaycan \u00f6t\u0259n ill\u0259r \u0259rzind\u0259 m\u00fch\u00fcm, d\u0259rin strateji siyas\u0259t h\u0259yata ke\u00e7irm\u0259kl\u0259 ilk n\u00f6vb\u0259d\u0259 problemin h\u0259lli il\u0259 ba\u011fl\u0131 yeni \u015f\u0259rtl\u0259r formala\u015fd\u0131rma\u011fa nail olub. Bu \u015f\u0259rtl\u0259rin formala\u015fd\u0131r\u0131lmas\u0131 m\u00fch\u00fcm strateji istiqam\u0259tl\u0259r \u00fczr\u0259 m\u00fc\u0259yy\u0259n edilmi\u015f ard\u0131c\u0131l v\u0259 m\u0259qs\u0259dy\u00f6nl\u00fc siyas\u0259t say\u0259sind\u0259 m\u00fcmk\u00fcn olub: &#8220;\u0130lk n\u00f6vb\u0259d\u0259, beyn\u0259lxalq al\u0259md\u0259 Az\u0259rbaycan\u0131n n\u00fcfuzunun art\u0131r\u0131lmas\u0131, regional v\u0259 beyn\u0259lxalq&hellip;<\/p>\n","protected":false},"author":2,"featured_media":33167,"comment_status":"closed","ping_status":"closed","sticky":false,"template":"","format":"standard","meta":{"om_disable_all_campaigns":false,"_monsterinsights_skip_tracking":false,"_monsterinsights_sitenote_active":false,"_monsterinsights_sitenote_note":"","_monsterinsights_sitenote_category":0},"categories":[4],"tags":[],"aioseo_notices":[],"gutentor_comment":0,"rttpg_featured_image_url":{"full":["https:\/\/arantv.az\/wp-content\/uploads\/2019\/01\/722357.jpg",800,600,false],"landscape":["https:\/\/arantv.az\/wp-content\/uploads\/2019\/01\/722357.jpg",800,600,false],"portraits":["https:\/\/arantv.az\/wp-content\/uploads\/2019\/01\/722357.jpg",800,600,false],"thumbnail":["https:\/\/arantv.az\/wp-content\/uploads\/2019\/01\/722357-150x150.jpg",150,150,true],"medium":["https:\/\/arantv.az\/wp-content\/uploads\/2019\/01\/722357-300x225.jpg",300,225,true],"large":["https:\/\/arantv.az\/wp-content\/uploads\/2019\/01\/722357.jpg",640,480,false],"1536x1536":["https:\/\/arantv.az\/wp-content\/uploads\/2019\/01\/722357.jpg",800,600,false],"2048x2048":["https:\/\/arantv.az\/wp-content\/uploads\/2019\/01\/722357.jpg",800,600,false],"post-thumbnail":["https:\/\/arantv.az\/wp-content\/uploads\/2019\/01\/722357-240x172.jpg",240,172,true],"advps-thumb-one":["https:\/\/arantv.az\/wp-content\/uploads\/2019\/01\/722357.jpg",800,600,false]},"rttpg_author":{"display_name":"V\u00fcsal Rafiqo\u011flu","author_link":"https:\/\/arantv.az\/?author=2"},"rttpg_comment":0,"rttpg_category":"<a href=\"https:\/\/arantv.az\/?cat=4\" rel=\"category\">Siyas\u0259t<\/a>","rttpg_excerpt":"Erm\u0259nistan-Az\u0259rbaycan, Da\u011fl\u0131q Qaraba\u011f probleminin h\u0259lli Az\u0259rbaycan\u0131n xarici siyas\u0259tinin \u0259sas prioriteti olmaqla b\u0259rab\u0259r, \u00f6lk\u0259mizin \u0259razi b\u00fct\u00f6vl\u00fcy\u00fcn\u00fcn b\u0259rpas\u0131n\u0131 v\u0259 s\u0259rh\u0259d toxunulmazl\u0131\u011f\u0131n\u0131n t\u0259min olunmas\u0131n\u0131 milli diplomatiyam\u0131z qar\u015f\u0131s\u0131nda m\u0259qs\u0259d kimi m\u00fc\u0259yy\u0259nl\u0259\u015fdirir. ARANTV.AZ x\u0259b\u0259r vcerir ki, bunu\u00a0Trend-\u0259 Milli M\u0259clisin deputat\u0131 Hikm\u0259t Babao\u011flu deyib. H.Babao\u011flu bildirib ki, bunun \u00fc\u00e7\u00fcn Az\u0259rbaycan \u00f6t\u0259n ill\u0259r \u0259rzind\u0259 m\u00fch\u00fcm, d\u0259rin strateji siyas\u0259t h\u0259yata ke\u00e7irm\u0259kl\u0259 ilk n\u00f6vb\u0259d\u0259&hellip;","_links":{"self":[{"href":"https:\/\/arantv.az\/index.php?rest_route=\/wp\/v2\/posts\/33166"}],"collection":[{"href":"https:\/\/arantv.az\/index.php?rest_route=\/wp\/v2\/posts"}],"about":[{"href":"https:\/\/arantv.az\/index.php?rest_route=\/wp\/v2\/types\/post"}],"author":[{"embeddable":true,"href":"https:\/\/arantv.az\/index.php?rest_route=\/wp\/v2\/users\/2"}],"replies":[{"embeddable":true,"href":"https:\/\/arantv.az\/index.php?rest_route=%2Fwp%2Fv2%2Fcomments&post=33166"}],"version-history":[{"count":0,"href":"https:\/\/arantv.az\/index.php?rest_route=\/wp\/v2\/posts\/33166\/revisions"}],"wp:featuredmedia":[{"embeddable":true,"href":"https:\/\/arantv.az\/index.php?rest_route=\/wp\/v2\/media\/33167"}],"wp:attachment":[{"href":"https:\/\/arantv.az\/index.php?rest_route=%2Fwp%2Fv2%2Fmedia&parent=33166"}],"wp:term":[{"taxonomy":"category","embeddable":true,"href":"https:\/\/arantv.az\/index.php?rest_route=%2Fwp%2Fv2%2Fcategories&post=33166"},{"taxonomy":"post_tag","embeddable":true,"href":"https:\/\/arantv.az\/index.php?rest_route=%2Fwp%2Fv2%2Ftags&post=33166"}],"curies":[{"name":"wp","href":"https:\/\/api.w.org\/{rel}","templated":true}]}}