{"id":33178,"date":"2019-01-18T09:21:14","date_gmt":"2019-01-18T06:21:14","guid":{"rendered":"http:\/\/arantv.az\/?p=33178"},"modified":"2019-01-18T09:21:14","modified_gmt":"2019-01-18T06:21:14","slug":"s%c9%99fir-turkiy%c9%99nin-coxt%c9%99r%c9%99fli-formatda-gorusl%c9%99rin-kecirilm%c9%99si-t%c9%99s%c9%99bbusun%c9%99-%c9%99n-boyuk-d%c9%99st%c9%99yi-az%c9%99rbaycan-verib","status":"publish","type":"post","link":"https:\/\/arantv.az\/?p=33178","title":{"rendered":"S\u0259fir: &#8220;T\u00fcrkiy\u0259nin \u00e7oxt\u0259r\u0259fli formatda g\u00f6r\u00fc\u015fl\u0259rin ke\u00e7irilm\u0259si t\u0259\u015f\u0259bb\u00fcs\u00fcn\u0259 \u0259n b\u00f6y\u00fck d\u0259st\u0259yi Az\u0259rbaycan verib&#8221;"},"content":{"rendered":"<blockquote><p><em><strong>T\u00fcrkiy\u0259nin \u00e7oxt\u0259r\u0259fli formatda g\u00f6r\u00fc\u015fl\u0259rin ke\u00e7irilm\u0259si t\u0259\u015f\u0259bb\u00fcs\u00fcn\u0259 \u0259n b\u00f6y\u00fck d\u0259st\u0259yi Az\u0259rbaycan verib.<\/strong><\/em><\/p><\/blockquote>\n<p><strong>ARANTV.AZ\u00a0<\/strong> x\u0259b\u0259r verir ki, bunu\u00a0<a href=\"https:\/\/az.trend.az\/\" target=\"_blank\" rel=\"noopener\">Trend<\/a>-\u0259 \u00f6z\u0259l m\u00fcsahib\u0259sind\u0259 T\u00fcrkiy\u0259nin Az\u0259rbaycandak\u0131 s\u0259firi Erkan \u00d6zoral bildirib.<\/p>\n<p>E.\u00d6zoral qeyd edib ki, T\u00fcrkiy\u0259-Az\u0259rbaycan-G\u00fcrc\u00fcstan, T\u00fcrkiy\u0259-Az\u0259rbaycan-\u0130ran, T\u00fcrkiy\u0259-Az\u0259rbaycan-Pakistan kimi \u00fc\u00e7t\u0259r\u0259fli, T\u00fcrkiy\u0259-Az\u0259rbaycan-G\u00fcrc\u00fcstan-\u0130ran kimi d\u00f6rdt\u0259r\u0259fli formatda t\u0259\u015fkil olunan toplant\u0131lar yaln\u0131z \u00f6lk\u0259l\u0259rin deyil, el\u0259c\u0259 d\u0259 b\u00f6lg\u0259nin rifah\u0131, inki\u015faf\u0131 v\u0259 t\u0259hl\u00fck\u0259sizliyin\u0259 xidm\u0259t edir:<\/p>\n<p>&#8220;T\u00fcrkiy\u0259 ikit\u0259r\u0259fli formatdan k\u0259nara \u00e7\u0131xan, y\u0259ni \u00e7oxt\u0259r\u0259fli formatda g\u00f6r\u00fc\u015fl\u0259rin ke\u00e7irilm\u0259sini t\u0259klif edib v\u0259 h\u0259yata ke\u00e7irib. Bu t\u0259klifin realla\u015fmas\u0131na \u0259n b\u00f6y\u00fck d\u0259st\u0259yi is\u0259 qarda\u015f Az\u0259rbaycan g\u00f6st\u0259rib&#8221;.<\/p>\n<p>T\u00fcrkiy\u0259li diplomat bu c\u00fcr formatlar\u0131n inki\u015faf etdirilm\u0259si v\u0259 geni\u015fl\u0259ndirilm\u0259sinin m\u00fcmk\u00fcn oldu\u011funu deyib: &#8220;Haz\u0131rda x\u00fcsusil\u0259 ortaq prioritetl\u0259ri b\u00f6l\u00fc\u015fd\u00fcy\u00fcm\u00fcz v\u0259 ox\u015far yana\u015fmalara malik oldu\u011fumuz dig\u0259r \u00f6lk\u0259l\u0259rl\u0259 bu c\u00fcr formatlarda g\u00f6r\u00fc\u015fl\u0259rin ke\u00e7irilm\u0259si fikri n\u0259z\u0259rd\u0259n ke\u00e7irilir&#8221;.<\/p>\n<p>S\u0259fir \u0259lav\u0259 edib ki, \u0259sas m\u0259qs\u0259d bu g\u00f6r\u00fc\u015fl\u0259rin n\u0259tic\u0259 verm\u0259si, s\u0259m\u0259r\u0259li olmas\u0131 v\u0259 \u0259m\u0259kda\u015fl\u0131\u011f\u0131n inki\u015faf\u0131na t\u0259kan verm\u0259sidir: &#8220;Bu m\u0259s\u0259l\u0259d\u0259 regionun b\u00fct\u00fcn m\u00fcvafiq t\u0259r\u0259fl\u0259ri il\u0259 birg\u0259 i\u015fl\u0259m\u0259y\u0259 haz\u0131r\u0131q&#8221;.<\/p>\n","protected":false},"excerpt":{"rendered":"<p>T\u00fcrkiy\u0259nin \u00e7oxt\u0259r\u0259fli formatda g\u00f6r\u00fc\u015fl\u0259rin ke\u00e7irilm\u0259si t\u0259\u015f\u0259bb\u00fcs\u00fcn\u0259 \u0259n b\u00f6y\u00fck d\u0259st\u0259yi Az\u0259rbaycan verib. ARANTV.AZ\u00a0 x\u0259b\u0259r verir ki, bunu\u00a0Trend-\u0259 \u00f6z\u0259l m\u00fcsahib\u0259sind\u0259 T\u00fcrkiy\u0259nin Az\u0259rbaycandak\u0131 s\u0259firi Erkan \u00d6zoral bildirib. E.\u00d6zoral qeyd edib ki, T\u00fcrkiy\u0259-Az\u0259rbaycan-G\u00fcrc\u00fcstan, T\u00fcrkiy\u0259-Az\u0259rbaycan-\u0130ran, T\u00fcrkiy\u0259-Az\u0259rbaycan-Pakistan kimi \u00fc\u00e7t\u0259r\u0259fli, T\u00fcrkiy\u0259-Az\u0259rbaycan-G\u00fcrc\u00fcstan-\u0130ran kimi d\u00f6rdt\u0259r\u0259fli formatda t\u0259\u015fkil olunan toplant\u0131lar yaln\u0131z \u00f6lk\u0259l\u0259rin deyil, el\u0259c\u0259 d\u0259 b\u00f6lg\u0259nin rifah\u0131, inki\u015faf\u0131 v\u0259 t\u0259hl\u00fck\u0259sizliyin\u0259 xidm\u0259t edir: &#8220;T\u00fcrkiy\u0259 ikit\u0259r\u0259fli formatdan k\u0259nara \u00e7\u0131xan, y\u0259ni \u00e7oxt\u0259r\u0259fli formatda g\u00f6r\u00fc\u015fl\u0259rin ke\u00e7irilm\u0259sini t\u0259klif edib v\u0259 h\u0259yata ke\u00e7irib. Bu t\u0259klifin realla\u015fmas\u0131na \u0259n b\u00f6y\u00fck d\u0259st\u0259yi is\u0259 qarda\u015f Az\u0259rbaycan g\u00f6st\u0259rib&#8221;. T\u00fcrkiy\u0259li diplomat bu c\u00fcr formatlar\u0131n inki\u015faf etdirilm\u0259si v\u0259 geni\u015fl\u0259ndirilm\u0259sinin m\u00fcmk\u00fcn oldu\u011funu deyib: &#8220;Haz\u0131rda&hellip;<\/p>\n","protected":false},"author":2,"featured_media":33179,"comment_status":"closed","ping_status":"closed","sticky":false,"template":"","format":"standard","meta":{"om_disable_all_campaigns":false,"_monsterinsights_skip_tracking":false,"_monsterinsights_sitenote_active":false,"_monsterinsights_sitenote_note":"","_monsterinsights_sitenote_category":0},"categories":[4],"tags":[],"aioseo_notices":[],"gutentor_comment":0,"rttpg_featured_image_url":{"full":["https:\/\/arantv.az\/wp-content\/uploads\/2019\/01\/722342.jpg",800,600,false],"landscape":["https:\/\/arantv.az\/wp-content\/uploads\/2019\/01\/722342.jpg",800,600,false],"portraits":["https:\/\/arantv.az\/wp-content\/uploads\/2019\/01\/722342.jpg",800,600,false],"thumbnail":["https:\/\/arantv.az\/wp-content\/uploads\/2019\/01\/722342-150x150.jpg",150,150,true],"medium":["https:\/\/arantv.az\/wp-content\/uploads\/2019\/01\/722342-300x225.jpg",300,225,true],"large":["https:\/\/arantv.az\/wp-content\/uploads\/2019\/01\/722342.jpg",640,480,false],"1536x1536":["https:\/\/arantv.az\/wp-content\/uploads\/2019\/01\/722342.jpg",800,600,false],"2048x2048":["https:\/\/arantv.az\/wp-content\/uploads\/2019\/01\/722342.jpg",800,600,false],"post-thumbnail":["https:\/\/arantv.az\/wp-content\/uploads\/2019\/01\/722342-240x172.jpg",240,172,true],"advps-thumb-one":["https:\/\/arantv.az\/wp-content\/uploads\/2019\/01\/722342.jpg",800,600,false]},"rttpg_author":{"display_name":"V\u00fcsal Rafiqo\u011flu","author_link":"https:\/\/arantv.az\/?author=2"},"rttpg_comment":0,"rttpg_category":"<a href=\"https:\/\/arantv.az\/?cat=4\" rel=\"category\">Siyas\u0259t<\/a>","rttpg_excerpt":"T\u00fcrkiy\u0259nin \u00e7oxt\u0259r\u0259fli formatda g\u00f6r\u00fc\u015fl\u0259rin ke\u00e7irilm\u0259si t\u0259\u015f\u0259bb\u00fcs\u00fcn\u0259 \u0259n b\u00f6y\u00fck d\u0259st\u0259yi Az\u0259rbaycan verib. ARANTV.AZ\u00a0 x\u0259b\u0259r verir ki, bunu\u00a0Trend-\u0259 \u00f6z\u0259l m\u00fcsahib\u0259sind\u0259 T\u00fcrkiy\u0259nin Az\u0259rbaycandak\u0131 s\u0259firi Erkan \u00d6zoral bildirib. E.\u00d6zoral qeyd edib ki, T\u00fcrkiy\u0259-Az\u0259rbaycan-G\u00fcrc\u00fcstan, T\u00fcrkiy\u0259-Az\u0259rbaycan-\u0130ran, T\u00fcrkiy\u0259-Az\u0259rbaycan-Pakistan kimi \u00fc\u00e7t\u0259r\u0259fli, T\u00fcrkiy\u0259-Az\u0259rbaycan-G\u00fcrc\u00fcstan-\u0130ran kimi d\u00f6rdt\u0259r\u0259fli formatda t\u0259\u015fkil olunan toplant\u0131lar yaln\u0131z \u00f6lk\u0259l\u0259rin deyil, el\u0259c\u0259 d\u0259 b\u00f6lg\u0259nin rifah\u0131, inki\u015faf\u0131 v\u0259 t\u0259hl\u00fck\u0259sizliyin\u0259 xidm\u0259t edir: &#8220;T\u00fcrkiy\u0259 ikit\u0259r\u0259fli formatdan&hellip;","_links":{"self":[{"href":"https:\/\/arantv.az\/index.php?rest_route=\/wp\/v2\/posts\/33178"}],"collection":[{"href":"https:\/\/arantv.az\/index.php?rest_route=\/wp\/v2\/posts"}],"about":[{"href":"https:\/\/arantv.az\/index.php?rest_route=\/wp\/v2\/types\/post"}],"author":[{"embeddable":true,"href":"https:\/\/arantv.az\/index.php?rest_route=\/wp\/v2\/users\/2"}],"replies":[{"embeddable":true,"href":"https:\/\/arantv.az\/index.php?rest_route=%2Fwp%2Fv2%2Fcomments&post=33178"}],"version-history":[{"count":0,"href":"https:\/\/arantv.az\/index.php?rest_route=\/wp\/v2\/posts\/33178\/revisions"}],"wp:featuredmedia":[{"embeddable":true,"href":"https:\/\/arantv.az\/index.php?rest_route=\/wp\/v2\/media\/33179"}],"wp:attachment":[{"href":"https:\/\/arantv.az\/index.php?rest_route=%2Fwp%2Fv2%2Fmedia&parent=33178"}],"wp:term":[{"taxonomy":"category","embeddable":true,"href":"https:\/\/arantv.az\/index.php?rest_route=%2Fwp%2Fv2%2Fcategories&post=33178"},{"taxonomy":"post_tag","embeddable":true,"href":"https:\/\/arantv.az\/index.php?rest_route=%2Fwp%2Fv2%2Ftags&post=33178"}],"curies":[{"name":"wp","href":"https:\/\/api.w.org\/{rel}","templated":true}]}}