{"id":33182,"date":"2019-01-18T09:22:20","date_gmt":"2019-01-18T06:22:20","guid":{"rendered":"http:\/\/arantv.az\/?p=33182"},"modified":"2019-01-18T09:22:20","modified_gmt":"2019-01-18T06:22:20","slug":"az%c9%99rbaycanin-moskvadaki-s%c9%99firliyin%c9%99-rusiya-xin-d%c9%99n-hec-bir-nota-daxil-olmayib-r%c9%99smi","status":"publish","type":"post","link":"https:\/\/arantv.az\/?p=33182","title":{"rendered":"Az\u0259rbaycan\u0131n Moskvadak\u0131 s\u0259firliyin\u0259 Rusiya X\u0130N-d\u0259n he\u00e7 bir nota daxil olmay\u0131b &#8211; R\u018fSM\u0130"},"content":{"rendered":"<blockquote><p><strong><em>Rusiya Xarici \u0130\u015fl\u0259r Nazirliyind\u0259n (X\u0130N) Az\u0259rbaycan\u0131n Moskvadak\u0131 s\u0259firliyin\u0259 he\u00e7 bir nota daxil olmay\u0131b.<\/em><\/strong><\/p><\/blockquote>\n<p><strong>ARANTV.AZ<\/strong> x\u0259b\u0259r verir ki, bunu report-a cavab olaraq Az\u0259rbaycan\u0131n Rusiyadak\u0131 s\u0259firliyind\u0259n bildiribl\u0259r.<\/p>\n<p>&#8220;Nota verilm\u0259yib. Sad\u0259c\u0259, m\u0259lumat xarakterli yadda\u015f qeydi daxil olub. Hans\u0131 ki, r\u0259smi diplomatik yaz\u0131\u015fma hesab olunmur. Bu da Rusiyan\u0131n erm\u0259ni m\u0259n\u015f\u0259li v\u0259t\u0259nda\u015flar\u0131n\u0131n Az\u0259rbaycan hava limanlar\u0131nda v\u0259 ya dig\u0259r s\u0259rh\u0259d ke\u00e7id m\u0259nt\u0259q\u0259l\u0259rind\u0259 g\u0259l\u0259c\u0259kd\u0259 s\u00fcni \u0259ng\u0259ll\u0259rl\u0259 rastla\u015fmamalar\u0131 bar\u0259d\u0259 m\u0259lumat xarakterli bir xahi\u015fdir&#8221;.<\/p>\n<p>Qeyd ed\u0259k ki, son g\u00fcnl\u0259r Erm\u0259nistan m\u0259tbuat\u0131 Rusiya X\u0130N-nin bu \u00f6lk\u0259d\u0259ki Az\u0259rbaycan s\u0259firliyin\u0259 nota t\u0259qdim etm\u0259si bar\u0259d\u0259 x\u0259b\u0259rl\u0259r yay\u0131b.<\/p>\n","protected":false},"excerpt":{"rendered":"<p>Rusiya Xarici \u0130\u015fl\u0259r Nazirliyind\u0259n (X\u0130N) Az\u0259rbaycan\u0131n Moskvadak\u0131 s\u0259firliyin\u0259 he\u00e7 bir nota daxil olmay\u0131b. ARANTV.AZ x\u0259b\u0259r verir ki, bunu report-a cavab olaraq Az\u0259rbaycan\u0131n Rusiyadak\u0131 s\u0259firliyind\u0259n bildiribl\u0259r. &#8220;Nota verilm\u0259yib. Sad\u0259c\u0259, m\u0259lumat xarakterli yadda\u015f qeydi daxil olub. Hans\u0131 ki, r\u0259smi diplomatik yaz\u0131\u015fma hesab olunmur. Bu da Rusiyan\u0131n erm\u0259ni m\u0259n\u015f\u0259li v\u0259t\u0259nda\u015flar\u0131n\u0131n Az\u0259rbaycan hava limanlar\u0131nda v\u0259 ya dig\u0259r s\u0259rh\u0259d ke\u00e7id m\u0259nt\u0259q\u0259l\u0259rind\u0259 g\u0259l\u0259c\u0259kd\u0259 s\u00fcni \u0259ng\u0259ll\u0259rl\u0259 rastla\u015fmamalar\u0131 bar\u0259d\u0259 m\u0259lumat xarakterli bir xahi\u015fdir&#8221;. Qeyd ed\u0259k ki, son g\u00fcnl\u0259r Erm\u0259nistan m\u0259tbuat\u0131 Rusiya X\u0130N-nin bu \u00f6lk\u0259d\u0259ki Az\u0259rbaycan s\u0259firliyin\u0259 nota t\u0259qdim etm\u0259si bar\u0259d\u0259 x\u0259b\u0259rl\u0259r yay\u0131b.<\/p>\n","protected":false},"author":2,"featured_media":33183,"comment_status":"closed","ping_status":"closed","sticky":false,"template":"","format":"standard","meta":{"om_disable_all_campaigns":false,"_monsterinsights_skip_tracking":false,"_monsterinsights_sitenote_active":false,"_monsterinsights_sitenote_note":"","_monsterinsights_sitenote_category":0},"categories":[19],"tags":[],"aioseo_notices":[],"gutentor_comment":0,"rttpg_featured_image_url":{"full":["https:\/\/arantv.az\/wp-content\/uploads\/2019\/01\/722320.jpg",800,600,false],"landscape":["https:\/\/arantv.az\/wp-content\/uploads\/2019\/01\/722320.jpg",800,600,false],"portraits":["https:\/\/arantv.az\/wp-content\/uploads\/2019\/01\/722320.jpg",800,600,false],"thumbnail":["https:\/\/arantv.az\/wp-content\/uploads\/2019\/01\/722320-150x150.jpg",150,150,true],"medium":["https:\/\/arantv.az\/wp-content\/uploads\/2019\/01\/722320-300x225.jpg",300,225,true],"large":["https:\/\/arantv.az\/wp-content\/uploads\/2019\/01\/722320.jpg",640,480,false],"1536x1536":["https:\/\/arantv.az\/wp-content\/uploads\/2019\/01\/722320.jpg",800,600,false],"2048x2048":["https:\/\/arantv.az\/wp-content\/uploads\/2019\/01\/722320.jpg",800,600,false],"post-thumbnail":["https:\/\/arantv.az\/wp-content\/uploads\/2019\/01\/722320-240x172.jpg",240,172,true],"advps-thumb-one":["https:\/\/arantv.az\/wp-content\/uploads\/2019\/01\/722320.jpg",800,600,false]},"rttpg_author":{"display_name":"V\u00fcsal Rafiqo\u011flu","author_link":"https:\/\/arantv.az\/?author=2"},"rttpg_comment":0,"rttpg_category":"<a href=\"https:\/\/arantv.az\/?cat=19\" rel=\"category\">G\u00fcnd\u0259m<\/a>","rttpg_excerpt":"Rusiya Xarici \u0130\u015fl\u0259r Nazirliyind\u0259n (X\u0130N) Az\u0259rbaycan\u0131n Moskvadak\u0131 s\u0259firliyin\u0259 he\u00e7 bir nota daxil olmay\u0131b. ARANTV.AZ x\u0259b\u0259r verir ki, bunu report-a cavab olaraq Az\u0259rbaycan\u0131n Rusiyadak\u0131 s\u0259firliyind\u0259n bildiribl\u0259r. &#8220;Nota verilm\u0259yib. Sad\u0259c\u0259, m\u0259lumat xarakterli yadda\u015f qeydi daxil olub. Hans\u0131 ki, r\u0259smi diplomatik yaz\u0131\u015fma hesab olunmur. Bu da Rusiyan\u0131n erm\u0259ni m\u0259n\u015f\u0259li v\u0259t\u0259nda\u015flar\u0131n\u0131n Az\u0259rbaycan hava limanlar\u0131nda v\u0259 ya dig\u0259r s\u0259rh\u0259d ke\u00e7id&hellip;","_links":{"self":[{"href":"https:\/\/arantv.az\/index.php?rest_route=\/wp\/v2\/posts\/33182"}],"collection":[{"href":"https:\/\/arantv.az\/index.php?rest_route=\/wp\/v2\/posts"}],"about":[{"href":"https:\/\/arantv.az\/index.php?rest_route=\/wp\/v2\/types\/post"}],"author":[{"embeddable":true,"href":"https:\/\/arantv.az\/index.php?rest_route=\/wp\/v2\/users\/2"}],"replies":[{"embeddable":true,"href":"https:\/\/arantv.az\/index.php?rest_route=%2Fwp%2Fv2%2Fcomments&post=33182"}],"version-history":[{"count":0,"href":"https:\/\/arantv.az\/index.php?rest_route=\/wp\/v2\/posts\/33182\/revisions"}],"wp:featuredmedia":[{"embeddable":true,"href":"https:\/\/arantv.az\/index.php?rest_route=\/wp\/v2\/media\/33183"}],"wp:attachment":[{"href":"https:\/\/arantv.az\/index.php?rest_route=%2Fwp%2Fv2%2Fmedia&parent=33182"}],"wp:term":[{"taxonomy":"category","embeddable":true,"href":"https:\/\/arantv.az\/index.php?rest_route=%2Fwp%2Fv2%2Fcategories&post=33182"},{"taxonomy":"post_tag","embeddable":true,"href":"https:\/\/arantv.az\/index.php?rest_route=%2Fwp%2Fv2%2Ftags&post=33182"}],"curies":[{"name":"wp","href":"https:\/\/api.w.org\/{rel}","templated":true}]}}