{"id":33188,"date":"2019-01-18T09:23:58","date_gmt":"2019-01-18T06:23:58","guid":{"rendered":"http:\/\/arantv.az\/?p=33188"},"modified":"2019-01-18T09:23:58","modified_gmt":"2019-01-18T06:23:58","slug":"kolumbiyada-3-gunluk-mat%c9%99m-elan-olundu","status":"publish","type":"post","link":"https:\/\/arantv.az\/?p=33188","title":{"rendered":"Kolumbiyada 3 g\u00fcnl\u00fck mat\u0259m elan olundu"},"content":{"rendered":"<p><strong>Kolumbiya prezidenti \u0130van Duke paytaxt Boqotada \u00f6t\u0259n g\u00fcn t\u00f6r\u0259dilmi\u015f terror akt\u0131nda \u00f6l\u0259nl\u0259rl\u0259 \u0259laq\u0259dar \u00fc\u00e7g\u00fcnl\u00fck mat\u0259m elan edib.<\/strong><\/p>\n<p><strong>ARANTV.AZ<\/strong> report-a istinad\u0259n x\u0259b\u0259r verir ki, bu bar\u0259d\u0259 d\u00f6vl\u0259t ba\u015f\u00e7\u0131s\u0131 xalqa m\u00fcraci\u0259tind\u0259 bildirib.<\/p>\n<p>&#8220;Terror akt\u0131 an\u0131ndan biz h\u0259lak olanlar\u0131n ail\u0259l\u0259rin\u0259 b\u00fct\u00fcn laz\u0131mi k\u00f6m\u0259yi g\u00f6st\u0259ririk, ham\u0131ya sevgimi, minn\u0259tdarl\u0131\u011f\u0131m\u0131 ifad\u0259 edir\u0259m. V\u0259 biz onlar\u0131n \u015f\u0259r\u0259fin\u0259 \u00fc\u00e7g\u00fcnl\u00fck milli mat\u0259m elan edirik&#8221;, &#8211; Duke bildirib.<\/p>\n<div id=\"AdributorNativeVideo0\" class=\"AdributorNativeVideo\"><\/div>\n<p>D\u00f6vl\u0259t ba\u015f\u00e7\u0131s\u0131, h\u0259m\u00e7inin \u0259lav\u0259 edib ki, kolumbiyal\u0131lar g\u00fccl\u00fc v\u0259 birl\u0259\u015fmi\u015f mill\u0259tdir. &#8220;B\u00fct\u00fcn kolumbiyal\u0131lar terror\u00e7ulu\u011fu r\u0259dd edirl\u0259r. Biz onlara f\u0259aliyy\u0259timizin q\u0259tiyy\u0259ti hesab\u0131na qalib g\u0259l\u0259c\u0259yik, biz onlara v\u0259t\u0259nda\u015f \u0259m\u0259kda\u015fl\u0131\u011f\u0131 n\u0259tic\u0259sind\u0259 qalib g\u0259l\u0259c\u0259yik. Biz qalib g\u0259l\u0259c\u0259yik, vahid c\u0259miyy\u0259t olaraq&#8221;, &#8211; prezident vur\u011fulay\u0131b.<\/p>\n<p>Qeyd ed\u0259k ki, Kolumbiyan\u0131n paytax\u0131 Boqotada t\u00f6r\u0259dil\u0259n partlay\u0131\u015f zaman\u0131 87 n\u0259f\u0259r yaralan\u0131b. Partlay\u0131\u015fda \u00f6l\u0259nl\u0259rin say\u0131 11 n\u0259f\u0259r\u0259 \u00e7at\u0131b.<\/p>\n","protected":false},"excerpt":{"rendered":"<p>Kolumbiya prezidenti \u0130van Duke paytaxt Boqotada \u00f6t\u0259n g\u00fcn t\u00f6r\u0259dilmi\u015f terror akt\u0131nda \u00f6l\u0259nl\u0259rl\u0259 \u0259laq\u0259dar \u00fc\u00e7g\u00fcnl\u00fck mat\u0259m elan edib. ARANTV.AZ report-a istinad\u0259n x\u0259b\u0259r verir ki, bu bar\u0259d\u0259 d\u00f6vl\u0259t ba\u015f\u00e7\u0131s\u0131 xalqa m\u00fcraci\u0259tind\u0259 bildirib. &#8220;Terror akt\u0131 an\u0131ndan biz h\u0259lak olanlar\u0131n ail\u0259l\u0259rin\u0259 b\u00fct\u00fcn laz\u0131mi k\u00f6m\u0259yi g\u00f6st\u0259ririk, ham\u0131ya sevgimi, minn\u0259tdarl\u0131\u011f\u0131m\u0131 ifad\u0259 edir\u0259m. V\u0259 biz onlar\u0131n \u015f\u0259r\u0259fin\u0259 \u00fc\u00e7g\u00fcnl\u00fck milli mat\u0259m elan edirik&#8221;, &#8211; Duke bildirib. D\u00f6vl\u0259t ba\u015f\u00e7\u0131s\u0131, h\u0259m\u00e7inin \u0259lav\u0259 edib ki, kolumbiyal\u0131lar g\u00fccl\u00fc v\u0259 birl\u0259\u015fmi\u015f mill\u0259tdir. &#8220;B\u00fct\u00fcn kolumbiyal\u0131lar terror\u00e7ulu\u011fu r\u0259dd edirl\u0259r. Biz onlara f\u0259aliyy\u0259timizin q\u0259tiyy\u0259ti hesab\u0131na qalib g\u0259l\u0259c\u0259yik, biz onlara v\u0259t\u0259nda\u015f \u0259m\u0259kda\u015fl\u0131\u011f\u0131 n\u0259tic\u0259sind\u0259 qalib g\u0259l\u0259c\u0259yik. Biz qalib&hellip;<\/p>\n","protected":false},"author":2,"featured_media":33189,"comment_status":"closed","ping_status":"closed","sticky":false,"template":"","format":"standard","meta":{"om_disable_all_campaigns":false,"_monsterinsights_skip_tracking":false,"_monsterinsights_sitenote_active":false,"_monsterinsights_sitenote_note":"","_monsterinsights_sitenote_category":0},"categories":[7],"tags":[],"aioseo_notices":[],"gutentor_comment":0,"rttpg_featured_image_url":{"full":["https:\/\/arantv.az\/wp-content\/uploads\/2019\/01\/722316.jpg",800,600,false],"landscape":["https:\/\/arantv.az\/wp-content\/uploads\/2019\/01\/722316.jpg",800,600,false],"portraits":["https:\/\/arantv.az\/wp-content\/uploads\/2019\/01\/722316.jpg",800,600,false],"thumbnail":["https:\/\/arantv.az\/wp-content\/uploads\/2019\/01\/722316-150x150.jpg",150,150,true],"medium":["https:\/\/arantv.az\/wp-content\/uploads\/2019\/01\/722316-300x225.jpg",300,225,true],"large":["https:\/\/arantv.az\/wp-content\/uploads\/2019\/01\/722316.jpg",640,480,false],"1536x1536":["https:\/\/arantv.az\/wp-content\/uploads\/2019\/01\/722316.jpg",800,600,false],"2048x2048":["https:\/\/arantv.az\/wp-content\/uploads\/2019\/01\/722316.jpg",800,600,false],"post-thumbnail":["https:\/\/arantv.az\/wp-content\/uploads\/2019\/01\/722316-240x172.jpg",240,172,true],"advps-thumb-one":["https:\/\/arantv.az\/wp-content\/uploads\/2019\/01\/722316.jpg",800,600,false]},"rttpg_author":{"display_name":"V\u00fcsal Rafiqo\u011flu","author_link":"https:\/\/arantv.az\/?author=2"},"rttpg_comment":0,"rttpg_category":"<a href=\"https:\/\/arantv.az\/?cat=7\" rel=\"category\">D\u00fcnya<\/a>","rttpg_excerpt":"Kolumbiya prezidenti \u0130van Duke paytaxt Boqotada \u00f6t\u0259n g\u00fcn t\u00f6r\u0259dilmi\u015f terror akt\u0131nda \u00f6l\u0259nl\u0259rl\u0259 \u0259laq\u0259dar \u00fc\u00e7g\u00fcnl\u00fck mat\u0259m elan edib. ARANTV.AZ report-a istinad\u0259n x\u0259b\u0259r verir ki, bu bar\u0259d\u0259 d\u00f6vl\u0259t ba\u015f\u00e7\u0131s\u0131 xalqa m\u00fcraci\u0259tind\u0259 bildirib. &#8220;Terror akt\u0131 an\u0131ndan biz h\u0259lak olanlar\u0131n ail\u0259l\u0259rin\u0259 b\u00fct\u00fcn laz\u0131mi k\u00f6m\u0259yi g\u00f6st\u0259ririk, ham\u0131ya sevgimi, minn\u0259tdarl\u0131\u011f\u0131m\u0131 ifad\u0259 edir\u0259m. V\u0259 biz onlar\u0131n \u015f\u0259r\u0259fin\u0259 \u00fc\u00e7g\u00fcnl\u00fck milli mat\u0259m elan edirik&#8221;,&hellip;","_links":{"self":[{"href":"https:\/\/arantv.az\/index.php?rest_route=\/wp\/v2\/posts\/33188"}],"collection":[{"href":"https:\/\/arantv.az\/index.php?rest_route=\/wp\/v2\/posts"}],"about":[{"href":"https:\/\/arantv.az\/index.php?rest_route=\/wp\/v2\/types\/post"}],"author":[{"embeddable":true,"href":"https:\/\/arantv.az\/index.php?rest_route=\/wp\/v2\/users\/2"}],"replies":[{"embeddable":true,"href":"https:\/\/arantv.az\/index.php?rest_route=%2Fwp%2Fv2%2Fcomments&post=33188"}],"version-history":[{"count":0,"href":"https:\/\/arantv.az\/index.php?rest_route=\/wp\/v2\/posts\/33188\/revisions"}],"wp:featuredmedia":[{"embeddable":true,"href":"https:\/\/arantv.az\/index.php?rest_route=\/wp\/v2\/media\/33189"}],"wp:attachment":[{"href":"https:\/\/arantv.az\/index.php?rest_route=%2Fwp%2Fv2%2Fmedia&parent=33188"}],"wp:term":[{"taxonomy":"category","embeddable":true,"href":"https:\/\/arantv.az\/index.php?rest_route=%2Fwp%2Fv2%2Fcategories&post=33188"},{"taxonomy":"post_tag","embeddable":true,"href":"https:\/\/arantv.az\/index.php?rest_route=%2Fwp%2Fv2%2Ftags&post=33188"}],"curies":[{"name":"wp","href":"https:\/\/api.w.org\/{rel}","templated":true}]}}