{"id":33194,"date":"2019-01-18T09:32:19","date_gmt":"2019-01-18T06:32:19","guid":{"rendered":"http:\/\/arantv.az\/?p=33194"},"modified":"2019-01-18T09:32:19","modified_gmt":"2019-01-18T06:32:19","slug":"amea-az%c9%99rbaycan-dilinin-orfoqrafiya-lug%c9%99ti-n%c9%99sr%c9%99-hazirdir","status":"publish","type":"post","link":"https:\/\/arantv.az\/?p=33194","title":{"rendered":"AMEA: &#8220;Az\u0259rbaycan dilinin orfoqrafiya l\u00fc\u011f\u0259ti&#8221; n\u0259\u015fr\u0259 haz\u0131rd\u0131r"},"content":{"rendered":"<div class=\"spot\">&#8220;Az\u0259rbaycan dilinin orfoqrafiya l\u00fc\u011f\u0259ti&#8221; n\u0259\u015fr\u0259 haz\u0131rd\u0131r&#8221;.<\/div>\n<p><strong>ARANTV.AZ\u00a0<\/strong> x\u0259b\u0259r verir ki, bunu &#8220;Report&#8221;a m\u00fcsahib\u0259sind\u0259 AMEA-n\u0131n Dil\u00e7ilik \u0130nstitutunun direktoru, akademik M\u00f6hs\u00fcn Na\u011f\u0131soylu bildirib.<\/p>\n<p>O deyib ki, Nazirl\u0259r Kabinetinin \u201cAz\u0259rbaycan dilinin orfoqrafiya qaydalar\u0131&#8221; layih\u0259sini t\u0259sdiq etm\u0259sini g\u00f6zl\u0259yirl\u0259r: &#8220;L\u00fc\u011f\u0259t 2019-cu ilin ortas\u0131na kimi n\u0259\u015fr olunacaq. L\u00fc\u011f\u0259td\u0259 az\u0131 115 min s\u00f6z olacaq. K\u00f6hn\u0259 l\u00fc\u011f\u0259td\u0259n olan b\u0259zi s\u00f6zl\u0259r yeni l\u00fc\u011f\u0259t\u0259 sal\u0131nmay\u0131b. Bu l\u00fc\u011f\u0259t\u0259 \u00e7oxlu yeni s\u00f6z \u0259lav\u0259 olunub&#8221;.<\/p>\n<div id=\"AdributorNativeVideo0\" class=\"AdributorNativeVideo\"><\/div>\n<p>Qeyd ed\u0259k ki, Orfoqrafiya qaydalar\u0131 layih\u0259si il\u0259 ba\u011fl\u0131 m\u00fczakir\u0259l\u0259r\u0259 sentyabr ay\u0131n\u0131n 13-d\u0259 ke\u00e7iril\u0259n Orfoqrafiya Komissiyas\u0131n\u0131n iclas\u0131nda yekun vurulub. Dil\u00e7ilik \u0130nstitutu \u201cAz\u0259rbaycan dilinin orfoqrafiya qaydalar\u0131&#8221; layih\u0259sini oktyabr ay\u0131nda Nazirl\u0259r Kabinetin\u0259 g\u00f6nd\u0259rib. Nazirl\u0259r Kabineti layih\u0259ni t\u0259sdiql\u0259y\u0259nd\u0259n sonra yeni Orfoqrafiya qaydalar\u0131 q\u00fcvv\u0259y\u0259 min\u0259c\u0259k.<\/p>\n","protected":false},"excerpt":{"rendered":"<p>&#8220;Az\u0259rbaycan dilinin orfoqrafiya l\u00fc\u011f\u0259ti&#8221; n\u0259\u015fr\u0259 haz\u0131rd\u0131r&#8221;. ARANTV.AZ\u00a0 x\u0259b\u0259r verir ki, bunu &#8220;Report&#8221;a m\u00fcsahib\u0259sind\u0259 AMEA-n\u0131n Dil\u00e7ilik \u0130nstitutunun direktoru, akademik M\u00f6hs\u00fcn Na\u011f\u0131soylu bildirib. O deyib ki, Nazirl\u0259r Kabinetinin \u201cAz\u0259rbaycan dilinin orfoqrafiya qaydalar\u0131&#8221; layih\u0259sini t\u0259sdiq etm\u0259sini g\u00f6zl\u0259yirl\u0259r: &#8220;L\u00fc\u011f\u0259t 2019-cu ilin ortas\u0131na kimi n\u0259\u015fr olunacaq. L\u00fc\u011f\u0259td\u0259 az\u0131 115 min s\u00f6z olacaq. K\u00f6hn\u0259 l\u00fc\u011f\u0259td\u0259n olan b\u0259zi s\u00f6zl\u0259r yeni l\u00fc\u011f\u0259t\u0259 sal\u0131nmay\u0131b. Bu l\u00fc\u011f\u0259t\u0259 \u00e7oxlu yeni s\u00f6z \u0259lav\u0259 olunub&#8221;. Qeyd ed\u0259k ki, Orfoqrafiya qaydalar\u0131 layih\u0259si il\u0259 ba\u011fl\u0131 m\u00fczakir\u0259l\u0259r\u0259 sentyabr ay\u0131n\u0131n 13-d\u0259 ke\u00e7iril\u0259n Orfoqrafiya Komissiyas\u0131n\u0131n iclas\u0131nda yekun vurulub. Dil\u00e7ilik \u0130nstitutu \u201cAz\u0259rbaycan dilinin orfoqrafiya qaydalar\u0131&#8221; layih\u0259sini oktyabr ay\u0131nda Nazirl\u0259r&hellip;<\/p>\n","protected":false},"author":2,"featured_media":33195,"comment_status":"closed","ping_status":"closed","sticky":false,"template":"","format":"standard","meta":{"om_disable_all_campaigns":false,"_monsterinsights_skip_tracking":false,"_monsterinsights_sitenote_active":false,"_monsterinsights_sitenote_note":"","_monsterinsights_sitenote_category":0},"categories":[1],"tags":[],"aioseo_notices":[],"gutentor_comment":0,"rttpg_featured_image_url":{"full":["https:\/\/arantv.az\/wp-content\/uploads\/2019\/01\/722320-1.jpg",800,600,false],"landscape":["https:\/\/arantv.az\/wp-content\/uploads\/2019\/01\/722320-1.jpg",800,600,false],"portraits":["https:\/\/arantv.az\/wp-content\/uploads\/2019\/01\/722320-1.jpg",800,600,false],"thumbnail":["https:\/\/arantv.az\/wp-content\/uploads\/2019\/01\/722320-1-150x150.jpg",150,150,true],"medium":["https:\/\/arantv.az\/wp-content\/uploads\/2019\/01\/722320-1-300x225.jpg",300,225,true],"large":["https:\/\/arantv.az\/wp-content\/uploads\/2019\/01\/722320-1.jpg",640,480,false],"1536x1536":["https:\/\/arantv.az\/wp-content\/uploads\/2019\/01\/722320-1.jpg",800,600,false],"2048x2048":["https:\/\/arantv.az\/wp-content\/uploads\/2019\/01\/722320-1.jpg",800,600,false],"post-thumbnail":["https:\/\/arantv.az\/wp-content\/uploads\/2019\/01\/722320-1-240x172.jpg",240,172,true],"advps-thumb-one":["https:\/\/arantv.az\/wp-content\/uploads\/2019\/01\/722320-1.jpg",800,600,false]},"rttpg_author":{"display_name":"V\u00fcsal Rafiqo\u011flu","author_link":"https:\/\/arantv.az\/?author=2"},"rttpg_comment":0,"rttpg_category":"<a href=\"https:\/\/arantv.az\/?cat=1\" rel=\"category\">C\u0259miyy\u0259t<\/a>","rttpg_excerpt":"&#8220;Az\u0259rbaycan dilinin orfoqrafiya l\u00fc\u011f\u0259ti&#8221; n\u0259\u015fr\u0259 haz\u0131rd\u0131r&#8221;. ARANTV.AZ\u00a0 x\u0259b\u0259r verir ki, bunu &#8220;Report&#8221;a m\u00fcsahib\u0259sind\u0259 AMEA-n\u0131n Dil\u00e7ilik \u0130nstitutunun direktoru, akademik M\u00f6hs\u00fcn Na\u011f\u0131soylu bildirib. O deyib ki, Nazirl\u0259r Kabinetinin \u201cAz\u0259rbaycan dilinin orfoqrafiya qaydalar\u0131&#8221; layih\u0259sini t\u0259sdiq etm\u0259sini g\u00f6zl\u0259yirl\u0259r: &#8220;L\u00fc\u011f\u0259t 2019-cu ilin ortas\u0131na kimi n\u0259\u015fr olunacaq. L\u00fc\u011f\u0259td\u0259 az\u0131 115 min s\u00f6z olacaq. K\u00f6hn\u0259 l\u00fc\u011f\u0259td\u0259n olan b\u0259zi s\u00f6zl\u0259r yeni l\u00fc\u011f\u0259t\u0259 sal\u0131nmay\u0131b.&hellip;","_links":{"self":[{"href":"https:\/\/arantv.az\/index.php?rest_route=\/wp\/v2\/posts\/33194"}],"collection":[{"href":"https:\/\/arantv.az\/index.php?rest_route=\/wp\/v2\/posts"}],"about":[{"href":"https:\/\/arantv.az\/index.php?rest_route=\/wp\/v2\/types\/post"}],"author":[{"embeddable":true,"href":"https:\/\/arantv.az\/index.php?rest_route=\/wp\/v2\/users\/2"}],"replies":[{"embeddable":true,"href":"https:\/\/arantv.az\/index.php?rest_route=%2Fwp%2Fv2%2Fcomments&post=33194"}],"version-history":[{"count":0,"href":"https:\/\/arantv.az\/index.php?rest_route=\/wp\/v2\/posts\/33194\/revisions"}],"wp:featuredmedia":[{"embeddable":true,"href":"https:\/\/arantv.az\/index.php?rest_route=\/wp\/v2\/media\/33195"}],"wp:attachment":[{"href":"https:\/\/arantv.az\/index.php?rest_route=%2Fwp%2Fv2%2Fmedia&parent=33194"}],"wp:term":[{"taxonomy":"category","embeddable":true,"href":"https:\/\/arantv.az\/index.php?rest_route=%2Fwp%2Fv2%2Fcategories&post=33194"},{"taxonomy":"post_tag","embeddable":true,"href":"https:\/\/arantv.az\/index.php?rest_route=%2Fwp%2Fv2%2Ftags&post=33194"}],"curies":[{"name":"wp","href":"https:\/\/api.w.org\/{rel}","templated":true}]}}