{"id":332048,"date":"2021-04-29T13:33:25","date_gmt":"2021-04-29T10:33:25","guid":{"rendered":"https:\/\/arantv.az\/?p=332048"},"modified":"2021-04-29T13:33:25","modified_gmt":"2021-04-29T10:33:25","slug":"xudayara-lag-ed%c9%99n-gorun-kim-imis-video","status":"publish","type":"post","link":"https:\/\/arantv.az\/?p=332048","title":{"rendered":"Xudayara la\u011f ed\u0259n g\u00f6r\u00fcn kim imi\u015f &#8211; V\u0130DEO"},"content":{"rendered":"<p>\u015e\u0259hid Xudayar Yusifzad\u0259ni \u0259l\u0259 sald\u0131\u011f\u0131 \u00fc\u00e7\u00fcn d\u00f6y\u00fcl\u0259n Fuad R\u0259sulzad\u0259 il\u0259 ba\u011fl\u0131 yeni\u00a0<a title=\"xeberler son xeberler 2021\" href=\"https:\/\/big.az\/\" target=\"_blank\" rel=\"noopener\">x\u0259b\u0259r<\/a>\u00a0var.<\/p>\n<p><strong>ARANTV.AZ<\/strong> Lent.az-a istinad\u0259n x\u0259b\u0259r verir ki, F.R\u0259sulzad\u0259 \u0259slind\u0259 televiziyaya yad sima deyil. O, ARB TV-d\u0259 \u015feirl\u0259rini s\u0259sl\u0259ndirib, SPACE TV-d\u0259 &#8220;El bizim sir bizim&#8221; verili\u015find\u0259 qonaq olub. Bundan ba\u015fqa o, &#8220;Hekay\u0259m var&#8221; &#8220;Stand up&#8221; \u015fousunda aktyor kimi s\u0259hn\u0259 al\u0131b.<\/p>\n<div id=\"AdviadNativeVideo0\" class=\"AdviadNativeVideo\"><\/div>\n<p>Xat\u0131rladaq ki, Daxili \u0130\u015fl\u0259r Nazirliyi \u015f\u0259hid Xudayar Yusifzad\u0259 bar\u0259sind\u0259 istehza il\u0259 payla\u015f\u0131m ed\u0259n sosial \u015f\u0259b\u0259k\u0259 istifad\u0259\u00e7isinin d\u00f6y\u00fclm\u0259si il\u0259 ba\u011fl\u0131 ara\u015fd\u0131rmalara ba\u015flay\u0131b. Polis F.R\u0259sulzad\u0259ni d\u00f6y\u0259n \u015f\u0259xsl\u0259ri axtar\u0131r.<\/p>\n<p>Qeyd ed\u0259k ki, F.R\u0259sulzad\u0259 &#8220;Tvitter&#8221;d\u0259 &#8220;\u018fhm\u0259d&#8221; adl\u0131 hesabla &#8220;Xudayar \u00e7oxdand\u0131 t\u0259z\u0259 mahn\u0131 buraxm\u0131r&#8221; dey\u0259 istehza dolu payla\u015f\u0131m etmi\u015fdi.<\/p>\n<div class=\"embed-responsive embed-responsive-16by9\"><iframe loading=\"lazy\" id=\"nmqembedid\" class=\"embed-responsive-item\" title=\"video player\" src=\"https:\/\/izle.az\/embed\/qyyxLQtPCyopiw9N8zUAAA~~\" width=\"600\" height=\"340\" frameborder=\"0\" scrolling=\"no\" allowfullscreen=\"allowfullscreen\" data-mce-fragment=\"1\"><\/iframe><\/div>\n","protected":false},"excerpt":{"rendered":"<p>\u015e\u0259hid Xudayar Yusifzad\u0259ni \u0259l\u0259 sald\u0131\u011f\u0131 \u00fc\u00e7\u00fcn d\u00f6y\u00fcl\u0259n Fuad R\u0259sulzad\u0259 il\u0259 ba\u011fl\u0131 yeni\u00a0x\u0259b\u0259r\u00a0var. ARANTV.AZ Lent.az-a istinad\u0259n x\u0259b\u0259r verir ki, F.R\u0259sulzad\u0259 \u0259slind\u0259 televiziyaya yad sima deyil. O, ARB TV-d\u0259 \u015feirl\u0259rini s\u0259sl\u0259ndirib, SPACE TV-d\u0259 &#8220;El bizim sir bizim&#8221; verili\u015find\u0259 qonaq olub. Bundan ba\u015fqa o, &#8220;Hekay\u0259m var&#8221; &#8220;Stand up&#8221; \u015fousunda aktyor kimi s\u0259hn\u0259 al\u0131b. Xat\u0131rladaq ki, Daxili \u0130\u015fl\u0259r Nazirliyi \u015f\u0259hid Xudayar Yusifzad\u0259 bar\u0259sind\u0259 istehza il\u0259 payla\u015f\u0131m ed\u0259n sosial \u015f\u0259b\u0259k\u0259 istifad\u0259\u00e7isinin d\u00f6y\u00fclm\u0259si il\u0259 ba\u011fl\u0131 ara\u015fd\u0131rmalara ba\u015flay\u0131b. Polis F.R\u0259sulzad\u0259ni d\u00f6y\u0259n \u015f\u0259xsl\u0259ri axtar\u0131r. Qeyd ed\u0259k ki, F.R\u0259sulzad\u0259 &#8220;Tvitter&#8221;d\u0259 &#8220;\u018fhm\u0259d&#8221; adl\u0131 hesabla &#8220;Xudayar \u00e7oxdand\u0131 t\u0259z\u0259 mahn\u0131 buraxm\u0131r&#8221; dey\u0259&hellip;<\/p>\n","protected":false},"author":2,"featured_media":332049,"comment_status":"closed","ping_status":"closed","sticky":false,"template":"","format":"standard","meta":{"om_disable_all_campaigns":false,"_monsterinsights_skip_tracking":false,"_monsterinsights_sitenote_active":false,"_monsterinsights_sitenote_note":"","_monsterinsights_sitenote_category":0},"categories":[26],"tags":[],"aioseo_notices":[],"gutentor_comment":0,"rttpg_featured_image_url":{"full":["https:\/\/arantv.az\/wp-content\/uploads\/2021\/04\/xudayar.png",650,433,false],"landscape":["https:\/\/arantv.az\/wp-content\/uploads\/2021\/04\/xudayar.png",650,433,false],"portraits":["https:\/\/arantv.az\/wp-content\/uploads\/2021\/04\/xudayar.png",650,433,false],"thumbnail":["https:\/\/arantv.az\/wp-content\/uploads\/2021\/04\/xudayar-500x280.png",500,280,true],"medium":["https:\/\/arantv.az\/wp-content\/uploads\/2021\/04\/xudayar-548x365.png",548,365,true],"large":["https:\/\/arantv.az\/wp-content\/uploads\/2021\/04\/xudayar.png",640,426,false],"1536x1536":["https:\/\/arantv.az\/wp-content\/uploads\/2021\/04\/xudayar.png",650,433,false],"2048x2048":["https:\/\/arantv.az\/wp-content\/uploads\/2021\/04\/xudayar.png",650,433,false],"post-thumbnail":["https:\/\/arantv.az\/wp-content\/uploads\/2021\/04\/xudayar-240x172.png",240,172,true],"advps-thumb-one":["https:\/\/arantv.az\/wp-content\/uploads\/2021\/04\/xudayar.png",650,433,false]},"rttpg_author":{"display_name":"V\u00fcsal Rafiqo\u011flu","author_link":"https:\/\/arantv.az\/?author=2"},"rttpg_comment":0,"rttpg_category":"<a href=\"https:\/\/arantv.az\/?cat=26\" rel=\"category\">Sosial<\/a>","rttpg_excerpt":"\u015e\u0259hid Xudayar Yusifzad\u0259ni \u0259l\u0259 sald\u0131\u011f\u0131 \u00fc\u00e7\u00fcn d\u00f6y\u00fcl\u0259n Fuad R\u0259sulzad\u0259 il\u0259 ba\u011fl\u0131 yeni\u00a0x\u0259b\u0259r\u00a0var. ARANTV.AZ Lent.az-a istinad\u0259n x\u0259b\u0259r verir ki, F.R\u0259sulzad\u0259 \u0259slind\u0259 televiziyaya yad sima deyil. O, ARB TV-d\u0259 \u015feirl\u0259rini s\u0259sl\u0259ndirib, SPACE TV-d\u0259 &#8220;El bizim sir bizim&#8221; verili\u015find\u0259 qonaq olub. Bundan ba\u015fqa o, &#8220;Hekay\u0259m var&#8221; &#8220;Stand up&#8221; \u015fousunda aktyor kimi s\u0259hn\u0259 al\u0131b. Xat\u0131rladaq ki, Daxili \u0130\u015fl\u0259r Nazirliyi&hellip;","_links":{"self":[{"href":"https:\/\/arantv.az\/index.php?rest_route=\/wp\/v2\/posts\/332048"}],"collection":[{"href":"https:\/\/arantv.az\/index.php?rest_route=\/wp\/v2\/posts"}],"about":[{"href":"https:\/\/arantv.az\/index.php?rest_route=\/wp\/v2\/types\/post"}],"author":[{"embeddable":true,"href":"https:\/\/arantv.az\/index.php?rest_route=\/wp\/v2\/users\/2"}],"replies":[{"embeddable":true,"href":"https:\/\/arantv.az\/index.php?rest_route=%2Fwp%2Fv2%2Fcomments&post=332048"}],"version-history":[{"count":0,"href":"https:\/\/arantv.az\/index.php?rest_route=\/wp\/v2\/posts\/332048\/revisions"}],"wp:featuredmedia":[{"embeddable":true,"href":"https:\/\/arantv.az\/index.php?rest_route=\/wp\/v2\/media\/332049"}],"wp:attachment":[{"href":"https:\/\/arantv.az\/index.php?rest_route=%2Fwp%2Fv2%2Fmedia&parent=332048"}],"wp:term":[{"taxonomy":"category","embeddable":true,"href":"https:\/\/arantv.az\/index.php?rest_route=%2Fwp%2Fv2%2Fcategories&post=332048"},{"taxonomy":"post_tag","embeddable":true,"href":"https:\/\/arantv.az\/index.php?rest_route=%2Fwp%2Fv2%2Ftags&post=332048"}],"curies":[{"name":"wp","href":"https:\/\/api.w.org\/{rel}","templated":true}]}}