{"id":332051,"date":"2021-04-29T13:34:30","date_gmt":"2021-04-29T10:34:30","guid":{"rendered":"https:\/\/arantv.az\/?p=332051"},"modified":"2021-04-29T13:34:30","modified_gmt":"2021-04-29T10:34:30","slug":"az%c9%99rbaycanda-yumsaldilmalar-bu-tarixd%c9%99-ola-bil%c9%99r-aciqlama-video","status":"publish","type":"post","link":"https:\/\/arantv.az\/?p=332051","title":{"rendered":"Az\u0259rbaycanda yum\u015fald\u0131lmalar bu tarixd\u0259 ola bil\u0259r &#8211; A\u00c7IQLAMA &#8211; V\u0130DEO"},"content":{"rendered":"<p>&#8220;Az\u0259rbaycan s\u0259hiyy\u0259si son bir ayda artan dal\u011fa qar\u015f\u0131s\u0131nda y\u00fckl\u0259nmi\u015f v\u0259ziyy\u0259td\u0259dir. Buna uy\u011fun olaraq d\u00f6vl\u0259tin adiyy\u0259ti qurumlar\u0131 t\u0259dbirl\u0259r g\u00f6r\u00fcrl\u0259r. H\u0259r bir dal\u011fan\u0131n ortalama bir-iki ayl\u0131q y\u00fcks\u0259lm\u0259 v\u0259 d\u00fc\u015fm\u0259 reall\u0131\u011f\u0131 var&#8221;.<\/p>\n<p><strong>ARANTV.AZ<\/strong> \u00a0<a title=\"xeberler son xeberler 2021\" href=\"https:\/\/big.az\/\" target=\"_blank\" rel=\"noopener\">x\u0259b\u0259r<\/a>\u00a0verir ki, Milli M\u0259clisin S\u0259hiyy\u0259 Komit\u0259sinin s\u0259drinin m\u00fcavini R\u0259\u015fad Mahmudov bildirib.<\/p>\n<div id=\"AdviadNativeVideo0\" class=\"AdviadNativeVideo\"><\/div>\n<p>Deputat hesab edir ki, qar\u015f\u0131dak\u0131 bir-iki h\u0259ft\u0259 \u0259rzind\u0259 dal\u011fan\u0131n s\u00f6nm\u0259si v\u0259 s\u0259hiyy\u0259 \u00fc\u00e7\u00fcn y\u00fck yaratmayacaq r\u0259q\u0259ml\u0259r\u0259 \u00e7ataca\u011f\u0131 il\u0259 \u00fczl\u0259\u015f\u0259c\u0259yik:<\/p>\n<p>&#8220;\u00dcmid edir\u0259m ki, yay\u0131n g\u0259lm\u0259si v\u0259 d\u0259niz m\u00f6vs\u00fcm\u00fcn\u00fcn ba\u015flamas\u0131 il\u0259 \u0259laq\u0259dar, h\u0259m d\u0259 r\u0259q\u0259ml\u0259rin bu \u015f\u0259kild\u0259 a\u015fa\u011f\u0131 d\u00fc\u015fm\u0259sind\u0259n sonra h\u00f6kum\u0259t insanlar\u0131n normal h\u0259yata d\u00f6nm\u0259sin\u0259 uy\u011fun q\u0259rarlar ver\u0259c\u0259k&#8221;.\/BAKU.WS<\/p>\n<div class=\"embed-responsive embed-responsive-16by9\"><iframe loading=\"lazy\" id=\"nmqembedid\" class=\"embed-responsive-item\" title=\"video player\" src=\"https:\/\/izle.az\/embed\/Syq3LctMSc030i_TK8gosC-zNTSzBAIjAA~~\" width=\"600\" height=\"340\" frameborder=\"0\" scrolling=\"no\" allowfullscreen=\"allowfullscreen\" data-mce-fragment=\"1\"><\/iframe><\/div>\n","protected":false},"excerpt":{"rendered":"<p>&#8220;Az\u0259rbaycan s\u0259hiyy\u0259si son bir ayda artan dal\u011fa qar\u015f\u0131s\u0131nda y\u00fckl\u0259nmi\u015f v\u0259ziyy\u0259td\u0259dir. Buna uy\u011fun olaraq d\u00f6vl\u0259tin adiyy\u0259ti qurumlar\u0131 t\u0259dbirl\u0259r g\u00f6r\u00fcrl\u0259r. H\u0259r bir dal\u011fan\u0131n ortalama bir-iki ayl\u0131q y\u00fcks\u0259lm\u0259 v\u0259 d\u00fc\u015fm\u0259 reall\u0131\u011f\u0131 var&#8221;. ARANTV.AZ \u00a0x\u0259b\u0259r\u00a0verir ki, Milli M\u0259clisin S\u0259hiyy\u0259 Komit\u0259sinin s\u0259drinin m\u00fcavini R\u0259\u015fad Mahmudov bildirib. Deputat hesab edir ki, qar\u015f\u0131dak\u0131 bir-iki h\u0259ft\u0259 \u0259rzind\u0259 dal\u011fan\u0131n s\u00f6nm\u0259si v\u0259 s\u0259hiyy\u0259 \u00fc\u00e7\u00fcn y\u00fck yaratmayacaq r\u0259q\u0259ml\u0259r\u0259 \u00e7ataca\u011f\u0131 il\u0259 \u00fczl\u0259\u015f\u0259c\u0259yik: &#8220;\u00dcmid edir\u0259m ki, yay\u0131n g\u0259lm\u0259si v\u0259 d\u0259niz m\u00f6vs\u00fcm\u00fcn\u00fcn ba\u015flamas\u0131 il\u0259 \u0259laq\u0259dar, h\u0259m d\u0259 r\u0259q\u0259ml\u0259rin bu \u015f\u0259kild\u0259 a\u015fa\u011f\u0131 d\u00fc\u015fm\u0259sind\u0259n sonra h\u00f6kum\u0259t insanlar\u0131n normal h\u0259yata d\u00f6nm\u0259sin\u0259 uy\u011fun q\u0259rarlar ver\u0259c\u0259k&#8221;.\/BAKU.WS<\/p>\n","protected":false},"author":2,"featured_media":332052,"comment_status":"closed","ping_status":"closed","sticky":false,"template":"","format":"standard","meta":{"om_disable_all_campaigns":false,"_monsterinsights_skip_tracking":false,"_monsterinsights_sitenote_active":false,"_monsterinsights_sitenote_note":"","_monsterinsights_sitenote_category":0},"categories":[26],"tags":[],"aioseo_notices":[],"gutentor_comment":0,"rttpg_featured_image_url":{"full":["https:\/\/arantv.az\/wp-content\/uploads\/2021\/04\/yumsaldilma.jpg",549,366,false],"landscape":["https:\/\/arantv.az\/wp-content\/uploads\/2021\/04\/yumsaldilma.jpg",549,366,false],"portraits":["https:\/\/arantv.az\/wp-content\/uploads\/2021\/04\/yumsaldilma.jpg",549,366,false],"thumbnail":["https:\/\/arantv.az\/wp-content\/uploads\/2021\/04\/yumsaldilma-500x280.jpg",500,280,true],"medium":["https:\/\/arantv.az\/wp-content\/uploads\/2021\/04\/yumsaldilma.jpg",548,365,false],"large":["https:\/\/arantv.az\/wp-content\/uploads\/2021\/04\/yumsaldilma.jpg",549,366,false],"1536x1536":["https:\/\/arantv.az\/wp-content\/uploads\/2021\/04\/yumsaldilma.jpg",549,366,false],"2048x2048":["https:\/\/arantv.az\/wp-content\/uploads\/2021\/04\/yumsaldilma.jpg",549,366,false],"post-thumbnail":["https:\/\/arantv.az\/wp-content\/uploads\/2021\/04\/yumsaldilma-240x172.jpg",240,172,true],"advps-thumb-one":["https:\/\/arantv.az\/wp-content\/uploads\/2021\/04\/yumsaldilma.jpg",549,366,false]},"rttpg_author":{"display_name":"V\u00fcsal Rafiqo\u011flu","author_link":"https:\/\/arantv.az\/?author=2"},"rttpg_comment":0,"rttpg_category":"<a href=\"https:\/\/arantv.az\/?cat=26\" rel=\"category\">Sosial<\/a>","rttpg_excerpt":"&#8220;Az\u0259rbaycan s\u0259hiyy\u0259si son bir ayda artan dal\u011fa qar\u015f\u0131s\u0131nda y\u00fckl\u0259nmi\u015f v\u0259ziyy\u0259td\u0259dir. Buna uy\u011fun olaraq d\u00f6vl\u0259tin adiyy\u0259ti qurumlar\u0131 t\u0259dbirl\u0259r g\u00f6r\u00fcrl\u0259r. H\u0259r bir dal\u011fan\u0131n ortalama bir-iki ayl\u0131q y\u00fcks\u0259lm\u0259 v\u0259 d\u00fc\u015fm\u0259 reall\u0131\u011f\u0131 var&#8221;. ARANTV.AZ \u00a0x\u0259b\u0259r\u00a0verir ki, Milli M\u0259clisin S\u0259hiyy\u0259 Komit\u0259sinin s\u0259drinin m\u00fcavini R\u0259\u015fad Mahmudov bildirib. Deputat hesab edir ki, qar\u015f\u0131dak\u0131 bir-iki h\u0259ft\u0259 \u0259rzind\u0259 dal\u011fan\u0131n s\u00f6nm\u0259si v\u0259 s\u0259hiyy\u0259 \u00fc\u00e7\u00fcn y\u00fck&hellip;","_links":{"self":[{"href":"https:\/\/arantv.az\/index.php?rest_route=\/wp\/v2\/posts\/332051"}],"collection":[{"href":"https:\/\/arantv.az\/index.php?rest_route=\/wp\/v2\/posts"}],"about":[{"href":"https:\/\/arantv.az\/index.php?rest_route=\/wp\/v2\/types\/post"}],"author":[{"embeddable":true,"href":"https:\/\/arantv.az\/index.php?rest_route=\/wp\/v2\/users\/2"}],"replies":[{"embeddable":true,"href":"https:\/\/arantv.az\/index.php?rest_route=%2Fwp%2Fv2%2Fcomments&post=332051"}],"version-history":[{"count":0,"href":"https:\/\/arantv.az\/index.php?rest_route=\/wp\/v2\/posts\/332051\/revisions"}],"wp:featuredmedia":[{"embeddable":true,"href":"https:\/\/arantv.az\/index.php?rest_route=\/wp\/v2\/media\/332052"}],"wp:attachment":[{"href":"https:\/\/arantv.az\/index.php?rest_route=%2Fwp%2Fv2%2Fmedia&parent=332051"}],"wp:term":[{"taxonomy":"category","embeddable":true,"href":"https:\/\/arantv.az\/index.php?rest_route=%2Fwp%2Fv2%2Fcategories&post=332051"},{"taxonomy":"post_tag","embeddable":true,"href":"https:\/\/arantv.az\/index.php?rest_route=%2Fwp%2Fv2%2Ftags&post=332051"}],"curies":[{"name":"wp","href":"https:\/\/api.w.org\/{rel}","templated":true}]}}