{"id":332054,"date":"2021-04-29T13:35:12","date_gmt":"2021-04-29T10:35:12","guid":{"rendered":"https:\/\/arantv.az\/?p=332054"},"modified":"2021-04-29T13:35:12","modified_gmt":"2021-04-29T10:35:12","slug":"doyubl%c9%99r-yaxsi-edibl%c9%99r-%c9%99ll%c9%99ri-d%c9%99rd-gorm%c9%99sin-xudayarin-qardasi","status":"publish","type":"post","link":"https:\/\/arantv.az\/?p=332054","title":{"rendered":"&#8220;D\u00f6y\u00fcbl\u0259r yax\u015f\u0131 edibl\u0259r, \u0259ll\u0259ri d\u0259rd g\u00f6rm\u0259sin&#8221; &#8211; Xudayar\u0131n qarda\u015f\u0131"},"content":{"rendered":"<p><a title=\"xeberler son xeberler 2021\" href=\"https:\/\/big.az\/\" target=\"_blank\" rel=\"noopener\">X\u0259b\u0259r<\/a>\u00a0verdiyimiz kimi, sosial s\u0327\u0259b\u0259k\u0259l\u0259rd\u0259 s\u0327\u0259hid Xudayar Yusifzad\u0259 haqq\u0131nda status pay\u0131las\u0327an Fuad R\u0259sulzad\u0259 adl\u0131 s\u0327\u0259xs o\u0308t\u0259n gu\u0308n ku\u0308c\u0327\u0259d\u0259 do\u0308yu\u0308lu\u0308b.<\/p>\n<p>M\u0259s\u0259l\u0259 il\u0259 bag\u0306l\u0131 AZXEBER.COM-a a\u00e7\u0131qlama ver\u0259n \u015f\u0259hid Xudayar\u0131n qardas\u0327\u0131 M\u0259h\u0259mm\u0259d Yusifzad\u0259 deyib ki, o adam\u0131 haql\u0131 olaraq do\u0308yu\u0308bl\u0259r:<\/p>\n<div id=\"AdviadNativeVideo0\" class=\"AdviadNativeVideo\"><\/div>\n<p>&#8220;S\u0327\u0259hid haqq\u0131nda bu cu\u0308r status yazanda bilmirdi ki, onu n\u0259l\u0259r go\u0308zl\u0259yir? Do\u0308yu\u0308bl\u0259r, yaxs\u0327\u0131 edibl\u0259r, \u0259ll\u0259ri d\u0259rd go\u0308rm\u0259sin. Onu do\u0308y\u0259nl\u0259r d\u0259 el\u0259 Xudayar\u0131 sev\u0259nl\u0259r, Xudayar\u0131n qardas\u0327lar\u0131 olub. Onun haqq\u0131 idi bu cu\u0308r v\u0259ziyy\u0259t\u0259 du\u0308s\u0327m\u0259k. S\u0327\u0259hidl\u0259rimiz haqq\u0131nda bu cu\u0308r fikirl\u0259r bildirm\u0259k olmaz. Onlar v\u0259t\u0259n ug\u0306runda canlar\u0131ndan kec\u0327ibl\u0259r&#8221;.<\/p>\n<p>M\u0259h\u0259mm\u0259d Yusifzad\u0259 qeyd edib ki, c\u0259zaland\u0131r\u0131lmas\u0131 laz\u0131m olan s\u0327\u0259xs el\u0259 Xudayar haqq\u0131nda bu cu\u0308r so\u0308zl\u0259r yazan adamd\u0131r:<\/p>\n<p>&#8220;Onu do\u0308y\u0259nl\u0259ri c\u0259zaland\u0131rmaq laz\u0131m deyil. H\u0259r gu\u0308n ku\u0308c\u0327\u0259l\u0259rd\u0259 m\u0259nas\u0131z davalar olur, b\u0259s onlar niy\u0259 c\u0259zaland\u0131r\u0131lm\u0131r?<\/p>\n<p>C\u0259zaland\u0131r\u0131lmas\u0131 laz\u0131m olan adam el\u0259 o statusu yazand\u0131r. H\u0259min statusu yazd\u0131g\u0306\u0131 vaxt o, qanunla c\u0259zaland\u0131r\u0131lmal\u0131 idi. Bu\u0308tu\u0308n s\u0327\u0259hidl\u0259r bizim qardas\u0327lar\u0131m\u0131zd\u0131r. Onlara qars\u0327\u0131 bel\u0259 h\u0259r\u0259k\u0259tl\u0259r etm\u0259k olmaz&#8221;.<\/p>\n","protected":false},"excerpt":{"rendered":"<p>X\u0259b\u0259r\u00a0verdiyimiz kimi, sosial s\u0327\u0259b\u0259k\u0259l\u0259rd\u0259 s\u0327\u0259hid Xudayar Yusifzad\u0259 haqq\u0131nda status pay\u0131las\u0327an Fuad R\u0259sulzad\u0259 adl\u0131 s\u0327\u0259xs o\u0308t\u0259n gu\u0308n ku\u0308c\u0327\u0259d\u0259 do\u0308yu\u0308lu\u0308b. M\u0259s\u0259l\u0259 il\u0259 bag\u0306l\u0131 AZXEBER.COM-a a\u00e7\u0131qlama ver\u0259n \u015f\u0259hid Xudayar\u0131n qardas\u0327\u0131 M\u0259h\u0259mm\u0259d Yusifzad\u0259 deyib ki, o adam\u0131 haql\u0131 olaraq do\u0308yu\u0308bl\u0259r: &#8220;S\u0327\u0259hid haqq\u0131nda bu cu\u0308r status yazanda bilmirdi ki, onu n\u0259l\u0259r go\u0308zl\u0259yir? Do\u0308yu\u0308bl\u0259r, yaxs\u0327\u0131 edibl\u0259r, \u0259ll\u0259ri d\u0259rd go\u0308rm\u0259sin. Onu do\u0308y\u0259nl\u0259r d\u0259 el\u0259 Xudayar\u0131 sev\u0259nl\u0259r, Xudayar\u0131n qardas\u0327lar\u0131 olub. Onun haqq\u0131 idi bu cu\u0308r v\u0259ziyy\u0259t\u0259 du\u0308s\u0327m\u0259k. S\u0327\u0259hidl\u0259rimiz haqq\u0131nda bu cu\u0308r fikirl\u0259r bildirm\u0259k olmaz. Onlar v\u0259t\u0259n ug\u0306runda canlar\u0131ndan kec\u0327ibl\u0259r&#8221;. M\u0259h\u0259mm\u0259d Yusifzad\u0259 qeyd edib ki, c\u0259zaland\u0131r\u0131lmas\u0131 laz\u0131m olan s\u0327\u0259xs&hellip;<\/p>\n","protected":false},"author":2,"featured_media":332055,"comment_status":"closed","ping_status":"closed","sticky":false,"template":"","format":"standard","meta":{"om_disable_all_campaigns":false,"_monsterinsights_skip_tracking":false,"_monsterinsights_sitenote_active":false,"_monsterinsights_sitenote_note":"","_monsterinsights_sitenote_category":0},"categories":[26],"tags":[],"aioseo_notices":[],"gutentor_comment":0,"rttpg_featured_image_url":{"full":["https:\/\/arantv.az\/wp-content\/uploads\/2021\/04\/doymek.jpg",551,441,false],"landscape":["https:\/\/arantv.az\/wp-content\/uploads\/2021\/04\/doymek.jpg",551,441,false],"portraits":["https:\/\/arantv.az\/wp-content\/uploads\/2021\/04\/doymek.jpg",551,441,false],"thumbnail":["https:\/\/arantv.az\/wp-content\/uploads\/2021\/04\/doymek-500x280.jpg",500,280,true],"medium":["https:\/\/arantv.az\/wp-content\/uploads\/2021\/04\/doymek-456x365.jpg",456,365,true],"large":["https:\/\/arantv.az\/wp-content\/uploads\/2021\/04\/doymek.jpg",551,441,false],"1536x1536":["https:\/\/arantv.az\/wp-content\/uploads\/2021\/04\/doymek.jpg",551,441,false],"2048x2048":["https:\/\/arantv.az\/wp-content\/uploads\/2021\/04\/doymek.jpg",551,441,false],"post-thumbnail":["https:\/\/arantv.az\/wp-content\/uploads\/2021\/04\/doymek-240x172.jpg",240,172,true],"advps-thumb-one":["https:\/\/arantv.az\/wp-content\/uploads\/2021\/04\/doymek.jpg",551,441,false]},"rttpg_author":{"display_name":"V\u00fcsal Rafiqo\u011flu","author_link":"https:\/\/arantv.az\/?author=2"},"rttpg_comment":0,"rttpg_category":"<a href=\"https:\/\/arantv.az\/?cat=26\" rel=\"category\">Sosial<\/a>","rttpg_excerpt":"X\u0259b\u0259r\u00a0verdiyimiz kimi, sosial s\u0327\u0259b\u0259k\u0259l\u0259rd\u0259 s\u0327\u0259hid Xudayar Yusifzad\u0259 haqq\u0131nda status pay\u0131las\u0327an Fuad R\u0259sulzad\u0259 adl\u0131 s\u0327\u0259xs o\u0308t\u0259n gu\u0308n ku\u0308c\u0327\u0259d\u0259 do\u0308yu\u0308lu\u0308b. M\u0259s\u0259l\u0259 il\u0259 bag\u0306l\u0131 AZXEBER.COM-a a\u00e7\u0131qlama ver\u0259n \u015f\u0259hid Xudayar\u0131n qardas\u0327\u0131 M\u0259h\u0259mm\u0259d Yusifzad\u0259 deyib ki, o adam\u0131 haql\u0131 olaraq do\u0308yu\u0308bl\u0259r: &#8220;S\u0327\u0259hid haqq\u0131nda bu cu\u0308r status yazanda bilmirdi ki, onu n\u0259l\u0259r go\u0308zl\u0259yir? Do\u0308yu\u0308bl\u0259r, yaxs\u0327\u0131 edibl\u0259r, \u0259ll\u0259ri d\u0259rd go\u0308rm\u0259sin. Onu do\u0308y\u0259nl\u0259r&hellip;","_links":{"self":[{"href":"https:\/\/arantv.az\/index.php?rest_route=\/wp\/v2\/posts\/332054"}],"collection":[{"href":"https:\/\/arantv.az\/index.php?rest_route=\/wp\/v2\/posts"}],"about":[{"href":"https:\/\/arantv.az\/index.php?rest_route=\/wp\/v2\/types\/post"}],"author":[{"embeddable":true,"href":"https:\/\/arantv.az\/index.php?rest_route=\/wp\/v2\/users\/2"}],"replies":[{"embeddable":true,"href":"https:\/\/arantv.az\/index.php?rest_route=%2Fwp%2Fv2%2Fcomments&post=332054"}],"version-history":[{"count":0,"href":"https:\/\/arantv.az\/index.php?rest_route=\/wp\/v2\/posts\/332054\/revisions"}],"wp:featuredmedia":[{"embeddable":true,"href":"https:\/\/arantv.az\/index.php?rest_route=\/wp\/v2\/media\/332055"}],"wp:attachment":[{"href":"https:\/\/arantv.az\/index.php?rest_route=%2Fwp%2Fv2%2Fmedia&parent=332054"}],"wp:term":[{"taxonomy":"category","embeddable":true,"href":"https:\/\/arantv.az\/index.php?rest_route=%2Fwp%2Fv2%2Fcategories&post=332054"},{"taxonomy":"post_tag","embeddable":true,"href":"https:\/\/arantv.az\/index.php?rest_route=%2Fwp%2Fv2%2Ftags&post=332054"}],"curies":[{"name":"wp","href":"https:\/\/api.w.org\/{rel}","templated":true}]}}