{"id":332066,"date":"2021-04-29T13:48:51","date_gmt":"2021-04-29T10:48:51","guid":{"rendered":"https:\/\/arantv.az\/?p=332066"},"modified":"2021-04-29T13:48:51","modified_gmt":"2021-04-29T10:48:51","slug":"bakiya-d%c9%99v%c9%99t-edildim-v%c9%99-butun-probleml%c9%99rim-h%c9%99ll-edildi-bayram-k%c9%99rimov","status":"publish","type":"post","link":"https:\/\/arantv.az\/?p=332066","title":{"rendered":"&#8220;Bak\u0131ya d\u0259v\u0259t edildim v\u0259 b\u00fct\u00fcn probleml\u0259rim h\u0259ll edildi&#8221; &#8211; Bayram K\u0259rimov"},"content":{"rendered":"<p>&#8220;M\u0259n M\u00fcdafi\u0259 Nazirliyi t\u0259r\u0259find\u0259n Bak\u0131ya d\u0259v\u0259t olundum, &#8220;Papanin&#8221; x\u0259st\u0259xanas\u0131nda oldum v\u0259 onun b\u00fct\u00fcn probleml\u0259ri art\u0131q h\u0259ll olundu&#8221;.<\/p>\n<p>Bu s\u00f6zl\u0259ri AZXEBER.COM-a a\u00e7\u0131qlamas\u0131nda ke\u00e7mi\u015f \u0259sir Bayram K\u0259rimov deyib.<\/p>\n<div id=\"AdviadNativeVideo0\" class=\"AdviadNativeVideo\"><\/div>\n<p>O bildirib ki, b\u00fct\u00fcn s\u0259n\u0259dl\u0259ri ona t\u0259qdim edilib v\u0259 m\u00fcayin\u0259d\u0259n ke\u00e7ib: &#8220;Papanin&#8221; x\u0259st\u0259xanas\u0131nda m\u00fcayin\u0259d\u0259n ke\u00e7dim, daha sonra b\u00fct\u00fcn s\u0259n\u0259dl\u0259rim m\u0259n\u0259 t\u0259qdim edildi. Haz\u0131rda G\u0259nc\u0259d\u0259y\u0259m, h\u0259r \u015fey qaydas\u0131ndad\u0131r. He\u00e7 bir \u015fikay\u0259tim yoxdur. Bir daha C\u0259nab Prezident\u0259, M\u00fcdafi\u0259 Nazirliyin\u0259 v\u0259 x\u0259st\u0259xanan\u0131n r\u0259hb\u0259rliyin\u0259 t\u0259\u015f\u0259kk\u00fcr edir\u0259m&#8221;.<\/p>\n<p>Bayram K\u0259rimovun \u0259llilikl\u0259 ba\u011fl\u0131 m\u00fcraci\u0259tin\u0259 d\u0259 bax\u0131l\u0131b. O bildirib ki, yax\u0131n zamanlarda bu m\u0259s\u0259l\u0259 d\u0259 h\u0259ll edil\u0259c\u0259k.<\/p>\n","protected":false},"excerpt":{"rendered":"<p>&#8220;M\u0259n M\u00fcdafi\u0259 Nazirliyi t\u0259r\u0259find\u0259n Bak\u0131ya d\u0259v\u0259t olundum, &#8220;Papanin&#8221; x\u0259st\u0259xanas\u0131nda oldum v\u0259 onun b\u00fct\u00fcn probleml\u0259ri art\u0131q h\u0259ll olundu&#8221;. Bu s\u00f6zl\u0259ri AZXEBER.COM-a a\u00e7\u0131qlamas\u0131nda ke\u00e7mi\u015f \u0259sir Bayram K\u0259rimov deyib. O bildirib ki, b\u00fct\u00fcn s\u0259n\u0259dl\u0259ri ona t\u0259qdim edilib v\u0259 m\u00fcayin\u0259d\u0259n ke\u00e7ib: &#8220;Papanin&#8221; x\u0259st\u0259xanas\u0131nda m\u00fcayin\u0259d\u0259n ke\u00e7dim, daha sonra b\u00fct\u00fcn s\u0259n\u0259dl\u0259rim m\u0259n\u0259 t\u0259qdim edildi. Haz\u0131rda G\u0259nc\u0259d\u0259y\u0259m, h\u0259r \u015fey qaydas\u0131ndad\u0131r. He\u00e7 bir \u015fikay\u0259tim yoxdur. Bir daha C\u0259nab Prezident\u0259, M\u00fcdafi\u0259 Nazirliyin\u0259 v\u0259 x\u0259st\u0259xanan\u0131n r\u0259hb\u0259rliyin\u0259 t\u0259\u015f\u0259kk\u00fcr edir\u0259m&#8221;. Bayram K\u0259rimovun \u0259llilikl\u0259 ba\u011fl\u0131 m\u00fcraci\u0259tin\u0259 d\u0259 bax\u0131l\u0131b. O bildirib ki, yax\u0131n zamanlarda bu m\u0259s\u0259l\u0259 d\u0259 h\u0259ll edil\u0259c\u0259k.<\/p>\n","protected":false},"author":2,"featured_media":332067,"comment_status":"closed","ping_status":"closed","sticky":false,"template":"","format":"standard","meta":{"om_disable_all_campaigns":false,"_monsterinsights_skip_tracking":false,"_monsterinsights_sitenote_active":false,"_monsterinsights_sitenote_note":"","_monsterinsights_sitenote_category":0},"categories":[26],"tags":[],"aioseo_notices":[],"gutentor_comment":0,"rttpg_featured_image_url":{"full":["https:\/\/arantv.az\/wp-content\/uploads\/2021\/04\/bayram_81619690092.jpg",649,407,false],"landscape":["https:\/\/arantv.az\/wp-content\/uploads\/2021\/04\/bayram_81619690092.jpg",649,407,false],"portraits":["https:\/\/arantv.az\/wp-content\/uploads\/2021\/04\/bayram_81619690092.jpg",649,407,false],"thumbnail":["https:\/\/arantv.az\/wp-content\/uploads\/2021\/04\/bayram_81619690092-500x280.jpg",500,280,true],"medium":["https:\/\/arantv.az\/wp-content\/uploads\/2021\/04\/bayram_81619690092-582x365.jpg",582,365,true],"large":["https:\/\/arantv.az\/wp-content\/uploads\/2021\/04\/bayram_81619690092.jpg",640,401,false],"1536x1536":["https:\/\/arantv.az\/wp-content\/uploads\/2021\/04\/bayram_81619690092.jpg",649,407,false],"2048x2048":["https:\/\/arantv.az\/wp-content\/uploads\/2021\/04\/bayram_81619690092.jpg",649,407,false],"post-thumbnail":["https:\/\/arantv.az\/wp-content\/uploads\/2021\/04\/bayram_81619690092-240x172.jpg",240,172,true],"advps-thumb-one":["https:\/\/arantv.az\/wp-content\/uploads\/2021\/04\/bayram_81619690092.jpg",649,407,false]},"rttpg_author":{"display_name":"V\u00fcsal Rafiqo\u011flu","author_link":"https:\/\/arantv.az\/?author=2"},"rttpg_comment":0,"rttpg_category":"<a href=\"https:\/\/arantv.az\/?cat=26\" rel=\"category\">Sosial<\/a>","rttpg_excerpt":"&#8220;M\u0259n M\u00fcdafi\u0259 Nazirliyi t\u0259r\u0259find\u0259n Bak\u0131ya d\u0259v\u0259t olundum, &#8220;Papanin&#8221; x\u0259st\u0259xanas\u0131nda oldum v\u0259 onun b\u00fct\u00fcn probleml\u0259ri art\u0131q h\u0259ll olundu&#8221;. Bu s\u00f6zl\u0259ri AZXEBER.COM-a a\u00e7\u0131qlamas\u0131nda ke\u00e7mi\u015f \u0259sir Bayram K\u0259rimov deyib. O bildirib ki, b\u00fct\u00fcn s\u0259n\u0259dl\u0259ri ona t\u0259qdim edilib v\u0259 m\u00fcayin\u0259d\u0259n ke\u00e7ib: &#8220;Papanin&#8221; x\u0259st\u0259xanas\u0131nda m\u00fcayin\u0259d\u0259n ke\u00e7dim, daha sonra b\u00fct\u00fcn s\u0259n\u0259dl\u0259rim m\u0259n\u0259 t\u0259qdim edildi. Haz\u0131rda G\u0259nc\u0259d\u0259y\u0259m, h\u0259r \u015fey qaydas\u0131ndad\u0131r. He\u00e7 bir&hellip;","_links":{"self":[{"href":"https:\/\/arantv.az\/index.php?rest_route=\/wp\/v2\/posts\/332066"}],"collection":[{"href":"https:\/\/arantv.az\/index.php?rest_route=\/wp\/v2\/posts"}],"about":[{"href":"https:\/\/arantv.az\/index.php?rest_route=\/wp\/v2\/types\/post"}],"author":[{"embeddable":true,"href":"https:\/\/arantv.az\/index.php?rest_route=\/wp\/v2\/users\/2"}],"replies":[{"embeddable":true,"href":"https:\/\/arantv.az\/index.php?rest_route=%2Fwp%2Fv2%2Fcomments&post=332066"}],"version-history":[{"count":0,"href":"https:\/\/arantv.az\/index.php?rest_route=\/wp\/v2\/posts\/332066\/revisions"}],"wp:featuredmedia":[{"embeddable":true,"href":"https:\/\/arantv.az\/index.php?rest_route=\/wp\/v2\/media\/332067"}],"wp:attachment":[{"href":"https:\/\/arantv.az\/index.php?rest_route=%2Fwp%2Fv2%2Fmedia&parent=332066"}],"wp:term":[{"taxonomy":"category","embeddable":true,"href":"https:\/\/arantv.az\/index.php?rest_route=%2Fwp%2Fv2%2Fcategories&post=332066"},{"taxonomy":"post_tag","embeddable":true,"href":"https:\/\/arantv.az\/index.php?rest_route=%2Fwp%2Fv2%2Ftags&post=332066"}],"curies":[{"name":"wp","href":"https:\/\/api.w.org\/{rel}","templated":true}]}}