{"id":33212,"date":"2019-01-18T09:38:19","date_gmt":"2019-01-18T06:38:19","guid":{"rendered":"http:\/\/arantv.az\/?p=33212"},"modified":"2019-01-18T09:38:19","modified_gmt":"2019-01-18T06:38:19","slug":"avropa-parlamenti-az%c9%99rbaycani-h%c9%99ddind%c9%99n-artiq-sixisdirir","status":"publish","type":"post","link":"https:\/\/arantv.az\/?p=33212","title":{"rendered":"\u201cAvropa Parlamenti Az\u0259rbaycan\u0131 h\u0259ddind\u0259n art\u0131q s\u0131x\u0131\u015fd\u0131r\u0131r\u201d"},"content":{"rendered":"<blockquote><p><strong><em>Hesab edir\u0259m ki, Avropa Parlamenti (AP) Az\u0259rbaycan\u0131 h\u0259ddind\u0259n art\u0131q s\u0131x\u0131\u015fd\u0131r\u0131r.\u00a0<\/em><\/strong><\/p><\/blockquote>\n<p><strong>ARANTV.AZ<\/strong> x\u0259b\u0259r verir ki, bu s\u00f6zl\u0259ri report-a a\u00e7\u0131qlamas\u0131nda Avropa Parlamentinin \u00fczv\u00fc Patrisiya Lalond \u00fczv oldu\u011fu qurumda Az\u0259rbaycana qar\u015f\u0131 ba\u015f tutan m\u00fczakir\u0259l\u0259r\u0259 m\u00fcnasib\u0259t bildir\u0259rk\u0259n deyib.<\/p>\n<p>&#8220;M\u0259n bir ne\u00e7\u0259 d\u0259f\u0259 Az\u0259rbaycana x\u00fcsusi olaraq qad\u0131n h\u00fcquqlar\u0131 il\u0259 ba\u011fl\u0131 missiya t\u0259rkibind\u0259 getmi\u015f\u0259m. Bu zaman Az\u0259rbaycan\u0131n qad\u0131n h\u00fcquqlar\u0131 sah\u0259sind\u0259 nec\u0259 s\u0259yl\u0259r g\u00f6st\u0259rdiyini g\u00f6rm\u00fc\u015f\u0259m. B\u00fct\u00fcn d\u0259y\u0259rl\u0259rimizi olmasa da, Avropa \u0130ttifaq\u0131n\u0131n bir s\u0131ra d\u0259y\u0259rl\u0259rini, qad\u0131n h\u00fcquqlar\u0131, radikal islamizm\u0259 qar\u015f\u0131 m\u00fcbariz\u0259ni, azl\u0131qlar\u0131 m\u00fcdafi\u0259 ed\u0259n \u00f6lk\u0259l\u0259r\u0259 qar\u015f\u0131 bu c\u00fcr s\u0259rt olmaqda yan\u0131l\u0131r\u0131q. Bak\u0131ya ged\u0259nd\u0259 m\u0259scidl\u0259rl\u0259 yana\u015f\u0131, senaqoq, kils\u0259 d\u0259 g\u00f6rm\u0259k olur.<\/p>\n<p>\u018flb\u0259tt\u0259 ki, Az\u0259rbaycanda m\u0259tbuatla ba\u011fl\u0131 m\u00fc\u0259yy\u0259n probleml\u0259r var. Amma b\u0259z\u0259n m\u00fcxt\u0259lif \u00f6lk\u0259l\u0259rd\u0259 radikal islamizm\u0259 qar\u015f\u0131 m\u00fcbariz\u0259 aparmaq \u00fc\u00e7\u00fcn m\u0259tbuat azadl\u0131\u011f\u0131na qoyulan m\u0259hdudiyy\u0259tl\u0259ri ba\u015fa d\u00fc\u015fm\u0259k olar. \u018flb\u0259tt\u0259 ki, bu, bizim d\u0259y\u0259rl\u0259rimiz\u0259 zidd oldu\u011fu \u00fc\u00e7\u00fcn m\u0259nfi qar\u015f\u0131lan\u0131r. Biz bu problemd\u0259n uza\u011f\u0131q, h\u0259r halda bu g\u00fcn\u0259 kimi uza\u011f\u0131q. He\u00e7 h\u0259bs etm\u0259kd\u0259n dan\u0131\u015fm\u0131ram, sad\u0259c\u0259, h\u0259r hans\u0131sa bir jurnalisti susdurma\u011fa \u00e7al\u0131\u015fsaq, bu hal \u00e7ox m\u0259nfi qar\u015f\u0131lanacaq&#8221;, &#8211; P. Lalond vur\u011fulay\u0131b.<\/p>\n","protected":false},"excerpt":{"rendered":"<p>Hesab edir\u0259m ki, Avropa Parlamenti (AP) Az\u0259rbaycan\u0131 h\u0259ddind\u0259n art\u0131q s\u0131x\u0131\u015fd\u0131r\u0131r.\u00a0 ARANTV.AZ x\u0259b\u0259r verir ki, bu s\u00f6zl\u0259ri report-a a\u00e7\u0131qlamas\u0131nda Avropa Parlamentinin \u00fczv\u00fc Patrisiya Lalond \u00fczv oldu\u011fu qurumda Az\u0259rbaycana qar\u015f\u0131 ba\u015f tutan m\u00fczakir\u0259l\u0259r\u0259 m\u00fcnasib\u0259t bildir\u0259rk\u0259n deyib. &#8220;M\u0259n bir ne\u00e7\u0259 d\u0259f\u0259 Az\u0259rbaycana x\u00fcsusi olaraq qad\u0131n h\u00fcquqlar\u0131 il\u0259 ba\u011fl\u0131 missiya t\u0259rkibind\u0259 getmi\u015f\u0259m. Bu zaman Az\u0259rbaycan\u0131n qad\u0131n h\u00fcquqlar\u0131 sah\u0259sind\u0259 nec\u0259 s\u0259yl\u0259r g\u00f6st\u0259rdiyini g\u00f6rm\u00fc\u015f\u0259m. B\u00fct\u00fcn d\u0259y\u0259rl\u0259rimizi olmasa da, Avropa \u0130ttifaq\u0131n\u0131n bir s\u0131ra d\u0259y\u0259rl\u0259rini, qad\u0131n h\u00fcquqlar\u0131, radikal islamizm\u0259 qar\u015f\u0131 m\u00fcbariz\u0259ni, azl\u0131qlar\u0131 m\u00fcdafi\u0259 ed\u0259n \u00f6lk\u0259l\u0259r\u0259 qar\u015f\u0131 bu c\u00fcr s\u0259rt olmaqda yan\u0131l\u0131r\u0131q. Bak\u0131ya ged\u0259nd\u0259 m\u0259scidl\u0259rl\u0259 yana\u015f\u0131, senaqoq, kils\u0259 d\u0259&hellip;<\/p>\n","protected":false},"author":2,"featured_media":33213,"comment_status":"closed","ping_status":"closed","sticky":false,"template":"","format":"standard","meta":{"om_disable_all_campaigns":false,"_monsterinsights_skip_tracking":false,"_monsterinsights_sitenote_active":false,"_monsterinsights_sitenote_note":"","_monsterinsights_sitenote_category":0},"categories":[4],"tags":[],"aioseo_notices":[],"gutentor_comment":0,"rttpg_featured_image_url":{"full":["https:\/\/arantv.az\/wp-content\/uploads\/2019\/01\/722346.jpg",800,600,false],"landscape":["https:\/\/arantv.az\/wp-content\/uploads\/2019\/01\/722346.jpg",800,600,false],"portraits":["https:\/\/arantv.az\/wp-content\/uploads\/2019\/01\/722346.jpg",800,600,false],"thumbnail":["https:\/\/arantv.az\/wp-content\/uploads\/2019\/01\/722346-150x150.jpg",150,150,true],"medium":["https:\/\/arantv.az\/wp-content\/uploads\/2019\/01\/722346-300x225.jpg",300,225,true],"large":["https:\/\/arantv.az\/wp-content\/uploads\/2019\/01\/722346.jpg",640,480,false],"1536x1536":["https:\/\/arantv.az\/wp-content\/uploads\/2019\/01\/722346.jpg",800,600,false],"2048x2048":["https:\/\/arantv.az\/wp-content\/uploads\/2019\/01\/722346.jpg",800,600,false],"post-thumbnail":["https:\/\/arantv.az\/wp-content\/uploads\/2019\/01\/722346-240x172.jpg",240,172,true],"advps-thumb-one":["https:\/\/arantv.az\/wp-content\/uploads\/2019\/01\/722346.jpg",800,600,false]},"rttpg_author":{"display_name":"V\u00fcsal Rafiqo\u011flu","author_link":"https:\/\/arantv.az\/?author=2"},"rttpg_comment":0,"rttpg_category":"<a href=\"https:\/\/arantv.az\/?cat=4\" rel=\"category\">Siyas\u0259t<\/a>","rttpg_excerpt":"Hesab edir\u0259m ki, Avropa Parlamenti (AP) Az\u0259rbaycan\u0131 h\u0259ddind\u0259n art\u0131q s\u0131x\u0131\u015fd\u0131r\u0131r.\u00a0 ARANTV.AZ x\u0259b\u0259r verir ki, bu s\u00f6zl\u0259ri report-a a\u00e7\u0131qlamas\u0131nda Avropa Parlamentinin \u00fczv\u00fc Patrisiya Lalond \u00fczv oldu\u011fu qurumda Az\u0259rbaycana qar\u015f\u0131 ba\u015f tutan m\u00fczakir\u0259l\u0259r\u0259 m\u00fcnasib\u0259t bildir\u0259rk\u0259n deyib. &#8220;M\u0259n bir ne\u00e7\u0259 d\u0259f\u0259 Az\u0259rbaycana x\u00fcsusi olaraq qad\u0131n h\u00fcquqlar\u0131 il\u0259 ba\u011fl\u0131 missiya t\u0259rkibind\u0259 getmi\u015f\u0259m. Bu zaman Az\u0259rbaycan\u0131n qad\u0131n h\u00fcquqlar\u0131 sah\u0259sind\u0259 nec\u0259&hellip;","_links":{"self":[{"href":"https:\/\/arantv.az\/index.php?rest_route=\/wp\/v2\/posts\/33212"}],"collection":[{"href":"https:\/\/arantv.az\/index.php?rest_route=\/wp\/v2\/posts"}],"about":[{"href":"https:\/\/arantv.az\/index.php?rest_route=\/wp\/v2\/types\/post"}],"author":[{"embeddable":true,"href":"https:\/\/arantv.az\/index.php?rest_route=\/wp\/v2\/users\/2"}],"replies":[{"embeddable":true,"href":"https:\/\/arantv.az\/index.php?rest_route=%2Fwp%2Fv2%2Fcomments&post=33212"}],"version-history":[{"count":0,"href":"https:\/\/arantv.az\/index.php?rest_route=\/wp\/v2\/posts\/33212\/revisions"}],"wp:featuredmedia":[{"embeddable":true,"href":"https:\/\/arantv.az\/index.php?rest_route=\/wp\/v2\/media\/33213"}],"wp:attachment":[{"href":"https:\/\/arantv.az\/index.php?rest_route=%2Fwp%2Fv2%2Fmedia&parent=33212"}],"wp:term":[{"taxonomy":"category","embeddable":true,"href":"https:\/\/arantv.az\/index.php?rest_route=%2Fwp%2Fv2%2Fcategories&post=33212"},{"taxonomy":"post_tag","embeddable":true,"href":"https:\/\/arantv.az\/index.php?rest_route=%2Fwp%2Fv2%2Ftags&post=33212"}],"curies":[{"name":"wp","href":"https:\/\/api.w.org\/{rel}","templated":true}]}}