{"id":33229,"date":"2019-01-18T09:55:52","date_gmt":"2019-01-18T06:55:52","guid":{"rendered":"http:\/\/arantv.az\/?p=33229"},"modified":"2019-01-18T09:55:52","modified_gmt":"2019-01-18T06:55:52","slug":"qalmaga-yeri-olmayan-17-yasli-g%c9%99nc-siginacaga-yerl%c9%99sdirildi","status":"publish","type":"post","link":"https:\/\/arantv.az\/?p=33229","title":{"rendered":"Qalma\u011fa yeri olmayan 17 ya\u015fl\u0131 g\u0259nc s\u0131\u011f\u0131naca\u011fa yerl\u0259\u015fdirildi"},"content":{"rendered":"<div class=\"spot\">Daimi ya\u015fay\u0131\u015f v\u0259 getm\u0259y\u0259 yeri olmayan 17 ya\u015fl\u0131 g\u0259nc \u018fm\u0259k v\u0259 \u018fhalinin Sosial M\u00fcdafi\u0259si Nazirliyi yan\u0131nda D\u00f6vl\u0259t Sosial M\u00fcdafi\u0259 Fondunun Bax\u0131ms\u0131z, kims\u0259siz v\u0259 sosial t\u0259hl\u00fck\u0259li v\u0259ziyy\u0259td\u0259 olan yetkinlik ya\u015f\u0131na \u00e7atmayanlar \u00fc\u00e7\u00fcn Sosial S\u0131\u011f\u0131nacaq v\u0259 Reabilitasiya M\u00fc\u0259ssis\u0259sin\u0259 q\u0259bul edilib.<\/div>\n<p><strong>ARANTV.AZ<\/strong>-\u0131n m\u0259lumat\u0131na g\u00f6r\u0259, bunu \u018fm\u0259k v\u0259 \u018fhalinin Sosial M\u00fcdafi\u0259si Nazirliyinin m\u0259tbuat katibi Fazil Tal\u0131bov deyib. Onun s\u00f6zl\u0259rin\u0259 g\u00f6r\u0259, K\u0259rimov M\u0259mm\u0259d (ad \u015f\u0259rtidir) qanunvericilikd\u0259 n\u0259z\u0259rd\u0259 tutulmu\u015f m\u00fcdd\u0259t \u0259rzind\u0259 m\u00fc\u0259ssis\u0259d\u0259 ya\u015fayacaq v\u0259 sosial xidm\u0259tl\u0259rl\u0259 t\u0259min edil\u0259c\u0259k.<\/p>\n<p>F.Tal\u0131bov \u0259lav\u0259 edib ki, bu m\u00fcdd\u0259td\u0259 onun sosial reabilitasiyas\u0131 \u00fc\u00e7\u00fcn m\u00fcvafiq i\u015fl\u0259r apar\u0131lacaq.<\/p>\n<div id=\"AdributorNativeVideo0\" class=\"AdributorNativeVideo\"><\/div>\n<p><em>\u00d6lk\u0259.Az<\/em><\/p>\n","protected":false},"excerpt":{"rendered":"<p>Daimi ya\u015fay\u0131\u015f v\u0259 getm\u0259y\u0259 yeri olmayan 17 ya\u015fl\u0131 g\u0259nc \u018fm\u0259k v\u0259 \u018fhalinin Sosial M\u00fcdafi\u0259si Nazirliyi yan\u0131nda D\u00f6vl\u0259t Sosial M\u00fcdafi\u0259 Fondunun Bax\u0131ms\u0131z, kims\u0259siz v\u0259 sosial t\u0259hl\u00fck\u0259li v\u0259ziyy\u0259td\u0259 olan yetkinlik ya\u015f\u0131na \u00e7atmayanlar \u00fc\u00e7\u00fcn Sosial S\u0131\u011f\u0131nacaq v\u0259 Reabilitasiya M\u00fc\u0259ssis\u0259sin\u0259 q\u0259bul edilib. ARANTV.AZ-\u0131n m\u0259lumat\u0131na g\u00f6r\u0259, bunu \u018fm\u0259k v\u0259 \u018fhalinin Sosial M\u00fcdafi\u0259si Nazirliyinin m\u0259tbuat katibi Fazil Tal\u0131bov deyib. Onun s\u00f6zl\u0259rin\u0259 g\u00f6r\u0259, K\u0259rimov M\u0259mm\u0259d (ad \u015f\u0259rtidir) qanunvericilikd\u0259 n\u0259z\u0259rd\u0259 tutulmu\u015f m\u00fcdd\u0259t \u0259rzind\u0259 m\u00fc\u0259ssis\u0259d\u0259 ya\u015fayacaq v\u0259 sosial xidm\u0259tl\u0259rl\u0259 t\u0259min edil\u0259c\u0259k. F.Tal\u0131bov \u0259lav\u0259 edib ki, bu m\u00fcdd\u0259td\u0259 onun sosial reabilitasiyas\u0131 \u00fc\u00e7\u00fcn m\u00fcvafiq i\u015fl\u0259r apar\u0131lacaq. \u00d6lk\u0259.Az<\/p>\n","protected":false},"author":2,"featured_media":33230,"comment_status":"closed","ping_status":"closed","sticky":false,"template":"","format":"standard","meta":{"om_disable_all_campaigns":false,"_monsterinsights_skip_tracking":false,"_monsterinsights_sitenote_active":false,"_monsterinsights_sitenote_note":"","_monsterinsights_sitenote_category":0},"categories":[1],"tags":[],"aioseo_notices":[],"gutentor_comment":0,"rttpg_featured_image_url":{"full":["https:\/\/arantv.az\/wp-content\/uploads\/2019\/01\/siginacaq.jpg",620,375,false],"landscape":["https:\/\/arantv.az\/wp-content\/uploads\/2019\/01\/siginacaq.jpg",620,375,false],"portraits":["https:\/\/arantv.az\/wp-content\/uploads\/2019\/01\/siginacaq.jpg",620,375,false],"thumbnail":["https:\/\/arantv.az\/wp-content\/uploads\/2019\/01\/siginacaq-150x150.jpg",150,150,true],"medium":["https:\/\/arantv.az\/wp-content\/uploads\/2019\/01\/siginacaq-300x181.jpg",300,181,true],"large":["https:\/\/arantv.az\/wp-content\/uploads\/2019\/01\/siginacaq.jpg",620,375,false],"1536x1536":["https:\/\/arantv.az\/wp-content\/uploads\/2019\/01\/siginacaq.jpg",620,375,false],"2048x2048":["https:\/\/arantv.az\/wp-content\/uploads\/2019\/01\/siginacaq.jpg",620,375,false],"post-thumbnail":["https:\/\/arantv.az\/wp-content\/uploads\/2019\/01\/siginacaq-240x172.jpg",240,172,true],"advps-thumb-one":["https:\/\/arantv.az\/wp-content\/uploads\/2019\/01\/siginacaq.jpg",620,375,false]},"rttpg_author":{"display_name":"V\u00fcsal Rafiqo\u011flu","author_link":"https:\/\/arantv.az\/?author=2"},"rttpg_comment":0,"rttpg_category":"<a href=\"https:\/\/arantv.az\/?cat=1\" rel=\"category\">C\u0259miyy\u0259t<\/a>","rttpg_excerpt":"Daimi ya\u015fay\u0131\u015f v\u0259 getm\u0259y\u0259 yeri olmayan 17 ya\u015fl\u0131 g\u0259nc \u018fm\u0259k v\u0259 \u018fhalinin Sosial M\u00fcdafi\u0259si Nazirliyi yan\u0131nda D\u00f6vl\u0259t Sosial M\u00fcdafi\u0259 Fondunun Bax\u0131ms\u0131z, kims\u0259siz v\u0259 sosial t\u0259hl\u00fck\u0259li v\u0259ziyy\u0259td\u0259 olan yetkinlik ya\u015f\u0131na \u00e7atmayanlar \u00fc\u00e7\u00fcn Sosial S\u0131\u011f\u0131nacaq v\u0259 Reabilitasiya M\u00fc\u0259ssis\u0259sin\u0259 q\u0259bul edilib. ARANTV.AZ-\u0131n m\u0259lumat\u0131na g\u00f6r\u0259, bunu \u018fm\u0259k v\u0259 \u018fhalinin Sosial M\u00fcdafi\u0259si Nazirliyinin m\u0259tbuat katibi Fazil Tal\u0131bov deyib. Onun s\u00f6zl\u0259rin\u0259&hellip;","_links":{"self":[{"href":"https:\/\/arantv.az\/index.php?rest_route=\/wp\/v2\/posts\/33229"}],"collection":[{"href":"https:\/\/arantv.az\/index.php?rest_route=\/wp\/v2\/posts"}],"about":[{"href":"https:\/\/arantv.az\/index.php?rest_route=\/wp\/v2\/types\/post"}],"author":[{"embeddable":true,"href":"https:\/\/arantv.az\/index.php?rest_route=\/wp\/v2\/users\/2"}],"replies":[{"embeddable":true,"href":"https:\/\/arantv.az\/index.php?rest_route=%2Fwp%2Fv2%2Fcomments&post=33229"}],"version-history":[{"count":0,"href":"https:\/\/arantv.az\/index.php?rest_route=\/wp\/v2\/posts\/33229\/revisions"}],"wp:featuredmedia":[{"embeddable":true,"href":"https:\/\/arantv.az\/index.php?rest_route=\/wp\/v2\/media\/33230"}],"wp:attachment":[{"href":"https:\/\/arantv.az\/index.php?rest_route=%2Fwp%2Fv2%2Fmedia&parent=33229"}],"wp:term":[{"taxonomy":"category","embeddable":true,"href":"https:\/\/arantv.az\/index.php?rest_route=%2Fwp%2Fv2%2Fcategories&post=33229"},{"taxonomy":"post_tag","embeddable":true,"href":"https:\/\/arantv.az\/index.php?rest_route=%2Fwp%2Fv2%2Ftags&post=33229"}],"curies":[{"name":"wp","href":"https:\/\/api.w.org\/{rel}","templated":true}]}}