{"id":3323,"date":"2018-08-01T08:52:45","date_gmt":"2018-08-01T05:52:45","guid":{"rendered":"http:\/\/arantv.az\/?p=3323"},"modified":"2018-08-01T08:52:45","modified_gmt":"2018-08-01T05:52:45","slug":"orxan-camaldan-sonra-daha-bir-jurnalistin-c%c9%99s%c9%99di-tapildi","status":"publish","type":"post","link":"https:\/\/arantv.az\/?p=3323","title":{"rendered":"Orxan Camaldan sonra daha bir jurnalistin c\u0259s\u0259di tap\u0131ld\u0131"},"content":{"rendered":"<p><strong>Rusiyada \u201cArqument\u0131 i Fakt\u0131\u201d q\u0259zetinin m\u00fcxbiri Sergey Qra\u00e7evin c\u0259s\u0259di tap\u0131l\u0131b.<\/strong><\/p>\n<p><strong>ARANTV.AZ<\/strong> x\u0259b\u0259r verir ki, onun c\u0259s\u0259dinin Nijni Novqorod yax\u0131nlar\u0131nda a\u015fkarland\u0131\u011f\u0131 bildirilib.<\/p>\n<p>Qeyd ed\u0259k ki, Qra\u00e7ev 21 iyulda Nijni Novqorodda ezamiyy\u0259td\u0259 olan zaman yoxa \u00e7\u0131xm\u0131\u015fd\u0131. Sonuncu d\u0259f\u0259 onun \u201c\u015eeraton\u201d otelind\u0259 g\u00f6r\u00fcld\u00fcy\u00fc haqda m\u0259lumat yay\u0131lm\u0131\u015fd\u0131.<\/p>\n<p>D\u00fcn\u0259n h\u0259m\u00e7inin M\u0259rk\u0259zi Afrika Respublikas\u0131nda Rusiyan\u0131n \u201cVaqner\u201d \u00f6z\u0259l h\u0259rbi \u015firk\u0259tinin muzdlular\u0131 il\u0259 ba\u011fl\u0131 reportaj haz\u0131rlayark\u0259n \u00fc\u00e7 rus jurnalist q\u0259tl\u0259 yetirilib. Onlar\u0131n aras\u0131nda \u0259sl\u0259n az\u0259rbaycanl\u0131 olan m\u0259\u015fhur jurnalist Orxan Camal da olub.axar.az<\/p>\n","protected":false},"excerpt":{"rendered":"<p>Rusiyada \u201cArqument\u0131 i Fakt\u0131\u201d q\u0259zetinin m\u00fcxbiri Sergey Qra\u00e7evin c\u0259s\u0259di tap\u0131l\u0131b. ARANTV.AZ x\u0259b\u0259r verir ki, onun c\u0259s\u0259dinin Nijni Novqorod yax\u0131nlar\u0131nda a\u015fkarland\u0131\u011f\u0131 bildirilib. Qeyd ed\u0259k ki, Qra\u00e7ev 21 iyulda Nijni Novqorodda ezamiyy\u0259td\u0259 olan zaman yoxa \u00e7\u0131xm\u0131\u015fd\u0131. Sonuncu d\u0259f\u0259 onun \u201c\u015eeraton\u201d otelind\u0259 g\u00f6r\u00fcld\u00fcy\u00fc haqda m\u0259lumat yay\u0131lm\u0131\u015fd\u0131. D\u00fcn\u0259n h\u0259m\u00e7inin M\u0259rk\u0259zi Afrika Respublikas\u0131nda Rusiyan\u0131n \u201cVaqner\u201d \u00f6z\u0259l h\u0259rbi \u015firk\u0259tinin muzdlular\u0131 il\u0259 ba\u011fl\u0131 reportaj haz\u0131rlayark\u0259n \u00fc\u00e7 rus jurnalist q\u0259tl\u0259 yetirilib. Onlar\u0131n aras\u0131nda \u0259sl\u0259n az\u0259rbaycanl\u0131 olan m\u0259\u015fhur jurnalist Orxan Camal da olub.axar.az<\/p>\n","protected":false},"author":2,"featured_media":3324,"comment_status":"open","ping_status":"open","sticky":false,"template":"","format":"standard","meta":{"om_disable_all_campaigns":false,"_monsterinsights_skip_tracking":false,"_monsterinsights_sitenote_active":false,"_monsterinsights_sitenote_note":"","_monsterinsights_sitenote_category":0},"categories":[7],"tags":[],"aioseo_notices":[],"gutentor_comment":0,"rttpg_featured_image_url":{"full":["https:\/\/arantv.az\/wp-content\/uploads\/2018\/08\/meyit.jpg",259,194,false],"landscape":["https:\/\/arantv.az\/wp-content\/uploads\/2018\/08\/meyit.jpg",259,194,false],"portraits":["https:\/\/arantv.az\/wp-content\/uploads\/2018\/08\/meyit.jpg",259,194,false],"thumbnail":["https:\/\/arantv.az\/wp-content\/uploads\/2018\/08\/meyit-150x150.jpg",150,150,true],"medium":["https:\/\/arantv.az\/wp-content\/uploads\/2018\/08\/meyit.jpg",259,194,false],"large":["https:\/\/arantv.az\/wp-content\/uploads\/2018\/08\/meyit.jpg",259,194,false],"1536x1536":["https:\/\/arantv.az\/wp-content\/uploads\/2018\/08\/meyit.jpg",259,194,false],"2048x2048":["https:\/\/arantv.az\/wp-content\/uploads\/2018\/08\/meyit.jpg",259,194,false],"post-thumbnail":["https:\/\/arantv.az\/wp-content\/uploads\/2018\/08\/meyit.jpg",230,172,false],"advps-thumb-one":["https:\/\/arantv.az\/wp-content\/uploads\/2018\/08\/meyit.jpg",259,194,false]},"rttpg_author":{"display_name":"V\u00fcsal Rafiqo\u011flu","author_link":"https:\/\/arantv.az\/?author=2"},"rttpg_comment":0,"rttpg_category":"<a href=\"https:\/\/arantv.az\/?cat=7\" rel=\"category\">D\u00fcnya<\/a>","rttpg_excerpt":"Rusiyada \u201cArqument\u0131 i Fakt\u0131\u201d q\u0259zetinin m\u00fcxbiri Sergey Qra\u00e7evin c\u0259s\u0259di tap\u0131l\u0131b. ARANTV.AZ x\u0259b\u0259r verir ki, onun c\u0259s\u0259dinin Nijni Novqorod yax\u0131nlar\u0131nda a\u015fkarland\u0131\u011f\u0131 bildirilib. Qeyd ed\u0259k ki, Qra\u00e7ev 21 iyulda Nijni Novqorodda ezamiyy\u0259td\u0259 olan zaman yoxa \u00e7\u0131xm\u0131\u015fd\u0131. Sonuncu d\u0259f\u0259 onun \u201c\u015eeraton\u201d otelind\u0259 g\u00f6r\u00fcld\u00fcy\u00fc haqda m\u0259lumat yay\u0131lm\u0131\u015fd\u0131. D\u00fcn\u0259n h\u0259m\u00e7inin M\u0259rk\u0259zi Afrika Respublikas\u0131nda Rusiyan\u0131n \u201cVaqner\u201d \u00f6z\u0259l h\u0259rbi \u015firk\u0259tinin muzdlular\u0131 il\u0259&hellip;","_links":{"self":[{"href":"https:\/\/arantv.az\/index.php?rest_route=\/wp\/v2\/posts\/3323"}],"collection":[{"href":"https:\/\/arantv.az\/index.php?rest_route=\/wp\/v2\/posts"}],"about":[{"href":"https:\/\/arantv.az\/index.php?rest_route=\/wp\/v2\/types\/post"}],"author":[{"embeddable":true,"href":"https:\/\/arantv.az\/index.php?rest_route=\/wp\/v2\/users\/2"}],"replies":[{"embeddable":true,"href":"https:\/\/arantv.az\/index.php?rest_route=%2Fwp%2Fv2%2Fcomments&post=3323"}],"version-history":[{"count":0,"href":"https:\/\/arantv.az\/index.php?rest_route=\/wp\/v2\/posts\/3323\/revisions"}],"wp:featuredmedia":[{"embeddable":true,"href":"https:\/\/arantv.az\/index.php?rest_route=\/wp\/v2\/media\/3324"}],"wp:attachment":[{"href":"https:\/\/arantv.az\/index.php?rest_route=%2Fwp%2Fv2%2Fmedia&parent=3323"}],"wp:term":[{"taxonomy":"category","embeddable":true,"href":"https:\/\/arantv.az\/index.php?rest_route=%2Fwp%2Fv2%2Fcategories&post=3323"},{"taxonomy":"post_tag","embeddable":true,"href":"https:\/\/arantv.az\/index.php?rest_route=%2Fwp%2Fv2%2Ftags&post=3323"}],"curies":[{"name":"wp","href":"https:\/\/api.w.org\/{rel}","templated":true}]}}