{"id":33232,"date":"2019-01-18T10:04:31","date_gmt":"2019-01-18T07:04:31","guid":{"rendered":"http:\/\/arantv.az\/?p=33232"},"modified":"2019-01-18T10:04:31","modified_gmt":"2019-01-18T07:04:31","slug":"bmt-bas-katibi-baki-v%c9%99-yerevanin-s%c9%99yl%c9%99rini-alqislayir","status":"publish","type":"post","link":"https:\/\/arantv.az\/?p=33232","title":{"rendered":"BMT ba\u015f katibi Bak\u0131 v\u0259 Yerevan\u0131n s\u0259yl\u0259rini alq\u0131\u015flay\u0131r"},"content":{"rendered":"<p>BMT ba\u015f katibi\u00a0<strong>Antonio Quterre\u015f<\/strong>\u00a0Az\u0259rbaycan xarici i\u015fl\u0259r naziri\u00a0<strong>Elmar M\u0259mm\u0259dyarov\u00a0<\/strong>v\u0259 Erm\u0259nistan\u0131n xarici i\u015fl\u0259r nazirinin v\u0259zif\u0259l\u0259rini icra ed\u0259n\u00a0<strong>Z\u00f6hrab Mnatsakanyan<\/strong>\u00a0aras\u0131nda yanvar\u0131n 16-da Parisd\u0259 Minsk qrupunun h\u0259ms\u0259drl\u0259rinin vasit\u0259\u00e7iliyi il\u0259 ba\u015f tutan g\u00f6r\u00fc\u015fd\u0259 \u0259ld\u0259 edil\u0259n raz\u0131la\u015fman\u0131 alq\u0131\u015flay\u0131r.<\/p>\n<p><b>ARANTV.AZ <\/b>oxu.az-a<b>\u00a0<\/b>istinad\u0259n x\u0259b\u0259r verir ki, bu b\u0259yanat ba\u015f katibin r\u0259smi n\u00fcmay\u0259nd\u0259si\u00a0<strong>Stefan D\u00fcjarrik<\/strong>\u00a0t\u0259r\u0259find\u0259n yay\u0131mlan\u0131b.<\/p>\n<p>Bildirilir ki, ba\u015f katib Da\u011fl\u0131q Qaraba\u011f m\u00fcnaqi\u015f\u0259sinin s\u00fclh yolu il\u0259 h\u0259lli istiqam\u0259tind\u0259ki f\u0259aliyy\u0259tini y\u00fcks\u0259k qiym\u0259tl\u0259ndirir, o c\u00fcml\u0259d\u0259n, nazirl\u0259rin \u0259halinin s\u00fclh\u0259 haz\u0131rlanmas\u0131 bar\u0259d\u0259 konkret t\u0259dbirl\u0259rin g\u00f6r\u00fclm\u0259sinin z\u0259ruriliyi bar\u0259d\u0259 raz\u0131la\u015fmas\u0131n\u0131 alq\u0131\u015flay\u0131r.<\/p>\n<div id=\"AdributorNativeVideo0\" class=\"AdributorNativeVideo\"><\/div>\n<p>Bundan ba\u015fqa, Quterre\u015f BMT-nin AT\u018fT-in Minsk qrupunun m\u00fch\u00fcm vasit\u0259\u00e7ilik s\u0259yl\u0259rini tam d\u0259st\u0259kl\u0259diyini bir daha b\u0259yan edib.<\/p>\n","protected":false},"excerpt":{"rendered":"<p>BMT ba\u015f katibi\u00a0Antonio Quterre\u015f\u00a0Az\u0259rbaycan xarici i\u015fl\u0259r naziri\u00a0Elmar M\u0259mm\u0259dyarov\u00a0v\u0259 Erm\u0259nistan\u0131n xarici i\u015fl\u0259r nazirinin v\u0259zif\u0259l\u0259rini icra ed\u0259n\u00a0Z\u00f6hrab Mnatsakanyan\u00a0aras\u0131nda yanvar\u0131n 16-da Parisd\u0259 Minsk qrupunun h\u0259ms\u0259drl\u0259rinin vasit\u0259\u00e7iliyi il\u0259 ba\u015f tutan g\u00f6r\u00fc\u015fd\u0259 \u0259ld\u0259 edil\u0259n raz\u0131la\u015fman\u0131 alq\u0131\u015flay\u0131r. ARANTV.AZ oxu.az-a\u00a0istinad\u0259n x\u0259b\u0259r verir ki, bu b\u0259yanat ba\u015f katibin r\u0259smi n\u00fcmay\u0259nd\u0259si\u00a0Stefan D\u00fcjarrik\u00a0t\u0259r\u0259find\u0259n yay\u0131mlan\u0131b. Bildirilir ki, ba\u015f katib Da\u011fl\u0131q Qaraba\u011f m\u00fcnaqi\u015f\u0259sinin s\u00fclh yolu il\u0259 h\u0259lli istiqam\u0259tind\u0259ki f\u0259aliyy\u0259tini y\u00fcks\u0259k qiym\u0259tl\u0259ndirir, o c\u00fcml\u0259d\u0259n, nazirl\u0259rin \u0259halinin s\u00fclh\u0259 haz\u0131rlanmas\u0131 bar\u0259d\u0259 konkret t\u0259dbirl\u0259rin g\u00f6r\u00fclm\u0259sinin z\u0259ruriliyi bar\u0259d\u0259 raz\u0131la\u015fmas\u0131n\u0131 alq\u0131\u015flay\u0131r. Bundan ba\u015fqa, Quterre\u015f BMT-nin AT\u018fT-in Minsk qrupunun m\u00fch\u00fcm vasit\u0259\u00e7ilik s\u0259yl\u0259rini tam d\u0259st\u0259kl\u0259diyini bir daha b\u0259yan edib.<\/p>\n","protected":false},"author":2,"featured_media":33233,"comment_status":"closed","ping_status":"closed","sticky":false,"template":"","format":"standard","meta":{"om_disable_all_campaigns":false,"_monsterinsights_skip_tracking":false,"_monsterinsights_sitenote_active":false,"_monsterinsights_sitenote_note":"","_monsterinsights_sitenote_category":0},"categories":[4],"tags":[],"aioseo_notices":[],"gutentor_comment":0,"rttpg_featured_image_url":{"full":["https:\/\/arantv.az\/wp-content\/uploads\/2019\/01\/antonio_quterres.jpg",620,413,false],"landscape":["https:\/\/arantv.az\/wp-content\/uploads\/2019\/01\/antonio_quterres.jpg",620,413,false],"portraits":["https:\/\/arantv.az\/wp-content\/uploads\/2019\/01\/antonio_quterres.jpg",620,413,false],"thumbnail":["https:\/\/arantv.az\/wp-content\/uploads\/2019\/01\/antonio_quterres-150x150.jpg",150,150,true],"medium":["https:\/\/arantv.az\/wp-content\/uploads\/2019\/01\/antonio_quterres-300x200.jpg",300,200,true],"large":["https:\/\/arantv.az\/wp-content\/uploads\/2019\/01\/antonio_quterres.jpg",620,413,false],"1536x1536":["https:\/\/arantv.az\/wp-content\/uploads\/2019\/01\/antonio_quterres.jpg",620,413,false],"2048x2048":["https:\/\/arantv.az\/wp-content\/uploads\/2019\/01\/antonio_quterres.jpg",620,413,false],"post-thumbnail":["https:\/\/arantv.az\/wp-content\/uploads\/2019\/01\/antonio_quterres-240x172.jpg",240,172,true],"advps-thumb-one":["https:\/\/arantv.az\/wp-content\/uploads\/2019\/01\/antonio_quterres.jpg",620,413,false]},"rttpg_author":{"display_name":"V\u00fcsal Rafiqo\u011flu","author_link":"https:\/\/arantv.az\/?author=2"},"rttpg_comment":0,"rttpg_category":"<a href=\"https:\/\/arantv.az\/?cat=4\" rel=\"category\">Siyas\u0259t<\/a>","rttpg_excerpt":"BMT ba\u015f katibi\u00a0Antonio Quterre\u015f\u00a0Az\u0259rbaycan xarici i\u015fl\u0259r naziri\u00a0Elmar M\u0259mm\u0259dyarov\u00a0v\u0259 Erm\u0259nistan\u0131n xarici i\u015fl\u0259r nazirinin v\u0259zif\u0259l\u0259rini icra ed\u0259n\u00a0Z\u00f6hrab Mnatsakanyan\u00a0aras\u0131nda yanvar\u0131n 16-da Parisd\u0259 Minsk qrupunun h\u0259ms\u0259drl\u0259rinin vasit\u0259\u00e7iliyi il\u0259 ba\u015f tutan g\u00f6r\u00fc\u015fd\u0259 \u0259ld\u0259 edil\u0259n raz\u0131la\u015fman\u0131 alq\u0131\u015flay\u0131r. ARANTV.AZ oxu.az-a\u00a0istinad\u0259n x\u0259b\u0259r verir ki, bu b\u0259yanat ba\u015f katibin r\u0259smi n\u00fcmay\u0259nd\u0259si\u00a0Stefan D\u00fcjarrik\u00a0t\u0259r\u0259find\u0259n yay\u0131mlan\u0131b. Bildirilir ki, ba\u015f katib Da\u011fl\u0131q Qaraba\u011f m\u00fcnaqi\u015f\u0259sinin s\u00fclh yolu il\u0259 h\u0259lli&hellip;","_links":{"self":[{"href":"https:\/\/arantv.az\/index.php?rest_route=\/wp\/v2\/posts\/33232"}],"collection":[{"href":"https:\/\/arantv.az\/index.php?rest_route=\/wp\/v2\/posts"}],"about":[{"href":"https:\/\/arantv.az\/index.php?rest_route=\/wp\/v2\/types\/post"}],"author":[{"embeddable":true,"href":"https:\/\/arantv.az\/index.php?rest_route=\/wp\/v2\/users\/2"}],"replies":[{"embeddable":true,"href":"https:\/\/arantv.az\/index.php?rest_route=%2Fwp%2Fv2%2Fcomments&post=33232"}],"version-history":[{"count":0,"href":"https:\/\/arantv.az\/index.php?rest_route=\/wp\/v2\/posts\/33232\/revisions"}],"wp:featuredmedia":[{"embeddable":true,"href":"https:\/\/arantv.az\/index.php?rest_route=\/wp\/v2\/media\/33233"}],"wp:attachment":[{"href":"https:\/\/arantv.az\/index.php?rest_route=%2Fwp%2Fv2%2Fmedia&parent=33232"}],"wp:term":[{"taxonomy":"category","embeddable":true,"href":"https:\/\/arantv.az\/index.php?rest_route=%2Fwp%2Fv2%2Fcategories&post=33232"},{"taxonomy":"post_tag","embeddable":true,"href":"https:\/\/arantv.az\/index.php?rest_route=%2Fwp%2Fv2%2Ftags&post=33232"}],"curies":[{"name":"wp","href":"https:\/\/api.w.org\/{rel}","templated":true}]}}