{"id":33257,"date":"2019-01-18T10:43:30","date_gmt":"2019-01-18T07:43:30","guid":{"rendered":"http:\/\/arantv.az\/?p=33257"},"modified":"2019-01-18T10:43:30","modified_gmt":"2019-01-18T07:43:30","slug":"t%c9%99hsil-nazirliyinin-tabeliyind%c9%99ki-qurumlardan-1-i-l%c9%99gv-edilir-6-si-is%c9%99-birl%c9%99sdirilir-siyahi","status":"publish","type":"post","link":"https:\/\/arantv.az\/?p=33257","title":{"rendered":"T\u0259hsil Nazirliyinin tabeliyind\u0259ki qurumlardan 1-i l\u0259\u011fv edilir, 6-s\u0131 is\u0259 birl\u0259\u015fdirilir &#8211; S\u0130YAHI"},"content":{"rendered":"<p><strong>T\u0259hsil Nazirliyinin tabeliyind\u0259ki qurumlardan 1-i l\u0259\u011fv edilir, 6-s\u0131 is\u0259 birl\u0259\u015fdirilir.<\/strong><\/p>\n<p><strong>ARANTV.AZ<\/strong> report-a istinad\u0259n\u00a0x\u0259b\u0259r verir ki, bu, Prezident \u0130lham \u018fliyevin imzalad\u0131\u011f\u0131 bir s\u0131ra d\u00f6vl\u0259t orqanlar\u0131n\u0131n strukturunun optimalla\u015fd\u0131r\u0131lmas\u0131 v\u0259 idar\u0259 edilm\u0259sinin t\u0259kmill\u0259\u015fdirilm\u0259si il\u0259 ba\u011fl\u0131 \u0259lav\u0259 t\u0259dbirl\u0259r haqq\u0131nda f\u0259rmanda \u0259ksini tap\u0131b.<\/p>\n<p>F\u0259rmana \u0259sas\u0259n, Nazirl\u0259r Kabinetin\u0259 (NK) T\u0259hsil Nazirliyinin tabeliyind\u0259ki Akkreditasiya v\u0259 Nostrifikasiya \u0130dar\u0259sinin l\u0259\u011fv edilm\u0259sinin v\u0259 onun funksiyalar\u0131n\u0131n nazirliyin Aparat\u0131 vasit\u0259sil\u0259 h\u0259yata ke\u00e7irilm\u0259sinin t\u0259min edilm\u0259si il\u0259 ba\u011fl\u0131 bir ay m\u00fcdd\u0259tind\u0259 t\u0259dbir g\u00f6r\u00fclm\u0259si tap\u015f\u0131r\u0131\u011f\u0131 verilib.<\/p>\n<div id=\"AdributorNativeVideo0\" class=\"AdributorNativeVideo\"><\/div>\n<p>NK-ya T\u0259hsil Nazirliyinin tabeliyind\u0259ki T\u0259hsil \u0130\u015f\u00e7il\u0259rinin Pe\u015f\u0259kar \u0130nki\u015faf\u0131 \u0130nstitutunun, Az\u0259rbaycan Respublikas\u0131 T\u0259hsil \u0130nstitutunun, \u0130stedadl\u0131 U\u015faqlarla \u0130\u015f M\u0259rk\u0259zinin v\u0259 Respublika Elmi-Pedaqoji Kitabxanas\u0131n\u0131n, el\u0259c\u0259 d\u0259 Respublika B\u0259d\u0259n T\u0259rbiy\u0259si M\u0259rk\u0259zinin v\u0259 &#8220;T\u0259hsil&#8221; Respublika \u0130dman M\u0259rk\u0259zinin vahid qurumda birl\u0259\u015fdirilm\u0259si il\u0259 \u0259laq\u0259dar g\u00f6r\u00fcl\u0259n i\u015fl\u0259rl\u0259 ba\u011fl\u0131 1 ay m\u00fcdd\u0259tind\u0259 Prezident\u0259 m\u0259lumat verm\u0259k tap\u015f\u0131r\u0131l\u0131b.<\/p>\n<p>T\u0259hsil Nazirliyin\u0259 is\u0259 l\u0259\u011fv olunan qurumlarda (struktur b\u00f6lm\u0259l\u0259rind\u0259) i\u015fl\u0259y\u0259n i\u015f\u00e7il\u0259rin tabelikl\u0259rind\u0259 olan dig\u0259r qurumlarda v\u0259 ya struktur b\u00f6lm\u0259l\u0259rind\u0259 m\u00fcvafiq vakant v\u0259zif\u0259l\u0259r\u0259 t\u0259yin edilm\u0259si il\u0259 ba\u011fl\u0131 t\u0259dbirl\u0259r g\u00f6r\u00fclm\u0259si v\u0259 n\u0259tic\u0259si bar\u0259d\u0259 Az\u0259rbaycan Prezidentin\u0259 m\u0259lumat verm\u0259k tap\u015f\u0131r\u0131\u011f\u0131 verilib.<\/p>\n","protected":false},"excerpt":{"rendered":"<p>T\u0259hsil Nazirliyinin tabeliyind\u0259ki qurumlardan 1-i l\u0259\u011fv edilir, 6-s\u0131 is\u0259 birl\u0259\u015fdirilir. ARANTV.AZ report-a istinad\u0259n\u00a0x\u0259b\u0259r verir ki, bu, Prezident \u0130lham \u018fliyevin imzalad\u0131\u011f\u0131 bir s\u0131ra d\u00f6vl\u0259t orqanlar\u0131n\u0131n strukturunun optimalla\u015fd\u0131r\u0131lmas\u0131 v\u0259 idar\u0259 edilm\u0259sinin t\u0259kmill\u0259\u015fdirilm\u0259si il\u0259 ba\u011fl\u0131 \u0259lav\u0259 t\u0259dbirl\u0259r haqq\u0131nda f\u0259rmanda \u0259ksini tap\u0131b. F\u0259rmana \u0259sas\u0259n, Nazirl\u0259r Kabinetin\u0259 (NK) T\u0259hsil Nazirliyinin tabeliyind\u0259ki Akkreditasiya v\u0259 Nostrifikasiya \u0130dar\u0259sinin l\u0259\u011fv edilm\u0259sinin v\u0259 onun funksiyalar\u0131n\u0131n nazirliyin Aparat\u0131 vasit\u0259sil\u0259 h\u0259yata ke\u00e7irilm\u0259sinin t\u0259min edilm\u0259si il\u0259 ba\u011fl\u0131 bir ay m\u00fcdd\u0259tind\u0259 t\u0259dbir g\u00f6r\u00fclm\u0259si tap\u015f\u0131r\u0131\u011f\u0131 verilib. NK-ya T\u0259hsil Nazirliyinin tabeliyind\u0259ki T\u0259hsil \u0130\u015f\u00e7il\u0259rinin Pe\u015f\u0259kar \u0130nki\u015faf\u0131 \u0130nstitutunun, Az\u0259rbaycan Respublikas\u0131 T\u0259hsil \u0130nstitutunun, \u0130stedadl\u0131 U\u015faqlarla \u0130\u015f M\u0259rk\u0259zinin v\u0259 Respublika&hellip;<\/p>\n","protected":false},"author":2,"featured_media":33258,"comment_status":"closed","ping_status":"closed","sticky":false,"template":"","format":"standard","meta":{"om_disable_all_campaigns":false,"_monsterinsights_skip_tracking":false,"_monsterinsights_sitenote_active":false,"_monsterinsights_sitenote_note":"","_monsterinsights_sitenote_category":0},"categories":[1],"tags":[],"aioseo_notices":[],"gutentor_comment":0,"rttpg_featured_image_url":{"full":["https:\/\/arantv.az\/wp-content\/uploads\/2019\/01\/tehsil_nazirliyi_048.jpg",800,600,false],"landscape":["https:\/\/arantv.az\/wp-content\/uploads\/2019\/01\/tehsil_nazirliyi_048.jpg",800,600,false],"portraits":["https:\/\/arantv.az\/wp-content\/uploads\/2019\/01\/tehsil_nazirliyi_048.jpg",800,600,false],"thumbnail":["https:\/\/arantv.az\/wp-content\/uploads\/2019\/01\/tehsil_nazirliyi_048-150x150.jpg",150,150,true],"medium":["https:\/\/arantv.az\/wp-content\/uploads\/2019\/01\/tehsil_nazirliyi_048-300x225.jpg",300,225,true],"large":["https:\/\/arantv.az\/wp-content\/uploads\/2019\/01\/tehsil_nazirliyi_048.jpg",640,480,false],"1536x1536":["https:\/\/arantv.az\/wp-content\/uploads\/2019\/01\/tehsil_nazirliyi_048.jpg",800,600,false],"2048x2048":["https:\/\/arantv.az\/wp-content\/uploads\/2019\/01\/tehsil_nazirliyi_048.jpg",800,600,false],"post-thumbnail":["https:\/\/arantv.az\/wp-content\/uploads\/2019\/01\/tehsil_nazirliyi_048-240x172.jpg",240,172,true],"advps-thumb-one":["https:\/\/arantv.az\/wp-content\/uploads\/2019\/01\/tehsil_nazirliyi_048.jpg",800,600,false]},"rttpg_author":{"display_name":"V\u00fcsal Rafiqo\u011flu","author_link":"https:\/\/arantv.az\/?author=2"},"rttpg_comment":0,"rttpg_category":"<a href=\"https:\/\/arantv.az\/?cat=1\" rel=\"category\">C\u0259miyy\u0259t<\/a>","rttpg_excerpt":"T\u0259hsil Nazirliyinin tabeliyind\u0259ki qurumlardan 1-i l\u0259\u011fv edilir, 6-s\u0131 is\u0259 birl\u0259\u015fdirilir. ARANTV.AZ report-a istinad\u0259n\u00a0x\u0259b\u0259r verir ki, bu, Prezident \u0130lham \u018fliyevin imzalad\u0131\u011f\u0131 bir s\u0131ra d\u00f6vl\u0259t orqanlar\u0131n\u0131n strukturunun optimalla\u015fd\u0131r\u0131lmas\u0131 v\u0259 idar\u0259 edilm\u0259sinin t\u0259kmill\u0259\u015fdirilm\u0259si il\u0259 ba\u011fl\u0131 \u0259lav\u0259 t\u0259dbirl\u0259r haqq\u0131nda f\u0259rmanda \u0259ksini tap\u0131b. F\u0259rmana \u0259sas\u0259n, Nazirl\u0259r Kabinetin\u0259 (NK) T\u0259hsil Nazirliyinin tabeliyind\u0259ki Akkreditasiya v\u0259 Nostrifikasiya \u0130dar\u0259sinin l\u0259\u011fv edilm\u0259sinin v\u0259 onun funksiyalar\u0131n\u0131n&hellip;","_links":{"self":[{"href":"https:\/\/arantv.az\/index.php?rest_route=\/wp\/v2\/posts\/33257"}],"collection":[{"href":"https:\/\/arantv.az\/index.php?rest_route=\/wp\/v2\/posts"}],"about":[{"href":"https:\/\/arantv.az\/index.php?rest_route=\/wp\/v2\/types\/post"}],"author":[{"embeddable":true,"href":"https:\/\/arantv.az\/index.php?rest_route=\/wp\/v2\/users\/2"}],"replies":[{"embeddable":true,"href":"https:\/\/arantv.az\/index.php?rest_route=%2Fwp%2Fv2%2Fcomments&post=33257"}],"version-history":[{"count":0,"href":"https:\/\/arantv.az\/index.php?rest_route=\/wp\/v2\/posts\/33257\/revisions"}],"wp:featuredmedia":[{"embeddable":true,"href":"https:\/\/arantv.az\/index.php?rest_route=\/wp\/v2\/media\/33258"}],"wp:attachment":[{"href":"https:\/\/arantv.az\/index.php?rest_route=%2Fwp%2Fv2%2Fmedia&parent=33257"}],"wp:term":[{"taxonomy":"category","embeddable":true,"href":"https:\/\/arantv.az\/index.php?rest_route=%2Fwp%2Fv2%2Fcategories&post=33257"},{"taxonomy":"post_tag","embeddable":true,"href":"https:\/\/arantv.az\/index.php?rest_route=%2Fwp%2Fv2%2Ftags&post=33257"}],"curies":[{"name":"wp","href":"https:\/\/api.w.org\/{rel}","templated":true}]}}