{"id":33260,"date":"2019-01-18T10:44:20","date_gmt":"2019-01-18T07:44:20","guid":{"rendered":"http:\/\/arantv.az\/?p=33260"},"modified":"2019-01-18T10:44:20","modified_gmt":"2019-01-18T07:44:20","slug":"rusiyada-az%c9%99rbaycanli-%c9%99r-v%c9%99-arvadin-meyitl%c9%99ri-tapildi","status":"publish","type":"post","link":"https:\/\/arantv.az\/?p=33260","title":{"rendered":"Rusiyada az\u0259rbaycanl\u0131 \u0259r v\u0259 arvad\u0131n meyitl\u0259ri tap\u0131ld\u0131"},"content":{"rendered":"<p><strong>Rusiyan\u0131n Moskva vilay\u0259tinin \u015eaxovskaya rayonunda az\u0259rbaycanl\u0131 \u0259r v\u0259 arvad ya\u015fad\u0131qlar\u0131 evd\u0259 \u00f6lm\u00fc\u015f halda tap\u0131l\u0131blar.<\/strong><\/p>\n<p><strong>ARANTV.AZ<\/strong> report-a istinad\u0259n x\u0259b\u0259r verir ki, 1980-c\u0131 il t\u0259v\u0259ll\u00fcdl\u00fc Qurbanov Rasim B\u0259kir o\u011flu v\u0259 h\u0259yat yolda\u015f\u0131, 1985-ci il t\u0259v\u0259ll\u00fcdl\u00fc Qurbanova Lyudmila S\u0259m\u0259d q\u0131z\u0131\u00a0rayon k\u0259nar\u0131nda ya\u015fad\u0131qlar\u0131 h\u0259y\u0259t evl\u0259rind\u0259 qon\u015fular\u0131 t\u0259r\u0259find\u0259n \u00f6lm\u00fc\u015f halda a\u015fkarlan\u0131blar.<\/p>\n<p>Sa\u011flam h\u0259yat t\u0259rzi ke\u00e7irmi\u015f v\u0259 q\u0259fl\u0259t\u0259n evl\u0259rind\u0259 \u00f6l\u00fc tap\u0131lan \u0259r v\u0259 arvad\u0131n meyitl\u0259ri \u00fcz\u0259rind\u0259 zorak\u0131l\u0131q \u0259lam\u0259ti a\u015fkar olunmay\u0131b. Ail\u0259nin 8 v\u0259 6 ya\u015fl\u0131 iki o\u011flan \u00f6vlad\u0131 var.<\/p>\n","protected":false},"excerpt":{"rendered":"<p>Rusiyan\u0131n Moskva vilay\u0259tinin \u015eaxovskaya rayonunda az\u0259rbaycanl\u0131 \u0259r v\u0259 arvad ya\u015fad\u0131qlar\u0131 evd\u0259 \u00f6lm\u00fc\u015f halda tap\u0131l\u0131blar. ARANTV.AZ report-a istinad\u0259n x\u0259b\u0259r verir ki, 1980-c\u0131 il t\u0259v\u0259ll\u00fcdl\u00fc Qurbanov Rasim B\u0259kir o\u011flu v\u0259 h\u0259yat yolda\u015f\u0131, 1985-ci il t\u0259v\u0259ll\u00fcdl\u00fc Qurbanova Lyudmila S\u0259m\u0259d q\u0131z\u0131\u00a0rayon k\u0259nar\u0131nda ya\u015fad\u0131qlar\u0131 h\u0259y\u0259t evl\u0259rind\u0259 qon\u015fular\u0131 t\u0259r\u0259find\u0259n \u00f6lm\u00fc\u015f halda a\u015fkarlan\u0131blar. Sa\u011flam h\u0259yat t\u0259rzi ke\u00e7irmi\u015f v\u0259 q\u0259fl\u0259t\u0259n evl\u0259rind\u0259 \u00f6l\u00fc tap\u0131lan \u0259r v\u0259 arvad\u0131n meyitl\u0259ri \u00fcz\u0259rind\u0259 zorak\u0131l\u0131q \u0259lam\u0259ti a\u015fkar olunmay\u0131b. Ail\u0259nin 8 v\u0259 6 ya\u015fl\u0131 iki o\u011flan \u00f6vlad\u0131 var.<\/p>\n","protected":false},"author":2,"featured_media":33261,"comment_status":"closed","ping_status":"closed","sticky":false,"template":"","format":"standard","meta":{"om_disable_all_campaigns":false,"_monsterinsights_skip_tracking":false,"_monsterinsights_sitenote_active":false,"_monsterinsights_sitenote_note":"","_monsterinsights_sitenote_category":0},"categories":[5],"tags":[],"aioseo_notices":[],"gutentor_comment":0,"rttpg_featured_image_url":{"full":["https:\/\/arantv.az\/wp-content\/uploads\/2019\/01\/meyid_07771.jpg",482,361,false],"landscape":["https:\/\/arantv.az\/wp-content\/uploads\/2019\/01\/meyid_07771.jpg",482,361,false],"portraits":["https:\/\/arantv.az\/wp-content\/uploads\/2019\/01\/meyid_07771.jpg",482,361,false],"thumbnail":["https:\/\/arantv.az\/wp-content\/uploads\/2019\/01\/meyid_07771-150x150.jpg",150,150,true],"medium":["https:\/\/arantv.az\/wp-content\/uploads\/2019\/01\/meyid_07771-300x225.jpg",300,225,true],"large":["https:\/\/arantv.az\/wp-content\/uploads\/2019\/01\/meyid_07771.jpg",482,361,false],"1536x1536":["https:\/\/arantv.az\/wp-content\/uploads\/2019\/01\/meyid_07771.jpg",482,361,false],"2048x2048":["https:\/\/arantv.az\/wp-content\/uploads\/2019\/01\/meyid_07771.jpg",482,361,false],"post-thumbnail":["https:\/\/arantv.az\/wp-content\/uploads\/2019\/01\/meyid_07771-240x172.jpg",240,172,true],"advps-thumb-one":["https:\/\/arantv.az\/wp-content\/uploads\/2019\/01\/meyid_07771.jpg",482,361,false]},"rttpg_author":{"display_name":"V\u00fcsal Rafiqo\u011flu","author_link":"https:\/\/arantv.az\/?author=2"},"rttpg_comment":0,"rttpg_category":"<a href=\"https:\/\/arantv.az\/?cat=5\" rel=\"category\">Hadis\u0259<\/a>","rttpg_excerpt":"Rusiyan\u0131n Moskva vilay\u0259tinin \u015eaxovskaya rayonunda az\u0259rbaycanl\u0131 \u0259r v\u0259 arvad ya\u015fad\u0131qlar\u0131 evd\u0259 \u00f6lm\u00fc\u015f halda tap\u0131l\u0131blar. ARANTV.AZ report-a istinad\u0259n x\u0259b\u0259r verir ki, 1980-c\u0131 il t\u0259v\u0259ll\u00fcdl\u00fc Qurbanov Rasim B\u0259kir o\u011flu v\u0259 h\u0259yat yolda\u015f\u0131, 1985-ci il t\u0259v\u0259ll\u00fcdl\u00fc Qurbanova Lyudmila S\u0259m\u0259d q\u0131z\u0131\u00a0rayon k\u0259nar\u0131nda ya\u015fad\u0131qlar\u0131 h\u0259y\u0259t evl\u0259rind\u0259 qon\u015fular\u0131 t\u0259r\u0259find\u0259n \u00f6lm\u00fc\u015f halda a\u015fkarlan\u0131blar. Sa\u011flam h\u0259yat t\u0259rzi ke\u00e7irmi\u015f v\u0259 q\u0259fl\u0259t\u0259n evl\u0259rind\u0259 \u00f6l\u00fc tap\u0131lan&hellip;","_links":{"self":[{"href":"https:\/\/arantv.az\/index.php?rest_route=\/wp\/v2\/posts\/33260"}],"collection":[{"href":"https:\/\/arantv.az\/index.php?rest_route=\/wp\/v2\/posts"}],"about":[{"href":"https:\/\/arantv.az\/index.php?rest_route=\/wp\/v2\/types\/post"}],"author":[{"embeddable":true,"href":"https:\/\/arantv.az\/index.php?rest_route=\/wp\/v2\/users\/2"}],"replies":[{"embeddable":true,"href":"https:\/\/arantv.az\/index.php?rest_route=%2Fwp%2Fv2%2Fcomments&post=33260"}],"version-history":[{"count":0,"href":"https:\/\/arantv.az\/index.php?rest_route=\/wp\/v2\/posts\/33260\/revisions"}],"wp:featuredmedia":[{"embeddable":true,"href":"https:\/\/arantv.az\/index.php?rest_route=\/wp\/v2\/media\/33261"}],"wp:attachment":[{"href":"https:\/\/arantv.az\/index.php?rest_route=%2Fwp%2Fv2%2Fmedia&parent=33260"}],"wp:term":[{"taxonomy":"category","embeddable":true,"href":"https:\/\/arantv.az\/index.php?rest_route=%2Fwp%2Fv2%2Fcategories&post=33260"},{"taxonomy":"post_tag","embeddable":true,"href":"https:\/\/arantv.az\/index.php?rest_route=%2Fwp%2Fv2%2Ftags&post=33260"}],"curies":[{"name":"wp","href":"https:\/\/api.w.org\/{rel}","templated":true}]}}