{"id":33266,"date":"2019-01-18T10:46:26","date_gmt":"2019-01-18T07:46:26","guid":{"rendered":"http:\/\/arantv.az\/?p=33266"},"modified":"2019-01-18T10:46:26","modified_gmt":"2019-01-18T07:46:26","slug":"m%c9%99kt%c9%99bl%c9%99rd%c9%99-iki-gun-d%c9%99rsl%c9%99rin-dayandirilmasi-qis-t%c9%99tilinin-mudd%c9%99tin%c9%99-t%c9%99sir-ed%c9%99c%c9%99kmi-r%c9%99smi","status":"publish","type":"post","link":"https:\/\/arantv.az\/?p=33266","title":{"rendered":"M\u0259kt\u0259bl\u0259rd\u0259 iki g\u00fcn d\u0259rsl\u0259rin dayand\u0131r\u0131lmas\u0131 q\u0131\u015f t\u0259tilinin m\u00fcdd\u0259tin\u0259 t\u0259sir ed\u0259c\u0259kmi? &#8211; R\u018fSM\u0130"},"content":{"rendered":"<p><strong>T\u0259hsil Nazirliyi hava \u015f\u0259raitinin k\u0259skin pisl\u0259\u015fm\u0259si il\u0259 \u0259laq\u0259dar yanvar\u0131n 17 v\u0259 18-d\u0259 t\u0259hsil m\u00fc\u0259ssis\u0259l\u0259rind\u0259 t\u0259lim-t\u0259rbiy\u0259 prosesinin dayand\u0131r\u0131lmas\u0131n\u0131n \u015fagirdl\u0259rin q\u0131\u015f t\u0259tilinin m\u00fcdd\u0259tin\u0259 t\u0259sir edib-etm\u0259y\u0259c\u0259yini a\u00e7\u0131qlay\u0131b.<\/strong><\/p>\n<p><strong>ARANTV.AZ<\/strong>\u00a0 x\u0259b\u0259r verir ki, nazirliyin \u0130ctimaiyy\u0259tl\u0259 \u0259laq\u0259l\u0259r sektorunun m\u00fcdiri C\u0259sar\u0259t Valehov \u00f6z\u0259l olaraq\u00a0<a href=\"https:\/\/az.trend.az\/\" target=\"_blank\" rel=\"noopener\">Trend<\/a>-\u0259 bildirib ki, yanvar\u0131n 17-18-d\u0259 m\u0259kt\u0259bl\u0259rd\u0259 t\u0259drisin dayand\u0131r\u0131lmas\u0131 \u015fagirdl\u0259rin yanvar\u0131n sonunda olacaq q\u0131\u015f t\u0259tilinin m\u00fcdd\u0259tinin azald\u0131lmas\u0131na s\u0259b\u0259b olmayacaq:<\/p>\n<p>&#8220;Q\u0131\u015f t\u0259tili yanvar\u0131n 27-31-d\u0259 olacaq. \u015eagirdl\u0259r yanvar\u0131n 17-18-d\u0259 d\u0259rs\u0259 g\u0259lm\u0259dikl\u0259rind\u0259n onlar\u0131n t\u0259til g\u00fcnl\u0259rinin say\u0131 azald\u0131lmayacaq. T\u0259til g\u00fcnl\u0259ri n\u0259z\u0259rd\u0259 tutuldu\u011fu q\u0259d\u0259r olacaq&#8221;.<\/p>\n<div id=\"AdributorNativeVideo0\" class=\"AdributorNativeVideo\"><\/div>\n<p>Qeyd ed\u0259k ki, hava \u015f\u0259raitinin k\u0259skin pisl\u0259\u015fm\u0259si il\u0259 \u0259laq\u0259dar yanvar\u0131n 17-18-d\u0259 respublika \u0259razisind\u0259 f\u0259aliyy\u0259t g\u00f6st\u0259r\u0259n b\u00fct\u00fcn t\u0259hsil m\u00fc\u0259ssis\u0259l\u0259rind\u0259 t\u0259lim-t\u0259rbiy\u0259 prosesi dayand\u0131r\u0131l\u0131b. Bununla ba\u011fl\u0131 b\u00fct\u00fcn t\u0259dbirl\u0259r t\u0259xir\u0259 sal\u0131n\u0131b.<\/p>\n<p>2018-2019-cu t\u0259dris ili \u00fczr\u0259 5 g\u00fcn q\u0131\u015f t\u0259tili (27-31 yanvar), ibtidai sinifl\u0259r \u00fc\u00e7\u00fcn 5 g\u00fcnl\u00fck \u0259lav\u0259 yaz t\u0259tili (1-5 may) olacaq.<\/p>\n","protected":false},"excerpt":{"rendered":"<p>T\u0259hsil Nazirliyi hava \u015f\u0259raitinin k\u0259skin pisl\u0259\u015fm\u0259si il\u0259 \u0259laq\u0259dar yanvar\u0131n 17 v\u0259 18-d\u0259 t\u0259hsil m\u00fc\u0259ssis\u0259l\u0259rind\u0259 t\u0259lim-t\u0259rbiy\u0259 prosesinin dayand\u0131r\u0131lmas\u0131n\u0131n \u015fagirdl\u0259rin q\u0131\u015f t\u0259tilinin m\u00fcdd\u0259tin\u0259 t\u0259sir edib-etm\u0259y\u0259c\u0259yini a\u00e7\u0131qlay\u0131b. ARANTV.AZ\u00a0 x\u0259b\u0259r verir ki, nazirliyin \u0130ctimaiyy\u0259tl\u0259 \u0259laq\u0259l\u0259r sektorunun m\u00fcdiri C\u0259sar\u0259t Valehov \u00f6z\u0259l olaraq\u00a0Trend-\u0259 bildirib ki, yanvar\u0131n 17-18-d\u0259 m\u0259kt\u0259bl\u0259rd\u0259 t\u0259drisin dayand\u0131r\u0131lmas\u0131 \u015fagirdl\u0259rin yanvar\u0131n sonunda olacaq q\u0131\u015f t\u0259tilinin m\u00fcdd\u0259tinin azald\u0131lmas\u0131na s\u0259b\u0259b olmayacaq: &#8220;Q\u0131\u015f t\u0259tili yanvar\u0131n 27-31-d\u0259 olacaq. \u015eagirdl\u0259r yanvar\u0131n 17-18-d\u0259 d\u0259rs\u0259 g\u0259lm\u0259dikl\u0259rind\u0259n onlar\u0131n t\u0259til g\u00fcnl\u0259rinin say\u0131 azald\u0131lmayacaq. T\u0259til g\u00fcnl\u0259ri n\u0259z\u0259rd\u0259 tutuldu\u011fu q\u0259d\u0259r olacaq&#8221;. Qeyd ed\u0259k ki, hava \u015f\u0259raitinin k\u0259skin pisl\u0259\u015fm\u0259si il\u0259 \u0259laq\u0259dar yanvar\u0131n 17-18-d\u0259 respublika \u0259razisind\u0259 f\u0259aliyy\u0259t g\u00f6st\u0259r\u0259n&hellip;<\/p>\n","protected":false},"author":2,"featured_media":33267,"comment_status":"closed","ping_status":"closed","sticky":false,"template":"","format":"standard","meta":{"om_disable_all_campaigns":false,"_monsterinsights_skip_tracking":false,"_monsterinsights_sitenote_active":false,"_monsterinsights_sitenote_note":"","_monsterinsights_sitenote_category":0},"categories":[1],"tags":[],"aioseo_notices":[],"gutentor_comment":0,"rttpg_featured_image_url":{"full":["https:\/\/arantv.az\/wp-content\/uploads\/2019\/01\/722382.jpg",800,600,false],"landscape":["https:\/\/arantv.az\/wp-content\/uploads\/2019\/01\/722382.jpg",800,600,false],"portraits":["https:\/\/arantv.az\/wp-content\/uploads\/2019\/01\/722382.jpg",800,600,false],"thumbnail":["https:\/\/arantv.az\/wp-content\/uploads\/2019\/01\/722382-150x150.jpg",150,150,true],"medium":["https:\/\/arantv.az\/wp-content\/uploads\/2019\/01\/722382-300x225.jpg",300,225,true],"large":["https:\/\/arantv.az\/wp-content\/uploads\/2019\/01\/722382.jpg",640,480,false],"1536x1536":["https:\/\/arantv.az\/wp-content\/uploads\/2019\/01\/722382.jpg",800,600,false],"2048x2048":["https:\/\/arantv.az\/wp-content\/uploads\/2019\/01\/722382.jpg",800,600,false],"post-thumbnail":["https:\/\/arantv.az\/wp-content\/uploads\/2019\/01\/722382-240x172.jpg",240,172,true],"advps-thumb-one":["https:\/\/arantv.az\/wp-content\/uploads\/2019\/01\/722382.jpg",800,600,false]},"rttpg_author":{"display_name":"V\u00fcsal Rafiqo\u011flu","author_link":"https:\/\/arantv.az\/?author=2"},"rttpg_comment":0,"rttpg_category":"<a href=\"https:\/\/arantv.az\/?cat=1\" rel=\"category\">C\u0259miyy\u0259t<\/a>","rttpg_excerpt":"T\u0259hsil Nazirliyi hava \u015f\u0259raitinin k\u0259skin pisl\u0259\u015fm\u0259si il\u0259 \u0259laq\u0259dar yanvar\u0131n 17 v\u0259 18-d\u0259 t\u0259hsil m\u00fc\u0259ssis\u0259l\u0259rind\u0259 t\u0259lim-t\u0259rbiy\u0259 prosesinin dayand\u0131r\u0131lmas\u0131n\u0131n \u015fagirdl\u0259rin q\u0131\u015f t\u0259tilinin m\u00fcdd\u0259tin\u0259 t\u0259sir edib-etm\u0259y\u0259c\u0259yini a\u00e7\u0131qlay\u0131b. ARANTV.AZ\u00a0 x\u0259b\u0259r verir ki, nazirliyin \u0130ctimaiyy\u0259tl\u0259 \u0259laq\u0259l\u0259r sektorunun m\u00fcdiri C\u0259sar\u0259t Valehov \u00f6z\u0259l olaraq\u00a0Trend-\u0259 bildirib ki, yanvar\u0131n 17-18-d\u0259 m\u0259kt\u0259bl\u0259rd\u0259 t\u0259drisin dayand\u0131r\u0131lmas\u0131 \u015fagirdl\u0259rin yanvar\u0131n sonunda olacaq q\u0131\u015f t\u0259tilinin m\u00fcdd\u0259tinin azald\u0131lmas\u0131na s\u0259b\u0259b olmayacaq: &#8220;Q\u0131\u015f&hellip;","_links":{"self":[{"href":"https:\/\/arantv.az\/index.php?rest_route=\/wp\/v2\/posts\/33266"}],"collection":[{"href":"https:\/\/arantv.az\/index.php?rest_route=\/wp\/v2\/posts"}],"about":[{"href":"https:\/\/arantv.az\/index.php?rest_route=\/wp\/v2\/types\/post"}],"author":[{"embeddable":true,"href":"https:\/\/arantv.az\/index.php?rest_route=\/wp\/v2\/users\/2"}],"replies":[{"embeddable":true,"href":"https:\/\/arantv.az\/index.php?rest_route=%2Fwp%2Fv2%2Fcomments&post=33266"}],"version-history":[{"count":0,"href":"https:\/\/arantv.az\/index.php?rest_route=\/wp\/v2\/posts\/33266\/revisions"}],"wp:featuredmedia":[{"embeddable":true,"href":"https:\/\/arantv.az\/index.php?rest_route=\/wp\/v2\/media\/33267"}],"wp:attachment":[{"href":"https:\/\/arantv.az\/index.php?rest_route=%2Fwp%2Fv2%2Fmedia&parent=33266"}],"wp:term":[{"taxonomy":"category","embeddable":true,"href":"https:\/\/arantv.az\/index.php?rest_route=%2Fwp%2Fv2%2Fcategories&post=33266"},{"taxonomy":"post_tag","embeddable":true,"href":"https:\/\/arantv.az\/index.php?rest_route=%2Fwp%2Fv2%2Ftags&post=33266"}],"curies":[{"name":"wp","href":"https:\/\/api.w.org\/{rel}","templated":true}]}}