{"id":33275,"date":"2019-01-18T11:18:14","date_gmt":"2019-01-18T08:18:14","guid":{"rendered":"http:\/\/arantv.az\/?p=33275"},"modified":"2019-01-18T11:18:14","modified_gmt":"2019-01-18T08:18:14","slug":"bakinin-b%c9%99zi-hiss%c9%99sind%c9%99-isiq-olmayib","status":"publish","type":"post","link":"https:\/\/arantv.az\/?p=33275","title":{"rendered":"Bak\u0131n\u0131n b\u0259zi hiss\u0259sind\u0259 i\u015f\u0131q olmay\u0131b"},"content":{"rendered":"<p>\u00d6t\u0259n g\u00fcn g\u00fccl\u00fc k\u00fcl\u0259k n\u0259tic\u0259sind\u0259 Bak\u0131n\u0131n b\u0259zi \u0259razil\u0259rd\u0259 elektrik enerjisinin verili\u015find\u0259 problem yaran\u0131b.<\/p>\n<p><b>ARANTV.AZ<\/b>-\u0131n m\u0259lumat\u0131na g\u00f6r\u0259, \u015f\u0259h\u0259rin N\u0259rimanov, \u018fhm\u0259dli, Masaz\u0131r \u0259razisind\u0259 elektrik enerjisinin verili\u015find\u0259 fasil\u0259l\u0259r olub.<\/p>\n<p>\u201cAz\u0259ri\u015f\u0131q\u201d ASC-nin m\u0259tbuat xidm\u0259tinin r\u0259hb\u0259ri\u00a0<strong>Tanr\u0131verdi Mustafayev <\/strong>Oxu.Az-a bildirib ki, d\u00fcn\u0259n bir \u0259razid\u0259 problem olub:<\/p>\n<p>\u201cAb\u015feron rayonu, Masaz\u0131r q\u0259s\u0259b\u0259si Qurtulu\u015f \u0259razisind\u0259 elektrik enerjisinin verilm\u0259sind\u0259 problem yaran\u0131b. \u018fraziy\u0259 veril\u0259n enerji oran\u0131n balans\u0131ndad\u0131r. Bizim \u0259m\u0259kda\u015flar t\u0259r\u0259find\u0259n q\u0259za yeri m\u00fc\u0259yy\u0259nl\u0259\u015fdi. Gec\u0259 23:00-da elektrik enerjisi b\u0259rpa edilib\u201d.<\/p>\n<blockquote>\n<div><em><strong>Oxu:\u00a0<a href=\"https:\/\/oxu.az\/society\/293965\" target=\"_blank\" rel=\"noopener\">Bak\u0131n\u0131n b\u0259zi \u0259razil\u0259rind\u0259 i\u015f\u0131q olmayacaq<\/a><\/strong><\/em><\/div>\n<\/blockquote>\n<p>Tanr\u0131verdi Mustafayev qeyd edib ki, d\u00fcn\u0259n ma\u015f\u0131n elektrik dir\u0259yinin birini a\u015f\u0131r\u0131b:<\/p>\n<p>\u201cDig\u0259r \u00fc\u00e7 elektrik dir\u0259yini is\u0259 k\u00fcl\u0259k a\u015f\u0131r\u0131b, \u0259razi \u00fczr\u0259 \u0259m\u0259kda\u015flar problemi h\u0259ll edib\u201d.<\/p>\n<p>\u201cAz\u0259renerji\u201d ASC-d\u0259n is\u0259\u00a0Oxu.Az-a bildirilib ki, g\u00fccl\u00fc k\u00fcl\u0259y\u0259 g\u00f6r\u0259 ASC-nin stansiya, yar\u0131mstansiya v\u0259 y\u00fcks\u0259k g\u0259rginlikli \u00f6t\u00fcrm\u0259 x\u0259tl\u0259rind\u0259 he\u00e7 bir a\u00e7\u0131lma v\u0259 q\u0259za hal\u0131 ba\u015f verm\u0259yib:<\/p>\n<p>\u201cHava \u015f\u0259raiti il\u0259 \u0259laq\u0259dar olaraq 17 yanvar tarixind\u0259 \u201cAz\u0259renerji\u201d ASC-nin m\u0259rk\u0259zi aparat\u0131 v\u0259 b\u00fct\u00fcn m\u00fc\u0259ssis\u0259l\u0259ri enerji sistemind\u0259 q\u0259za hallar\u0131n\u0131n ba\u015f verm\u0259m\u0259si v\u0259 yarana bil\u0259c\u0259k h\u0259r hans\u0131 q\u0259za hallar\u0131n\u0131n aradan qald\u0131r\u0131lmas\u0131 m\u0259qs\u0259dil\u0259 g\u00fccl\u0259ndirilmi\u015f i\u015f rejimind\u0259 f\u0259aliyy\u0259tl\u0259rini davam etdirib\u201d.<\/p>\n","protected":false},"excerpt":{"rendered":"<p>\u00d6t\u0259n g\u00fcn g\u00fccl\u00fc k\u00fcl\u0259k n\u0259tic\u0259sind\u0259 Bak\u0131n\u0131n b\u0259zi \u0259razil\u0259rd\u0259 elektrik enerjisinin verili\u015find\u0259 problem yaran\u0131b. ARANTV.AZ-\u0131n m\u0259lumat\u0131na g\u00f6r\u0259, \u015f\u0259h\u0259rin N\u0259rimanov, \u018fhm\u0259dli, Masaz\u0131r \u0259razisind\u0259 elektrik enerjisinin verili\u015find\u0259 fasil\u0259l\u0259r olub. \u201cAz\u0259ri\u015f\u0131q\u201d ASC-nin m\u0259tbuat xidm\u0259tinin r\u0259hb\u0259ri\u00a0Tanr\u0131verdi Mustafayev Oxu.Az-a bildirib ki, d\u00fcn\u0259n bir \u0259razid\u0259 problem olub: \u201cAb\u015feron rayonu, Masaz\u0131r q\u0259s\u0259b\u0259si Qurtulu\u015f \u0259razisind\u0259 elektrik enerjisinin verilm\u0259sind\u0259 problem yaran\u0131b. \u018fraziy\u0259 veril\u0259n enerji oran\u0131n balans\u0131ndad\u0131r. Bizim \u0259m\u0259kda\u015flar t\u0259r\u0259find\u0259n q\u0259za yeri m\u00fc\u0259yy\u0259nl\u0259\u015fdi. Gec\u0259 23:00-da elektrik enerjisi b\u0259rpa edilib\u201d. Oxu:\u00a0Bak\u0131n\u0131n b\u0259zi \u0259razil\u0259rind\u0259 i\u015f\u0131q olmayacaq Tanr\u0131verdi Mustafayev qeyd edib ki, d\u00fcn\u0259n ma\u015f\u0131n elektrik dir\u0259yinin birini a\u015f\u0131r\u0131b: \u201cDig\u0259r \u00fc\u00e7 elektrik dir\u0259yini is\u0259 k\u00fcl\u0259k&hellip;<\/p>\n","protected":false},"author":2,"featured_media":33276,"comment_status":"closed","ping_status":"closed","sticky":false,"template":"","format":"standard","meta":{"om_disable_all_campaigns":false,"_monsterinsights_skip_tracking":false,"_monsterinsights_sitenote_active":false,"_monsterinsights_sitenote_note":"","_monsterinsights_sitenote_category":0},"categories":[1],"tags":[],"aioseo_notices":[],"gutentor_comment":0,"rttpg_featured_image_url":{"full":["https:\/\/arantv.az\/wp-content\/uploads\/2019\/01\/isiq-sekil.jpg",620,413,false],"landscape":["https:\/\/arantv.az\/wp-content\/uploads\/2019\/01\/isiq-sekil.jpg",620,413,false],"portraits":["https:\/\/arantv.az\/wp-content\/uploads\/2019\/01\/isiq-sekil.jpg",620,413,false],"thumbnail":["https:\/\/arantv.az\/wp-content\/uploads\/2019\/01\/isiq-sekil-150x150.jpg",150,150,true],"medium":["https:\/\/arantv.az\/wp-content\/uploads\/2019\/01\/isiq-sekil-300x200.jpg",300,200,true],"large":["https:\/\/arantv.az\/wp-content\/uploads\/2019\/01\/isiq-sekil.jpg",620,413,false],"1536x1536":["https:\/\/arantv.az\/wp-content\/uploads\/2019\/01\/isiq-sekil.jpg",620,413,false],"2048x2048":["https:\/\/arantv.az\/wp-content\/uploads\/2019\/01\/isiq-sekil.jpg",620,413,false],"post-thumbnail":["https:\/\/arantv.az\/wp-content\/uploads\/2019\/01\/isiq-sekil-240x172.jpg",240,172,true],"advps-thumb-one":["https:\/\/arantv.az\/wp-content\/uploads\/2019\/01\/isiq-sekil.jpg",620,413,false]},"rttpg_author":{"display_name":"V\u00fcsal Rafiqo\u011flu","author_link":"https:\/\/arantv.az\/?author=2"},"rttpg_comment":0,"rttpg_category":"<a href=\"https:\/\/arantv.az\/?cat=1\" rel=\"category\">C\u0259miyy\u0259t<\/a>","rttpg_excerpt":"\u00d6t\u0259n g\u00fcn g\u00fccl\u00fc k\u00fcl\u0259k n\u0259tic\u0259sind\u0259 Bak\u0131n\u0131n b\u0259zi \u0259razil\u0259rd\u0259 elektrik enerjisinin verili\u015find\u0259 problem yaran\u0131b. ARANTV.AZ-\u0131n m\u0259lumat\u0131na g\u00f6r\u0259, \u015f\u0259h\u0259rin N\u0259rimanov, \u018fhm\u0259dli, Masaz\u0131r \u0259razisind\u0259 elektrik enerjisinin verili\u015find\u0259 fasil\u0259l\u0259r olub. \u201cAz\u0259ri\u015f\u0131q\u201d ASC-nin m\u0259tbuat xidm\u0259tinin r\u0259hb\u0259ri\u00a0Tanr\u0131verdi Mustafayev Oxu.Az-a bildirib ki, d\u00fcn\u0259n bir \u0259razid\u0259 problem olub: \u201cAb\u015feron rayonu, Masaz\u0131r q\u0259s\u0259b\u0259si Qurtulu\u015f \u0259razisind\u0259 elektrik enerjisinin verilm\u0259sind\u0259 problem yaran\u0131b. \u018fraziy\u0259 veril\u0259n enerji oran\u0131n&hellip;","_links":{"self":[{"href":"https:\/\/arantv.az\/index.php?rest_route=\/wp\/v2\/posts\/33275"}],"collection":[{"href":"https:\/\/arantv.az\/index.php?rest_route=\/wp\/v2\/posts"}],"about":[{"href":"https:\/\/arantv.az\/index.php?rest_route=\/wp\/v2\/types\/post"}],"author":[{"embeddable":true,"href":"https:\/\/arantv.az\/index.php?rest_route=\/wp\/v2\/users\/2"}],"replies":[{"embeddable":true,"href":"https:\/\/arantv.az\/index.php?rest_route=%2Fwp%2Fv2%2Fcomments&post=33275"}],"version-history":[{"count":0,"href":"https:\/\/arantv.az\/index.php?rest_route=\/wp\/v2\/posts\/33275\/revisions"}],"wp:featuredmedia":[{"embeddable":true,"href":"https:\/\/arantv.az\/index.php?rest_route=\/wp\/v2\/media\/33276"}],"wp:attachment":[{"href":"https:\/\/arantv.az\/index.php?rest_route=%2Fwp%2Fv2%2Fmedia&parent=33275"}],"wp:term":[{"taxonomy":"category","embeddable":true,"href":"https:\/\/arantv.az\/index.php?rest_route=%2Fwp%2Fv2%2Fcategories&post=33275"},{"taxonomy":"post_tag","embeddable":true,"href":"https:\/\/arantv.az\/index.php?rest_route=%2Fwp%2Fv2%2Ftags&post=33275"}],"curies":[{"name":"wp","href":"https:\/\/api.w.org\/{rel}","templated":true}]}}