{"id":33281,"date":"2019-01-18T11:20:04","date_gmt":"2019-01-18T08:20:04","guid":{"rendered":"http:\/\/arantv.az\/?p=33281"},"modified":"2019-01-18T11:20:04","modified_gmt":"2019-01-18T08:20:04","slug":"bir-n%c9%99f%c9%99r-qarin-altinda-qalib-oldu-9-n%c9%99f%c9%99r-itkin-dusdu","status":"publish","type":"post","link":"https:\/\/arantv.az\/?p=33281","title":{"rendered":"Bir n\u0259f\u0259r qar\u0131n alt\u0131nda qal\u0131b \u00f6ld\u00fc, 9 n\u0259f\u0259r itkin d\u00fc\u015fd\u00fc"},"content":{"rendered":"<p><strong>Hindistan\u0131n \u015fimal \u015ftat\u0131 Cammu K\u0259\u015fmird\u0259 qar u\u00e7qunu insan itkisin\u0259 s\u0259b\u0259 olub.<\/strong><\/p>\n<p><strong>ARANTV.AZ<\/strong> trend-\u0259 istinad\u0259n x\u0259b\u0259r verir ki, 1 n\u0259f\u0259r qar k\u00fctl\u0259si alt\u0131nda \u00f6l\u00fcb, daha 9 n\u0259f\u0259r itkin d\u00fc\u015fm\u00fc\u015f say\u0131l\u0131r.<\/p>\n<p>Bildirilir ki, h\u0259min rayonda h\u0259r\u0259k\u0259td\u0259 olan avtomobil qar k\u00fctl\u0259sinin alt\u0131nda qal\u0131b.<\/p>\n<div id=\"AdributorNativeVideo0\" class=\"AdributorNativeVideo\"><\/div>\n<p>Haz\u0131rda avtomobild\u0259 olan dig\u0259r \u015f\u0259xsl\u0259rin axtar\u0131\u015f-xilasetm\u0259 i\u015fl\u0259ri apar\u0131l\u0131r.<\/p>\n<p>Avtomobild\u0259ki 1 n\u0259f\u0259rin meyiti is\u0259 t\u0259bii f\u0259lak\u0259td\u0259n d\u0259rhal sonra tap\u0131l\u0131b v\u0259 \u015f\u0259xsiyy\u0259ti m\u00fc\u0259yy\u0259n edilib.<\/p>\n","protected":false},"excerpt":{"rendered":"<p>Hindistan\u0131n \u015fimal \u015ftat\u0131 Cammu K\u0259\u015fmird\u0259 qar u\u00e7qunu insan itkisin\u0259 s\u0259b\u0259 olub. ARANTV.AZ trend-\u0259 istinad\u0259n x\u0259b\u0259r verir ki, 1 n\u0259f\u0259r qar k\u00fctl\u0259si alt\u0131nda \u00f6l\u00fcb, daha 9 n\u0259f\u0259r itkin d\u00fc\u015fm\u00fc\u015f say\u0131l\u0131r. Bildirilir ki, h\u0259min rayonda h\u0259r\u0259k\u0259td\u0259 olan avtomobil qar k\u00fctl\u0259sinin alt\u0131nda qal\u0131b. Haz\u0131rda avtomobild\u0259 olan dig\u0259r \u015f\u0259xsl\u0259rin axtar\u0131\u015f-xilasetm\u0259 i\u015fl\u0259ri apar\u0131l\u0131r. Avtomobild\u0259ki 1 n\u0259f\u0259rin meyiti is\u0259 t\u0259bii f\u0259lak\u0259td\u0259n d\u0259rhal sonra tap\u0131l\u0131b v\u0259 \u015f\u0259xsiyy\u0259ti m\u00fc\u0259yy\u0259n edilib.<\/p>\n","protected":false},"author":2,"featured_media":33282,"comment_status":"closed","ping_status":"closed","sticky":false,"template":"","format":"standard","meta":{"om_disable_all_campaigns":false,"_monsterinsights_skip_tracking":false,"_monsterinsights_sitenote_active":false,"_monsterinsights_sitenote_note":"","_monsterinsights_sitenote_category":0},"categories":[7],"tags":[],"aioseo_notices":[],"gutentor_comment":0,"rttpg_featured_image_url":{"full":["https:\/\/arantv.az\/wp-content\/uploads\/2019\/01\/722371.jpg",800,600,false],"landscape":["https:\/\/arantv.az\/wp-content\/uploads\/2019\/01\/722371.jpg",800,600,false],"portraits":["https:\/\/arantv.az\/wp-content\/uploads\/2019\/01\/722371.jpg",800,600,false],"thumbnail":["https:\/\/arantv.az\/wp-content\/uploads\/2019\/01\/722371-150x150.jpg",150,150,true],"medium":["https:\/\/arantv.az\/wp-content\/uploads\/2019\/01\/722371-300x225.jpg",300,225,true],"large":["https:\/\/arantv.az\/wp-content\/uploads\/2019\/01\/722371.jpg",640,480,false],"1536x1536":["https:\/\/arantv.az\/wp-content\/uploads\/2019\/01\/722371.jpg",800,600,false],"2048x2048":["https:\/\/arantv.az\/wp-content\/uploads\/2019\/01\/722371.jpg",800,600,false],"post-thumbnail":["https:\/\/arantv.az\/wp-content\/uploads\/2019\/01\/722371-240x172.jpg",240,172,true],"advps-thumb-one":["https:\/\/arantv.az\/wp-content\/uploads\/2019\/01\/722371.jpg",800,600,false]},"rttpg_author":{"display_name":"V\u00fcsal Rafiqo\u011flu","author_link":"https:\/\/arantv.az\/?author=2"},"rttpg_comment":0,"rttpg_category":"<a href=\"https:\/\/arantv.az\/?cat=7\" rel=\"category\">D\u00fcnya<\/a>","rttpg_excerpt":"Hindistan\u0131n \u015fimal \u015ftat\u0131 Cammu K\u0259\u015fmird\u0259 qar u\u00e7qunu insan itkisin\u0259 s\u0259b\u0259 olub. ARANTV.AZ trend-\u0259 istinad\u0259n x\u0259b\u0259r verir ki, 1 n\u0259f\u0259r qar k\u00fctl\u0259si alt\u0131nda \u00f6l\u00fcb, daha 9 n\u0259f\u0259r itkin d\u00fc\u015fm\u00fc\u015f say\u0131l\u0131r. Bildirilir ki, h\u0259min rayonda h\u0259r\u0259k\u0259td\u0259 olan avtomobil qar k\u00fctl\u0259sinin alt\u0131nda qal\u0131b. Haz\u0131rda avtomobild\u0259 olan dig\u0259r \u015f\u0259xsl\u0259rin axtar\u0131\u015f-xilasetm\u0259 i\u015fl\u0259ri apar\u0131l\u0131r. Avtomobild\u0259ki 1 n\u0259f\u0259rin meyiti is\u0259 t\u0259bii f\u0259lak\u0259td\u0259n&hellip;","_links":{"self":[{"href":"https:\/\/arantv.az\/index.php?rest_route=\/wp\/v2\/posts\/33281"}],"collection":[{"href":"https:\/\/arantv.az\/index.php?rest_route=\/wp\/v2\/posts"}],"about":[{"href":"https:\/\/arantv.az\/index.php?rest_route=\/wp\/v2\/types\/post"}],"author":[{"embeddable":true,"href":"https:\/\/arantv.az\/index.php?rest_route=\/wp\/v2\/users\/2"}],"replies":[{"embeddable":true,"href":"https:\/\/arantv.az\/index.php?rest_route=%2Fwp%2Fv2%2Fcomments&post=33281"}],"version-history":[{"count":0,"href":"https:\/\/arantv.az\/index.php?rest_route=\/wp\/v2\/posts\/33281\/revisions"}],"wp:featuredmedia":[{"embeddable":true,"href":"https:\/\/arantv.az\/index.php?rest_route=\/wp\/v2\/media\/33282"}],"wp:attachment":[{"href":"https:\/\/arantv.az\/index.php?rest_route=%2Fwp%2Fv2%2Fmedia&parent=33281"}],"wp:term":[{"taxonomy":"category","embeddable":true,"href":"https:\/\/arantv.az\/index.php?rest_route=%2Fwp%2Fv2%2Fcategories&post=33281"},{"taxonomy":"post_tag","embeddable":true,"href":"https:\/\/arantv.az\/index.php?rest_route=%2Fwp%2Fv2%2Ftags&post=33281"}],"curies":[{"name":"wp","href":"https:\/\/api.w.org\/{rel}","templated":true}]}}