{"id":33284,"date":"2019-01-18T11:29:18","date_gmt":"2019-01-18T08:29:18","guid":{"rendered":"http:\/\/arantv.az\/?p=33284"},"modified":"2019-01-18T11:29:18","modified_gmt":"2019-01-18T08:29:18","slug":"az%c9%99rbaycana-40-santimetr-qar-yagib-faktiki-hava","status":"publish","type":"post","link":"https:\/\/arantv.az\/?p=33284","title":{"rendered":"Az\u0259rbaycana 40 santimetr qar ya\u011f\u0131b &#8211; FAKT\u0130K\u0130 HAVA"},"content":{"rendered":"<p>Yanvar\u0131n 17-si g\u00fcnd\u00fczd\u0259n 18-i s\u0259h\u0259r\u0259d\u0259k m\u00fc\u015fahid\u0259 olunmu\u015f faktiki hava a\u00e7\u0131qlan\u0131b.<\/p>\n<p>Ekologiya v\u0259 T\u0259bii S\u0259rv\u0259tl\u0259r Nazirliyinin Milli Hidrometeorologiya Departamenti t\u0259r\u0259find\u0259n <strong>ARANTV.AZ-<\/strong>a veril\u0259n m\u0259lumata g\u00f6r\u0259, \u0259vv\u0259lc\u0259d\u0259n x\u0259b\u0259r verildiyi kimi, yanvar\u0131n 17-d\u0259n 18-i s\u0259h\u0259r\u0259d\u0259k \u00f6lk\u0259 \u0259razisind\u0259 hava \u015f\u0259raiti k\u0259skin d\u0259yi\u015fib, ya\u011f\u0131\u015f ya\u011f\u0131b, b\u0259zi yerl\u0259rd\u0259 sulu qara, qara ke\u00e7ib, b\u0259zi \u015f\u0259rq rayonlar\u0131nda intensiv olub.<\/p>\n<p>Bak\u0131da v\u0259 Ab\u015feron yar\u0131madas\u0131nda \u0259s\u0259n g\u00fccl\u00fc \u015fimal-q\u0259rb k\u00fcl\u0259yi \u015fidd\u0259tl\u0259nib.<\/p>\n<div id=\"AdributorNativeVideo0\" class=\"AdributorNativeVideo\"><\/div>\n<p>\u201cD\u00fc\u015f\u0259n ya\u011f\u0131nt\u0131n\u0131n miqdar\u0131 L\u0259nk\u0259ran-Astara zonas\u0131nda 1-26, M\u0259rk\u0259zi-Aran rayonlar\u0131nda\u00a05-18,\u00a0 Bak\u0131da v\u0259 Ab\u015feron yar\u0131madas\u0131nda 2-9, B\u00f6y\u00fck Qafqazda 2-15, Qazax-G\u0259nc\u0259 zonas\u0131nda 0-8, Ki\u00e7ik Qafqazda 1-4, Nax\u00e7\u0131van MR-da 2-5 mm t\u0259\u015fkil edib.<\/p>\n<p>Qar \u00f6rt\u00fcy\u00fcn\u00fcn h\u00fcnd\u00fcrl\u00fcy\u00fc A\u011fd\u0259r\u0259d\u0259 40, Ki\u015f\u00e7ay, Q\u0131r\u0131zda 15, Alt\u0131a\u011facda 11, Kir\u0259n, X\u0131nal\u0131qda 10, Qaxmu\u011fal, \u015eahda\u011fda 7, Xaltan, Sar\u0131ba\u015fda 6, \u015eahbuz, Qusarda 5, Yard\u0131ml\u0131da 4, Quba, M\u0259r\u0259z\u0259d\u0259 2, \u0130smay\u0131ll\u0131, Da\u015fk\u0259s\u0259nd\u0259 1 sm olub\u201d-, dey\u0259 m\u0259lumatda qeyd edilib.<\/p>\n","protected":false},"excerpt":{"rendered":"<p>Yanvar\u0131n 17-si g\u00fcnd\u00fczd\u0259n 18-i s\u0259h\u0259r\u0259d\u0259k m\u00fc\u015fahid\u0259 olunmu\u015f faktiki hava a\u00e7\u0131qlan\u0131b. Ekologiya v\u0259 T\u0259bii S\u0259rv\u0259tl\u0259r Nazirliyinin Milli Hidrometeorologiya Departamenti t\u0259r\u0259find\u0259n ARANTV.AZ-a veril\u0259n m\u0259lumata g\u00f6r\u0259, \u0259vv\u0259lc\u0259d\u0259n x\u0259b\u0259r verildiyi kimi, yanvar\u0131n 17-d\u0259n 18-i s\u0259h\u0259r\u0259d\u0259k \u00f6lk\u0259 \u0259razisind\u0259 hava \u015f\u0259raiti k\u0259skin d\u0259yi\u015fib, ya\u011f\u0131\u015f ya\u011f\u0131b, b\u0259zi yerl\u0259rd\u0259 sulu qara, qara ke\u00e7ib, b\u0259zi \u015f\u0259rq rayonlar\u0131nda intensiv olub. Bak\u0131da v\u0259 Ab\u015feron yar\u0131madas\u0131nda \u0259s\u0259n g\u00fccl\u00fc \u015fimal-q\u0259rb k\u00fcl\u0259yi \u015fidd\u0259tl\u0259nib. \u201cD\u00fc\u015f\u0259n ya\u011f\u0131nt\u0131n\u0131n miqdar\u0131 L\u0259nk\u0259ran-Astara zonas\u0131nda 1-26, M\u0259rk\u0259zi-Aran rayonlar\u0131nda\u00a05-18,\u00a0 Bak\u0131da v\u0259 Ab\u015feron yar\u0131madas\u0131nda 2-9, B\u00f6y\u00fck Qafqazda 2-15, Qazax-G\u0259nc\u0259 zonas\u0131nda 0-8, Ki\u00e7ik Qafqazda 1-4, Nax\u00e7\u0131van MR-da 2-5 mm t\u0259\u015fkil edib. Qar \u00f6rt\u00fcy\u00fcn\u00fcn h\u00fcnd\u00fcrl\u00fcy\u00fc&hellip;<\/p>\n","protected":false},"author":2,"featured_media":33285,"comment_status":"closed","ping_status":"closed","sticky":false,"template":"","format":"standard","meta":{"om_disable_all_campaigns":false,"_monsterinsights_skip_tracking":false,"_monsterinsights_sitenote_active":false,"_monsterinsights_sitenote_note":"","_monsterinsights_sitenote_category":0},"categories":[1],"tags":[],"aioseo_notices":[],"gutentor_comment":0,"rttpg_featured_image_url":{"full":["https:\/\/arantv.az\/wp-content\/uploads\/2019\/01\/722371-1.jpg",800,600,false],"landscape":["https:\/\/arantv.az\/wp-content\/uploads\/2019\/01\/722371-1.jpg",800,600,false],"portraits":["https:\/\/arantv.az\/wp-content\/uploads\/2019\/01\/722371-1.jpg",800,600,false],"thumbnail":["https:\/\/arantv.az\/wp-content\/uploads\/2019\/01\/722371-1-150x150.jpg",150,150,true],"medium":["https:\/\/arantv.az\/wp-content\/uploads\/2019\/01\/722371-1-300x225.jpg",300,225,true],"large":["https:\/\/arantv.az\/wp-content\/uploads\/2019\/01\/722371-1.jpg",640,480,false],"1536x1536":["https:\/\/arantv.az\/wp-content\/uploads\/2019\/01\/722371-1.jpg",800,600,false],"2048x2048":["https:\/\/arantv.az\/wp-content\/uploads\/2019\/01\/722371-1.jpg",800,600,false],"post-thumbnail":["https:\/\/arantv.az\/wp-content\/uploads\/2019\/01\/722371-1-240x172.jpg",240,172,true],"advps-thumb-one":["https:\/\/arantv.az\/wp-content\/uploads\/2019\/01\/722371-1.jpg",800,600,false]},"rttpg_author":{"display_name":"V\u00fcsal Rafiqo\u011flu","author_link":"https:\/\/arantv.az\/?author=2"},"rttpg_comment":0,"rttpg_category":"<a href=\"https:\/\/arantv.az\/?cat=1\" rel=\"category\">C\u0259miyy\u0259t<\/a>","rttpg_excerpt":"Yanvar\u0131n 17-si g\u00fcnd\u00fczd\u0259n 18-i s\u0259h\u0259r\u0259d\u0259k m\u00fc\u015fahid\u0259 olunmu\u015f faktiki hava a\u00e7\u0131qlan\u0131b. Ekologiya v\u0259 T\u0259bii S\u0259rv\u0259tl\u0259r Nazirliyinin Milli Hidrometeorologiya Departamenti t\u0259r\u0259find\u0259n ARANTV.AZ-a veril\u0259n m\u0259lumata g\u00f6r\u0259, \u0259vv\u0259lc\u0259d\u0259n x\u0259b\u0259r verildiyi kimi, yanvar\u0131n 17-d\u0259n 18-i s\u0259h\u0259r\u0259d\u0259k \u00f6lk\u0259 \u0259razisind\u0259 hava \u015f\u0259raiti k\u0259skin d\u0259yi\u015fib, ya\u011f\u0131\u015f ya\u011f\u0131b, b\u0259zi yerl\u0259rd\u0259 sulu qara, qara ke\u00e7ib, b\u0259zi \u015f\u0259rq rayonlar\u0131nda intensiv olub. Bak\u0131da v\u0259 Ab\u015feron yar\u0131madas\u0131nda \u0259s\u0259n&hellip;","_links":{"self":[{"href":"https:\/\/arantv.az\/index.php?rest_route=\/wp\/v2\/posts\/33284"}],"collection":[{"href":"https:\/\/arantv.az\/index.php?rest_route=\/wp\/v2\/posts"}],"about":[{"href":"https:\/\/arantv.az\/index.php?rest_route=\/wp\/v2\/types\/post"}],"author":[{"embeddable":true,"href":"https:\/\/arantv.az\/index.php?rest_route=\/wp\/v2\/users\/2"}],"replies":[{"embeddable":true,"href":"https:\/\/arantv.az\/index.php?rest_route=%2Fwp%2Fv2%2Fcomments&post=33284"}],"version-history":[{"count":0,"href":"https:\/\/arantv.az\/index.php?rest_route=\/wp\/v2\/posts\/33284\/revisions"}],"wp:featuredmedia":[{"embeddable":true,"href":"https:\/\/arantv.az\/index.php?rest_route=\/wp\/v2\/media\/33285"}],"wp:attachment":[{"href":"https:\/\/arantv.az\/index.php?rest_route=%2Fwp%2Fv2%2Fmedia&parent=33284"}],"wp:term":[{"taxonomy":"category","embeddable":true,"href":"https:\/\/arantv.az\/index.php?rest_route=%2Fwp%2Fv2%2Fcategories&post=33284"},{"taxonomy":"post_tag","embeddable":true,"href":"https:\/\/arantv.az\/index.php?rest_route=%2Fwp%2Fv2%2Ftags&post=33284"}],"curies":[{"name":"wp","href":"https:\/\/api.w.org\/{rel}","templated":true}]}}