{"id":33287,"date":"2019-01-18T11:30:43","date_gmt":"2019-01-18T08:30:43","guid":{"rendered":"http:\/\/arantv.az\/?p=33287"},"modified":"2019-01-18T11:30:43","modified_gmt":"2019-01-18T08:30:43","slug":"turkiy%c9%99li-is-adamindan-pisiy%c9%99-qarsi-v%c9%99hsilik-video","status":"publish","type":"post","link":"https:\/\/arantv.az\/?p=33287","title":{"rendered":"T\u00fcrkiy\u0259li i\u015f adam\u0131ndan pi\u015fiy\u0259 qar\u015f\u0131 v\u0259h\u015filik &#8211; V\u0130DEO"},"content":{"rendered":"<p>T\u00fcrkiy\u0259nin \u0130stanbul \u015f\u0259h\u0259rinin Bah\u00e7elievl\u0259r rayonunda i\u015f adam\u0131\u00a0<strong>Hakan G.<\/strong>-nin evind\u0259 pi\u015fiyi v\u0259h\u015fic\u0259sin\u0259 d\u00f6ym\u0259sinin g\u00f6r\u00fcnt\u00fcl\u0259ri sosial \u015f\u0259b\u0259k\u0259d\u0259 yay\u0131mlan\u0131b.<\/p>\n<p><b>ARANTV.AZ <\/b>oxu.az-a\u00a0istinad\u0259n x\u0259b\u0259r verir ki, video i\u015f adam\u0131n\u0131n mobil telefonu vasit\u0259sil\u0259 lent\u0259 al\u0131n\u0131b.<\/p>\n<p>G\u00f6r\u00fcnt\u00fcl\u0259rd\u0259 Hakan\u0131n \u00e7ubuqla pi\u015fiyi d\u00f6ym\u0259si \u0259ks olunub. Bir m\u00fcdd\u0259t sonra pi\u015fik ki\u015finin \u0259lind\u0259n qa\u00e7araq, p\u0259nc\u0259r\u0259d\u0259n tullanmaq ist\u0259s\u0259 d\u0259, buna nail olmay\u0131b.<\/p>\n<div id=\"AdributorNativeVideo0\" class=\"AdributorNativeVideo\"><\/div>\n<p>Hadis\u0259y\u0259\u00a0i\u015f adam\u0131n\u0131n pi\u015fiyi \u00e7a\u011f\u0131rmas\u0131 zaman\u0131 heyvan\u0131n onun yan\u0131na g\u0259lm\u0259m\u0259si s\u0259b\u0259b olub.<\/p>\n<p>\u0130\u015f adam\u0131 video yay\u0131ld\u0131qdan sonra polis t\u0259r\u0259find\u0259n saxlan\u0131l\u0131b.<\/p>\n<div><iframe loading=\"lazy\" src=\"https:\/\/player.baku.tv\/embed\/6312\" width=\"560\" height=\"315\" frameborder=\"0\" allowfullscreen=\"allowfullscreen\" data-mce-fragment=\"1\"><\/iframe><\/div>\n<p>&nbsp;<\/p>\n","protected":false},"excerpt":{"rendered":"<p>T\u00fcrkiy\u0259nin \u0130stanbul \u015f\u0259h\u0259rinin Bah\u00e7elievl\u0259r rayonunda i\u015f adam\u0131\u00a0Hakan G.-nin evind\u0259 pi\u015fiyi v\u0259h\u015fic\u0259sin\u0259 d\u00f6ym\u0259sinin g\u00f6r\u00fcnt\u00fcl\u0259ri sosial \u015f\u0259b\u0259k\u0259d\u0259 yay\u0131mlan\u0131b. ARANTV.AZ oxu.az-a\u00a0istinad\u0259n x\u0259b\u0259r verir ki, video i\u015f adam\u0131n\u0131n mobil telefonu vasit\u0259sil\u0259 lent\u0259 al\u0131n\u0131b. G\u00f6r\u00fcnt\u00fcl\u0259rd\u0259 Hakan\u0131n \u00e7ubuqla pi\u015fiyi d\u00f6ym\u0259si \u0259ks olunub. Bir m\u00fcdd\u0259t sonra pi\u015fik ki\u015finin \u0259lind\u0259n qa\u00e7araq, p\u0259nc\u0259r\u0259d\u0259n tullanmaq ist\u0259s\u0259 d\u0259, buna nail olmay\u0131b. Hadis\u0259y\u0259\u00a0i\u015f adam\u0131n\u0131n pi\u015fiyi \u00e7a\u011f\u0131rmas\u0131 zaman\u0131 heyvan\u0131n onun yan\u0131na g\u0259lm\u0259m\u0259si s\u0259b\u0259b olub. \u0130\u015f adam\u0131 video yay\u0131ld\u0131qdan sonra polis t\u0259r\u0259find\u0259n saxlan\u0131l\u0131b. &nbsp;<\/p>\n","protected":false},"author":2,"featured_media":33288,"comment_status":"closed","ping_status":"closed","sticky":false,"template":"","format":"standard","meta":{"om_disable_all_campaigns":false,"_monsterinsights_skip_tracking":false,"_monsterinsights_sitenote_active":false,"_monsterinsights_sitenote_note":"","_monsterinsights_sitenote_category":0},"categories":[7],"tags":[],"aioseo_notices":[],"gutentor_comment":0,"rttpg_featured_image_url":{"full":["https:\/\/arantv.az\/wp-content\/uploads\/2019\/01\/is-adami.jpg",620,351,false],"landscape":["https:\/\/arantv.az\/wp-content\/uploads\/2019\/01\/is-adami.jpg",620,351,false],"portraits":["https:\/\/arantv.az\/wp-content\/uploads\/2019\/01\/is-adami.jpg",620,351,false],"thumbnail":["https:\/\/arantv.az\/wp-content\/uploads\/2019\/01\/is-adami-150x150.jpg",150,150,true],"medium":["https:\/\/arantv.az\/wp-content\/uploads\/2019\/01\/is-adami-300x170.jpg",300,170,true],"large":["https:\/\/arantv.az\/wp-content\/uploads\/2019\/01\/is-adami.jpg",620,351,false],"1536x1536":["https:\/\/arantv.az\/wp-content\/uploads\/2019\/01\/is-adami.jpg",620,351,false],"2048x2048":["https:\/\/arantv.az\/wp-content\/uploads\/2019\/01\/is-adami.jpg",620,351,false],"post-thumbnail":["https:\/\/arantv.az\/wp-content\/uploads\/2019\/01\/is-adami-240x172.jpg",240,172,true],"advps-thumb-one":["https:\/\/arantv.az\/wp-content\/uploads\/2019\/01\/is-adami.jpg",620,351,false]},"rttpg_author":{"display_name":"V\u00fcsal Rafiqo\u011flu","author_link":"https:\/\/arantv.az\/?author=2"},"rttpg_comment":0,"rttpg_category":"<a href=\"https:\/\/arantv.az\/?cat=7\" rel=\"category\">D\u00fcnya<\/a>","rttpg_excerpt":"T\u00fcrkiy\u0259nin \u0130stanbul \u015f\u0259h\u0259rinin Bah\u00e7elievl\u0259r rayonunda i\u015f adam\u0131\u00a0Hakan G.-nin evind\u0259 pi\u015fiyi v\u0259h\u015fic\u0259sin\u0259 d\u00f6ym\u0259sinin g\u00f6r\u00fcnt\u00fcl\u0259ri sosial \u015f\u0259b\u0259k\u0259d\u0259 yay\u0131mlan\u0131b. ARANTV.AZ oxu.az-a\u00a0istinad\u0259n x\u0259b\u0259r verir ki, video i\u015f adam\u0131n\u0131n mobil telefonu vasit\u0259sil\u0259 lent\u0259 al\u0131n\u0131b. G\u00f6r\u00fcnt\u00fcl\u0259rd\u0259 Hakan\u0131n \u00e7ubuqla pi\u015fiyi d\u00f6ym\u0259si \u0259ks olunub. Bir m\u00fcdd\u0259t sonra pi\u015fik ki\u015finin \u0259lind\u0259n qa\u00e7araq, p\u0259nc\u0259r\u0259d\u0259n tullanmaq ist\u0259s\u0259 d\u0259, buna nail olmay\u0131b. Hadis\u0259y\u0259\u00a0i\u015f adam\u0131n\u0131n pi\u015fiyi \u00e7a\u011f\u0131rmas\u0131 zaman\u0131&hellip;","_links":{"self":[{"href":"https:\/\/arantv.az\/index.php?rest_route=\/wp\/v2\/posts\/33287"}],"collection":[{"href":"https:\/\/arantv.az\/index.php?rest_route=\/wp\/v2\/posts"}],"about":[{"href":"https:\/\/arantv.az\/index.php?rest_route=\/wp\/v2\/types\/post"}],"author":[{"embeddable":true,"href":"https:\/\/arantv.az\/index.php?rest_route=\/wp\/v2\/users\/2"}],"replies":[{"embeddable":true,"href":"https:\/\/arantv.az\/index.php?rest_route=%2Fwp%2Fv2%2Fcomments&post=33287"}],"version-history":[{"count":0,"href":"https:\/\/arantv.az\/index.php?rest_route=\/wp\/v2\/posts\/33287\/revisions"}],"wp:featuredmedia":[{"embeddable":true,"href":"https:\/\/arantv.az\/index.php?rest_route=\/wp\/v2\/media\/33288"}],"wp:attachment":[{"href":"https:\/\/arantv.az\/index.php?rest_route=%2Fwp%2Fv2%2Fmedia&parent=33287"}],"wp:term":[{"taxonomy":"category","embeddable":true,"href":"https:\/\/arantv.az\/index.php?rest_route=%2Fwp%2Fv2%2Fcategories&post=33287"},{"taxonomy":"post_tag","embeddable":true,"href":"https:\/\/arantv.az\/index.php?rest_route=%2Fwp%2Fv2%2Ftags&post=33287"}],"curies":[{"name":"wp","href":"https:\/\/api.w.org\/{rel}","templated":true}]}}