{"id":33304,"date":"2019-01-18T13:19:58","date_gmt":"2019-01-18T10:19:58","guid":{"rendered":"http:\/\/arantv.az\/?p=33304"},"modified":"2019-01-18T13:19:58","modified_gmt":"2019-01-18T10:19:58","slug":"putin%c9%99-pasa-l%c9%99q%c9%99bli-kucuk-h%c9%99diyy%c9%99-olundu-foto-video","status":"publish","type":"post","link":"https:\/\/arantv.az\/?p=33304","title":{"rendered":"Putin\u0259 Pa\u015fa l\u0259q\u0259bli k\u00fc\u00e7\u00fck h\u0259diyy\u0259 olundu &#8211; FOTO\/V\u0130DEO"},"content":{"rendered":"<p>Serbiyan\u0131n prezidenti\u00a0<strong>Aleksandr Vu\u00e7i\u00e7<\/strong>\u00a0rusiyal\u0131 h\u0259mkar\u0131\u00a0<strong>Vladimir Putin<\/strong>\u0259 Pa\u015fa l\u0259q\u0259bli d\u00f6rd ayl\u0131q \u015ear-da\u011f \u00e7oban iti k\u00fc\u00e7\u00fcy\u00fcn\u00fc h\u0259diyy\u0259 edib.<\/p>\n<p><b>ARANTV.AZ<\/b> oxu.az-a istinad\u0259n m\u0259lumat verir ki, bu cinsd\u0259n olan itl\u0259r iri b\u0259d\u0259ni, soyu\u011fa qar\u015f\u0131 dayan\u0131ql\u0131\u011f\u0131 v\u0259 qurdlarla v\u0259 ay\u0131larla m\u00fcbariz\u0259d\u0259 qorxmazl\u0131\u011f\u0131 il\u0259 tan\u0131n\u0131r.<\/p>\n<p>\u015e\u0259r\u0259fin\u0259 adland\u0131r\u0131ld\u0131\u011f\u0131 \u015ear-da\u011f massivi Kosovo v\u0259 Metaxiya muxtar b\u00f6lg\u0259sinin c\u0259nubunda yerl\u0259\u015fir v\u0259 burada bu cinsd\u0259n olan itl\u0259r \u0259srl\u0259rl\u0259 \u00e7obanlar t\u0259r\u0259find\u0259n s\u00fcr\u00fcl\u0259rin qorunmas\u0131 \u00fc\u00e7\u00fcn istifad\u0259 olunub. Qeyd olunur ki, bu ev heyvan\u0131 m\u00f6t\u0259b\u0259r n\u0259sil-n\u0259cab\u0259td\u0259n g\u0259lir.<\/p>\n<div id=\"AdributorNativeVideo0\" class=\"AdributorNativeVideo\"><\/div>\n<p>\u015ear-da\u011f \u00e7oban iti a\u011f\u0131ll\u0131 v\u0259 sadiq, lakin inadkar itdir. B\u00f6y\u00fcd\u00fcy\u00fc zaman onun \u00e7\u0259kisi 40 kiloqrama q\u0259d\u0259r \u00e7at\u0131r.<\/p>\n<p>V.Putin heyvanlara sevgisi il\u0259 tan\u0131n\u0131r. Bundan \u0259vv\u0259l, \u00f6t\u0259n ilin oktyabr\u0131nda T\u00fcrkm\u0259nistan prezidenti\u00a0<strong>Qurbanqulu Berd\u0131muhammadov<\/strong>\u00a0ad g\u00fcn\u00fc h\u0259diyy\u0259si olaraq Rusiya federasiyas\u0131n\u0131n prezidentin\u0259 \u201c<strong>Vern\u0131y<\/strong>\u201d (sad\u0131q &#8211;\u00a0<strong>red.<\/strong>) l\u0259q\u0259bli alabay cinsin\u0259 aid k\u00fc\u00e7\u00fck h\u0259diyy\u0259 etmi\u015fdi.<\/p>\n<p>2012-ci ild\u0259 g\u00fccl\u00fc sunami v\u0259 z\u0259lz\u0259l\u0259nin f\u0259sadlar\u0131n\u0131 aradan qald\u0131rmaqda \u0259m\u0259kda\u015fl\u0131\u011fa v\u0259 g\u00f6st\u0259rdikl\u0259ri yard\u0131ma g\u00f6r\u0259 Yaponiyan\u0131n Akita prefekturas\u0131n\u0131n qubernatoru Rusiya prezidentin\u0259 daha bir it h\u0259diyy\u0259 edib. Akita-inu ov cinsin\u0259 aid k\u00fc\u00e7\u00fcy\u0259\u00a0<strong>Yume<\/strong>\u00a0(Arzu &#8211;\u00a0<strong>red.<\/strong>) ad\u0131 verilib. 2016-ci ilin dekabr\u0131nda V.Putin Kremld\u0259 yapon jurnalistl\u0259r\u0259 m\u00fcsahib\u0259 ver\u0259n zaman Yumeni \u00f6z\u00fc il\u0259 apar\u0131b.<\/p>\n<p>2010-cu ild\u0259 Bolqar\u0131stan\u0131n ba\u015f naziri oldu\u011fu zaman\u00a0<strong>Boyko Borisov<\/strong>rusiyal\u0131 liderin Sofiyaya s\u0259f\u0259ri zaman\u0131 ona karaka\u00e7an cinsind\u0259n olan it (bolqar ov iti &#8211;\u00a0<strong>red.<\/strong>) t\u0259qdim edib. V.Putin rusiyal\u0131lardan k\u00fc\u00e7\u00fcy\u0259 ad qoyma\u011f\u0131 t\u0259klif edib. M\u00fcsabiq\u0259nin qalibi k\u00fc\u00e7\u00fcy\u0259\u00a0<strong>Baffi<\/strong>\u00a0ad\u0131n\u0131 ver\u0259n 5 ya\u015fl\u0131\u00a0<strong>Dima Sokolov<\/strong>\u00a0olub.<\/p>\n<p>Daha \u0259vv\u0259l V.Putini\u00a0<strong>Sergey \u015eoyqu<\/strong>nun h\u0259diyy\u0259 etdiyi\u00a0<strong>Koni\u00a0<\/strong>l\u0259q\u0259bli labrador iti m\u00fc\u015fayi\u0259t edib. O, V.Putinin So\u00e7id\u0259 v\u0259 Novo-Oqarevodak\u0131 \u015f\u0259h\u0259rk\u0259nar\u0131 iqam\u0259tgahlar\u0131ndak\u0131 g\u00f6r\u00fc\u015fl\u0259rinin i\u015ftirak\u00e7\u0131s\u0131 olub, evin i\u00e7\u0259risind\u0259 rahat g\u0259z\u0259 bilib v\u0259 ona yem\u0259k ver\u0259n jurnalistl\u0259rin oldu\u011fu ota\u011fa girm\u0259yi d\u0259 \u00e7ox sevib.<\/p>\n<p><img src=\"https:\/\/assets.oxu.az\/uploads\/W1siZiIsIjIwMTkvMDEvMTgvMTIvMjQvNDkvOTdmMWMyZWQtM2E2Ni00ZTQ3LTkzZDUtMTE0YThiODUyZTg0L0R4SDFJVm5Xc0FFaWY5Ny5qcGciXSxbInAiLCJlbmNvZGUiLCJqcGciLCItcXVhbGl0eSA4MCJdLFsicCIsInRodW1iIiwiNTkweDU5MFx1MDAzZSJdXQ?sha=b50400ecd3de2e31\" alt=\"\" \/><\/p>\n<div><iframe loading=\"lazy\" src=\"https:\/\/ria.ru\/services\/video\/embed\/1549518850-1549519206.html\" width=\"640\" height=\"360\" frameborder=\"0\" allowfullscreen=\"allowfullscreen\" data-mce-fragment=\"1\"><\/iframe><\/div>\n<p>&nbsp;<\/p>\n","protected":false},"excerpt":{"rendered":"<p>Serbiyan\u0131n prezidenti\u00a0Aleksandr Vu\u00e7i\u00e7\u00a0rusiyal\u0131 h\u0259mkar\u0131\u00a0Vladimir Putin\u0259 Pa\u015fa l\u0259q\u0259bli d\u00f6rd ayl\u0131q \u015ear-da\u011f \u00e7oban iti k\u00fc\u00e7\u00fcy\u00fcn\u00fc h\u0259diyy\u0259 edib. ARANTV.AZ oxu.az-a istinad\u0259n m\u0259lumat verir ki, bu cinsd\u0259n olan itl\u0259r iri b\u0259d\u0259ni, soyu\u011fa qar\u015f\u0131 dayan\u0131ql\u0131\u011f\u0131 v\u0259 qurdlarla v\u0259 ay\u0131larla m\u00fcbariz\u0259d\u0259 qorxmazl\u0131\u011f\u0131 il\u0259 tan\u0131n\u0131r. \u015e\u0259r\u0259fin\u0259 adland\u0131r\u0131ld\u0131\u011f\u0131 \u015ear-da\u011f massivi Kosovo v\u0259 Metaxiya muxtar b\u00f6lg\u0259sinin c\u0259nubunda yerl\u0259\u015fir v\u0259 burada bu cinsd\u0259n olan itl\u0259r \u0259srl\u0259rl\u0259 \u00e7obanlar t\u0259r\u0259find\u0259n s\u00fcr\u00fcl\u0259rin qorunmas\u0131 \u00fc\u00e7\u00fcn istifad\u0259 olunub. Qeyd olunur ki, bu ev heyvan\u0131 m\u00f6t\u0259b\u0259r n\u0259sil-n\u0259cab\u0259td\u0259n g\u0259lir. \u015ear-da\u011f \u00e7oban iti a\u011f\u0131ll\u0131 v\u0259 sadiq, lakin inadkar itdir. B\u00f6y\u00fcd\u00fcy\u00fc zaman onun \u00e7\u0259kisi 40 kiloqrama q\u0259d\u0259r \u00e7at\u0131r. V.Putin&hellip;<\/p>\n","protected":false},"author":2,"featured_media":33305,"comment_status":"closed","ping_status":"closed","sticky":false,"template":"","format":"standard","meta":{"om_disable_all_campaigns":false,"_monsterinsights_skip_tracking":false,"_monsterinsights_sitenote_active":false,"_monsterinsights_sitenote_note":"","_monsterinsights_sitenote_category":0},"categories":[7],"tags":[],"aioseo_notices":[],"gutentor_comment":0,"rttpg_featured_image_url":{"full":["https:\/\/arantv.az\/wp-content\/uploads\/2019\/01\/332a98c0-1a73-11e9-bf99-6d2e73bb2157.jpg",620,394,false],"landscape":["https:\/\/arantv.az\/wp-content\/uploads\/2019\/01\/332a98c0-1a73-11e9-bf99-6d2e73bb2157.jpg",620,394,false],"portraits":["https:\/\/arantv.az\/wp-content\/uploads\/2019\/01\/332a98c0-1a73-11e9-bf99-6d2e73bb2157.jpg",620,394,false],"thumbnail":["https:\/\/arantv.az\/wp-content\/uploads\/2019\/01\/332a98c0-1a73-11e9-bf99-6d2e73bb2157-150x150.jpg",150,150,true],"medium":["https:\/\/arantv.az\/wp-content\/uploads\/2019\/01\/332a98c0-1a73-11e9-bf99-6d2e73bb2157-300x191.jpg",300,191,true],"large":["https:\/\/arantv.az\/wp-content\/uploads\/2019\/01\/332a98c0-1a73-11e9-bf99-6d2e73bb2157.jpg",620,394,false],"1536x1536":["https:\/\/arantv.az\/wp-content\/uploads\/2019\/01\/332a98c0-1a73-11e9-bf99-6d2e73bb2157.jpg",620,394,false],"2048x2048":["https:\/\/arantv.az\/wp-content\/uploads\/2019\/01\/332a98c0-1a73-11e9-bf99-6d2e73bb2157.jpg",620,394,false],"post-thumbnail":["https:\/\/arantv.az\/wp-content\/uploads\/2019\/01\/332a98c0-1a73-11e9-bf99-6d2e73bb2157-240x172.jpg",240,172,true],"advps-thumb-one":["https:\/\/arantv.az\/wp-content\/uploads\/2019\/01\/332a98c0-1a73-11e9-bf99-6d2e73bb2157.jpg",620,394,false]},"rttpg_author":{"display_name":"V\u00fcsal Rafiqo\u011flu","author_link":"https:\/\/arantv.az\/?author=2"},"rttpg_comment":0,"rttpg_category":"<a href=\"https:\/\/arantv.az\/?cat=7\" rel=\"category\">D\u00fcnya<\/a>","rttpg_excerpt":"Serbiyan\u0131n prezidenti\u00a0Aleksandr Vu\u00e7i\u00e7\u00a0rusiyal\u0131 h\u0259mkar\u0131\u00a0Vladimir Putin\u0259 Pa\u015fa l\u0259q\u0259bli d\u00f6rd ayl\u0131q \u015ear-da\u011f \u00e7oban iti k\u00fc\u00e7\u00fcy\u00fcn\u00fc h\u0259diyy\u0259 edib. ARANTV.AZ oxu.az-a istinad\u0259n m\u0259lumat verir ki, bu cinsd\u0259n olan itl\u0259r iri b\u0259d\u0259ni, soyu\u011fa qar\u015f\u0131 dayan\u0131ql\u0131\u011f\u0131 v\u0259 qurdlarla v\u0259 ay\u0131larla m\u00fcbariz\u0259d\u0259 qorxmazl\u0131\u011f\u0131 il\u0259 tan\u0131n\u0131r. \u015e\u0259r\u0259fin\u0259 adland\u0131r\u0131ld\u0131\u011f\u0131 \u015ear-da\u011f massivi Kosovo v\u0259 Metaxiya muxtar b\u00f6lg\u0259sinin c\u0259nubunda yerl\u0259\u015fir v\u0259 burada bu cinsd\u0259n olan itl\u0259r&hellip;","_links":{"self":[{"href":"https:\/\/arantv.az\/index.php?rest_route=\/wp\/v2\/posts\/33304"}],"collection":[{"href":"https:\/\/arantv.az\/index.php?rest_route=\/wp\/v2\/posts"}],"about":[{"href":"https:\/\/arantv.az\/index.php?rest_route=\/wp\/v2\/types\/post"}],"author":[{"embeddable":true,"href":"https:\/\/arantv.az\/index.php?rest_route=\/wp\/v2\/users\/2"}],"replies":[{"embeddable":true,"href":"https:\/\/arantv.az\/index.php?rest_route=%2Fwp%2Fv2%2Fcomments&post=33304"}],"version-history":[{"count":0,"href":"https:\/\/arantv.az\/index.php?rest_route=\/wp\/v2\/posts\/33304\/revisions"}],"wp:featuredmedia":[{"embeddable":true,"href":"https:\/\/arantv.az\/index.php?rest_route=\/wp\/v2\/media\/33305"}],"wp:attachment":[{"href":"https:\/\/arantv.az\/index.php?rest_route=%2Fwp%2Fv2%2Fmedia&parent=33304"}],"wp:term":[{"taxonomy":"category","embeddable":true,"href":"https:\/\/arantv.az\/index.php?rest_route=%2Fwp%2Fv2%2Fcategories&post=33304"},{"taxonomy":"post_tag","embeddable":true,"href":"https:\/\/arantv.az\/index.php?rest_route=%2Fwp%2Fv2%2Ftags&post=33304"}],"curies":[{"name":"wp","href":"https:\/\/api.w.org\/{rel}","templated":true}]}}