{"id":33307,"date":"2019-01-18T13:20:47","date_gmt":"2019-01-18T10:20:47","guid":{"rendered":"http:\/\/arantv.az\/?p=33307"},"modified":"2019-01-18T13:20:47","modified_gmt":"2019-01-18T10:20:47","slug":"aztv-nin-isd%c9%99n-cixarilan-s%c9%99dri-danisdi","status":"publish","type":"post","link":"https:\/\/arantv.az\/?p=33307","title":{"rendered":"AzTV-nin i\u015fd\u0259n \u00e7\u0131xar\u0131lan s\u0259dri dan\u0131\u015fd\u0131"},"content":{"rendered":"<p>\u00d6lk\u0259 ba\u015f\u00e7\u0131s\u0131n\u0131n 15 yanvar 2019-cu il tarixli s\u0259r\u0259ncam\u0131 il\u0259 \u201cAz\u0259rbaycan Televiziya v\u0259 Radio Verili\u015fl\u0259ri\u201d\u00a0Qapal\u0131 S\u0259hmdar C\u0259miyy\u0259tinin (AzTV) s\u0259dri v\u0259zif\u0259sind\u0259n azad olunmu\u015f\u00a0<strong>Arif Al\u0131\u015fanov\u00a0<\/strong>Modern.az-a a\u00e7\u0131qlama verib.<\/p>\n<p><strong>ARANTV.AZ\u00a0<\/strong>\u00a0x\u0259b\u0259r verir ki, ke\u00e7mi\u015f s\u0259dr \u00f6lk\u0259 ba\u015f\u00e7\u0131s\u0131n\u0131n q\u0259rar\u0131n\u0131n m\u00fczakir\u0259 olunmad\u0131\u011f\u0131n\u0131 bildirib:<\/p>\n<p>\u201cC\u0259nab prezidentin s\u0259r\u0259ncam\u0131 m\u00fczakir\u0259 olunmur. Biz bir daha c\u0259nab prezident\u0259 t\u0259\u015f\u0259kk\u00fcr edirik. \u00d6lk\u0259 ba\u015f\u00e7\u0131s\u0131 h\u0259r \u015feyi ham\u0131dan yax\u015f\u0131 bilir\u201d.<\/p>\n<div id=\"AdributorNativeVideo0\" class=\"AdributorNativeVideo\"><\/div>\n<p>A.Al\u0131\u015fanov haz\u0131rda AzTV-d\u0259 s\u0259dr s\u0259lahiyy\u0259tl\u0259rini icra ed\u0259n jurnalist R\u00f6v\u015f\u0259n M\u0259mm\u0259dovla ba\u011fl\u0131 fikirl\u0259rini d\u0259 b\u00f6l\u00fc\u015f\u00fcb:<\/p>\n<p>\u201cBiz \u00f6lk\u0259 ba\u015f\u00e7\u0131s\u0131na bir daha t\u0259\u015f\u0259kk\u00fcr edirik ki, yeni s\u0259dr kimi AzTV-nin yetirm\u0259si olan R\u00f6v\u015f\u0259n M\u0259mm\u0259dova etimad g\u00f6st\u0259rib. R\u00f6v\u015f\u0259n \u00e7ox t\u0259rbiy\u0259li, bacar\u0131ql\u0131, siyasi haz\u0131rl\u0131ql\u0131 jurnalistdir. C\u0259nab prezident\u0259 t\u0259\u015f\u0259kk\u00fcr edirik ki, i\u015fl\u0259rin davam etdirilm\u0259si \u00fc\u00e7\u00fcn kollektivimizd\u0259n birini se\u00e7ib\u201d.<\/p>\n<p>A.Al\u0131\u015fanov bundan sonra AzTV-d\u0259 h\u0259r hans\u0131 bir v\u0259zif\u0259d\u0259 f\u0259aliyy\u0259tini davam etdirib-etdirm\u0259y\u0259c\u0259yi bar\u0259d\u0259 suallara da ayd\u0131nl\u0131q g\u0259tirib:<\/p>\n<p>\u201cS\u0259dr kimi v\u0259zif\u0259d\u0259n getmi\u015f\u0259ms\u0259, orada qala bilm\u0259r\u0259m. M\u0259n iqtisad\u00e7\u0131yam, i\u015fl\u0259rimi bu istiqam\u0259td\u0259 davam etdir\u0259c\u0259y\u0259m\u201d.<\/p>\n<blockquote>\n<div><em><strong>Oxu:\u00a0<a href=\"https:\/\/oxu.az\/politics\/294263\" target=\"_blank\" rel=\"noopener\">Prezident AzTV-nin s\u0259drini v\u0259zif\u0259sind\u0259n azad etdi<\/a><\/strong><\/em><\/div>\n<\/blockquote>\n<p>T\u0259rc\u00fcmeyi-hal\u0131nda bildirilir ki, Arif Nizam o\u011flu Al\u0131\u015fanov 30 iyul 1960-c\u0131 ild\u0259 Bak\u0131 \u015f\u0259h\u0259rind\u0259 anadan olub. 45 sayl\u0131 orta m\u0259kt\u0259bd\u0259 v\u0259 D.B\u00fcnyadzad\u0259 ad\u0131na Xalq T\u0259s\u0259rr\u00fcfat\u0131 \u0130nstitutunun M\u00fchasibat u\u00e7otu, iqtisadiyyat v\u0259 t\u0259s\u0259rr\u00fcfat f\u0259aliyy\u0259tinin analizi fak\u00fclt\u0259sind\u0259 t\u0259hsil al\u0131b, 1984-c\u00fc ild\u0259 iqtisad\u00e7\u0131 ixtisas\u0131na yiy\u0259l\u0259nib. Sonrak\u0131 d\u00f6vrd\u0259 Az\u0259rbaycan Jurnalistl\u0259r \u0130ttifaq\u0131n\u0131n Jurnalist S\u0259n\u0259tkarl\u0131\u011f\u0131 \u0130nstitutunu, Bak\u0131 Ali Partiya M\u0259kt\u0259binin \u0130deoloji kadrlar fak\u00fclt\u0259sini bitirib.<\/p>\n<p>Ali t\u0259hsil almaqla yana\u015f\u0131, 1977-ci ild\u0259 Az\u0259rbaycan D\u00f6vl\u0259t Televiziya v\u0259 Radio Verili\u015fl\u0259ri Komit\u0259sind\u0259 i\u015f\u0259\u00a0ba\u015flay\u0131b. Ordu s\u0131ralar\u0131nda h\u0259rbi xidm\u0259t ke\u00e7dikd\u0259n sonra yenid\u0259n AzTV-d\u0259 \u0259m\u0259k f\u0259aliyy\u0259tini davam etdirib.<\/p>\n<p>1981-ci ild\u0259n \u015f\u00f6b\u0259 m\u00fcdiri, idar\u0259 r\u0259isi, ba\u015f idar\u0259 r\u0259isi, 1997-ci ild\u0259n Texniki-\u0130stehsalat Birliyinin direktoru v\u0259zif\u0259l\u0259rind\u0259 \u00e7al\u0131\u015f\u0131b. 17 may 2001-ci ild\u0259n h\u0259min birliyin direktoru v\u0259zif\u0259si saxlan\u0131lmaqla Az\u0259rbaycan D\u00f6vl\u0259t Teleradio Verili\u015fl\u0259ri \u015eirk\u0259ti s\u0259drinin texnika \u00fczr\u0259 m\u00fcavini i\u015fl\u0259yib.<\/p>\n<p>28 mart 2005-ci ild\u0259 d\u00f6vl\u0259t ba\u015f\u00e7\u0131s\u0131n\u0131n s\u0259r\u0259ncam\u0131 il\u0259 \u201cAz\u0259rbaycan Teleradio Verili\u015fl\u0259ri\u201d\u00a0Qapal\u0131 S\u0259hmdar C\u0259miyy\u0259tinin s\u0259dr m\u00fcavini, 16 avqust 2006-c\u0131 ild\u0259 is\u0259 s\u0259dr v\u0259zif\u0259l\u0259rin\u0259 t\u0259yin olunub.<\/p>\n<p>Arif Al\u0131\u015fanov 2010-cu ilin noyabr\u0131nda ke\u00e7iril\u0259n parlament se\u00e7kil\u0259rid\u0259 45 sayl\u0131 Ab\u015feron se\u00e7ki dair\u0259sind\u0259n Milli M\u0259clis\u0259 deputat se\u00e7ilib. 2015-ci ild\u0259 deputat s\u0259lahiyy\u0259tl\u0259ri ba\u015fa \u00e7at\u0131b.<\/p>\n<p>\u0130qtisad elml\u0259ri namiz\u0259didir. T\u00fcrk v\u0259 rus dill\u0259rini bilir.<\/p>\n<p>Evlidir, \u00fc\u00e7\u00a0\u00f6vlad\u0131 var.<\/p>\n<p>oxu.az<\/p>\n","protected":false},"excerpt":{"rendered":"<p>\u00d6lk\u0259 ba\u015f\u00e7\u0131s\u0131n\u0131n 15 yanvar 2019-cu il tarixli s\u0259r\u0259ncam\u0131 il\u0259 \u201cAz\u0259rbaycan Televiziya v\u0259 Radio Verili\u015fl\u0259ri\u201d\u00a0Qapal\u0131 S\u0259hmdar C\u0259miyy\u0259tinin (AzTV) s\u0259dri v\u0259zif\u0259sind\u0259n azad olunmu\u015f\u00a0Arif Al\u0131\u015fanov\u00a0Modern.az-a a\u00e7\u0131qlama verib. ARANTV.AZ\u00a0\u00a0x\u0259b\u0259r verir ki, ke\u00e7mi\u015f s\u0259dr \u00f6lk\u0259 ba\u015f\u00e7\u0131s\u0131n\u0131n q\u0259rar\u0131n\u0131n m\u00fczakir\u0259 olunmad\u0131\u011f\u0131n\u0131 bildirib: \u201cC\u0259nab prezidentin s\u0259r\u0259ncam\u0131 m\u00fczakir\u0259 olunmur. Biz bir daha c\u0259nab prezident\u0259 t\u0259\u015f\u0259kk\u00fcr edirik. \u00d6lk\u0259 ba\u015f\u00e7\u0131s\u0131 h\u0259r \u015feyi ham\u0131dan yax\u015f\u0131 bilir\u201d. A.Al\u0131\u015fanov haz\u0131rda AzTV-d\u0259 s\u0259dr s\u0259lahiyy\u0259tl\u0259rini icra ed\u0259n jurnalist R\u00f6v\u015f\u0259n M\u0259mm\u0259dovla ba\u011fl\u0131 fikirl\u0259rini d\u0259 b\u00f6l\u00fc\u015f\u00fcb: \u201cBiz \u00f6lk\u0259 ba\u015f\u00e7\u0131s\u0131na bir daha t\u0259\u015f\u0259kk\u00fcr edirik ki, yeni s\u0259dr kimi AzTV-nin yetirm\u0259si olan R\u00f6v\u015f\u0259n M\u0259mm\u0259dova etimad g\u00f6st\u0259rib. R\u00f6v\u015f\u0259n \u00e7ox t\u0259rbiy\u0259li, bacar\u0131ql\u0131,&hellip;<\/p>\n","protected":false},"author":2,"featured_media":33308,"comment_status":"closed","ping_status":"closed","sticky":false,"template":"","format":"standard","meta":{"om_disable_all_campaigns":false,"_monsterinsights_skip_tracking":false,"_monsterinsights_sitenote_active":false,"_monsterinsights_sitenote_note":"","_monsterinsights_sitenote_category":0},"categories":[1],"tags":[],"aioseo_notices":[],"gutentor_comment":0,"rttpg_featured_image_url":{"full":["https:\/\/arantv.az\/wp-content\/uploads\/2019\/01\/1509554159_arifalisanov.jpg",620,389,false],"landscape":["https:\/\/arantv.az\/wp-content\/uploads\/2019\/01\/1509554159_arifalisanov.jpg",620,389,false],"portraits":["https:\/\/arantv.az\/wp-content\/uploads\/2019\/01\/1509554159_arifalisanov.jpg",620,389,false],"thumbnail":["https:\/\/arantv.az\/wp-content\/uploads\/2019\/01\/1509554159_arifalisanov-150x150.jpg",150,150,true],"medium":["https:\/\/arantv.az\/wp-content\/uploads\/2019\/01\/1509554159_arifalisanov-300x188.jpg",300,188,true],"large":["https:\/\/arantv.az\/wp-content\/uploads\/2019\/01\/1509554159_arifalisanov.jpg",620,389,false],"1536x1536":["https:\/\/arantv.az\/wp-content\/uploads\/2019\/01\/1509554159_arifalisanov.jpg",620,389,false],"2048x2048":["https:\/\/arantv.az\/wp-content\/uploads\/2019\/01\/1509554159_arifalisanov.jpg",620,389,false],"post-thumbnail":["https:\/\/arantv.az\/wp-content\/uploads\/2019\/01\/1509554159_arifalisanov-240x172.jpg",240,172,true],"advps-thumb-one":["https:\/\/arantv.az\/wp-content\/uploads\/2019\/01\/1509554159_arifalisanov.jpg",620,389,false]},"rttpg_author":{"display_name":"V\u00fcsal Rafiqo\u011flu","author_link":"https:\/\/arantv.az\/?author=2"},"rttpg_comment":0,"rttpg_category":"<a href=\"https:\/\/arantv.az\/?cat=1\" rel=\"category\">C\u0259miyy\u0259t<\/a>","rttpg_excerpt":"\u00d6lk\u0259 ba\u015f\u00e7\u0131s\u0131n\u0131n 15 yanvar 2019-cu il tarixli s\u0259r\u0259ncam\u0131 il\u0259 \u201cAz\u0259rbaycan Televiziya v\u0259 Radio Verili\u015fl\u0259ri\u201d\u00a0Qapal\u0131 S\u0259hmdar C\u0259miyy\u0259tinin (AzTV) s\u0259dri v\u0259zif\u0259sind\u0259n azad olunmu\u015f\u00a0Arif Al\u0131\u015fanov\u00a0Modern.az-a a\u00e7\u0131qlama verib. ARANTV.AZ\u00a0\u00a0x\u0259b\u0259r verir ki, ke\u00e7mi\u015f s\u0259dr \u00f6lk\u0259 ba\u015f\u00e7\u0131s\u0131n\u0131n q\u0259rar\u0131n\u0131n m\u00fczakir\u0259 olunmad\u0131\u011f\u0131n\u0131 bildirib: \u201cC\u0259nab prezidentin s\u0259r\u0259ncam\u0131 m\u00fczakir\u0259 olunmur. Biz bir daha c\u0259nab prezident\u0259 t\u0259\u015f\u0259kk\u00fcr edirik. \u00d6lk\u0259 ba\u015f\u00e7\u0131s\u0131 h\u0259r \u015feyi ham\u0131dan yax\u015f\u0131 bilir\u201d. A.Al\u0131\u015fanov&hellip;","_links":{"self":[{"href":"https:\/\/arantv.az\/index.php?rest_route=\/wp\/v2\/posts\/33307"}],"collection":[{"href":"https:\/\/arantv.az\/index.php?rest_route=\/wp\/v2\/posts"}],"about":[{"href":"https:\/\/arantv.az\/index.php?rest_route=\/wp\/v2\/types\/post"}],"author":[{"embeddable":true,"href":"https:\/\/arantv.az\/index.php?rest_route=\/wp\/v2\/users\/2"}],"replies":[{"embeddable":true,"href":"https:\/\/arantv.az\/index.php?rest_route=%2Fwp%2Fv2%2Fcomments&post=33307"}],"version-history":[{"count":0,"href":"https:\/\/arantv.az\/index.php?rest_route=\/wp\/v2\/posts\/33307\/revisions"}],"wp:featuredmedia":[{"embeddable":true,"href":"https:\/\/arantv.az\/index.php?rest_route=\/wp\/v2\/media\/33308"}],"wp:attachment":[{"href":"https:\/\/arantv.az\/index.php?rest_route=%2Fwp%2Fv2%2Fmedia&parent=33307"}],"wp:term":[{"taxonomy":"category","embeddable":true,"href":"https:\/\/arantv.az\/index.php?rest_route=%2Fwp%2Fv2%2Fcategories&post=33307"},{"taxonomy":"post_tag","embeddable":true,"href":"https:\/\/arantv.az\/index.php?rest_route=%2Fwp%2Fv2%2Ftags&post=33307"}],"curies":[{"name":"wp","href":"https:\/\/api.w.org\/{rel}","templated":true}]}}