{"id":33310,"date":"2019-01-18T13:21:54","date_gmt":"2019-01-18T10:21:54","guid":{"rendered":"http:\/\/arantv.az\/?p=33310"},"modified":"2019-01-18T13:21:54","modified_gmt":"2019-01-18T10:21:54","slug":"polis-c%c9%99tin-v%c9%99ziyy%c9%99t%c9%99-dus%c9%99n-qadina-kom%c9%99k-etdi-video","status":"publish","type":"post","link":"https:\/\/arantv.az\/?p=33310","title":{"rendered":"Polis \u00e7\u0259tin v\u0259ziyy\u0259t\u0259 d\u00fc\u015f\u0259n qad\u0131na k\u00f6m\u0259k etdi &#8211; V\u0130DEO"},"content":{"rendered":"<p>Qubada k\u00f6m\u0259ksiz v\u0259ziyy\u0259td\u0259 qalan qad\u0131na polis \u0259m\u0259kda\u015flar\u0131 yard\u0131m g\u00f6st\u0259rib.<\/p>\n<p><strong>ARANTV.AZ<\/strong>-\u0131n\u00a0m\u0259lumat\u0131na g\u00f6r\u0259, hadis\u0259 rayonun Q\u0259\u00e7r\u0259\u015f istirah\u0259t m\u0259rk\u0259zi \u0259traf\u0131nda ba\u015f verib.<\/p>\n<p>V\u0259t\u0259nda\u015f ma\u015f\u0131n\u0131 il\u0259 \u00e7\u0259tin v\u0259ziyy\u0259t\u0259 d\u00fc\u015f\u00fcb.<\/p>\n<div id=\"AdributorNativeVideo0\" class=\"AdributorNativeVideo\"><\/div>\n<p>Quba Rayon Polis \u015e\u00f6b\u0259sinin \u0259m\u0259kda\u015flar\u0131 ya\u011fan qar n\u0259tic\u0259sind\u0259 k\u00f6m\u0259ksiz qalan v\u0259t\u0259nda\u015fa k\u00f6m\u0259k edibl\u0259r.<\/p>\n<div><iframe loading=\"lazy\" src=\"https:\/\/player.baku.tv\/embed\/6314\" width=\"560\" height=\"315\" frameborder=\"0\" allowfullscreen=\"allowfullscreen\" data-mce-fragment=\"1\"><\/iframe><\/div>\n<p><b><i>oxu.az<\/i><\/b><\/p>\n","protected":false},"excerpt":{"rendered":"<p>Qubada k\u00f6m\u0259ksiz v\u0259ziyy\u0259td\u0259 qalan qad\u0131na polis \u0259m\u0259kda\u015flar\u0131 yard\u0131m g\u00f6st\u0259rib. ARANTV.AZ-\u0131n\u00a0m\u0259lumat\u0131na g\u00f6r\u0259, hadis\u0259 rayonun Q\u0259\u00e7r\u0259\u015f istirah\u0259t m\u0259rk\u0259zi \u0259traf\u0131nda ba\u015f verib. V\u0259t\u0259nda\u015f ma\u015f\u0131n\u0131 il\u0259 \u00e7\u0259tin v\u0259ziyy\u0259t\u0259 d\u00fc\u015f\u00fcb. Quba Rayon Polis \u015e\u00f6b\u0259sinin \u0259m\u0259kda\u015flar\u0131 ya\u011fan qar n\u0259tic\u0259sind\u0259 k\u00f6m\u0259ksiz qalan v\u0259t\u0259nda\u015fa k\u00f6m\u0259k edibl\u0259r. oxu.az<\/p>\n","protected":false},"author":2,"featured_media":33311,"comment_status":"closed","ping_status":"closed","sticky":false,"template":"","format":"standard","meta":{"om_disable_all_campaigns":false,"_monsterinsights_skip_tracking":false,"_monsterinsights_sitenote_active":false,"_monsterinsights_sitenote_note":"","_monsterinsights_sitenote_category":0},"categories":[1],"tags":[],"aioseo_notices":[],"gutentor_comment":0,"rttpg_featured_image_url":{"full":["https:\/\/arantv.az\/wp-content\/uploads\/2019\/01\/1-1-1.jpg",620,465,false],"landscape":["https:\/\/arantv.az\/wp-content\/uploads\/2019\/01\/1-1-1.jpg",620,465,false],"portraits":["https:\/\/arantv.az\/wp-content\/uploads\/2019\/01\/1-1-1.jpg",620,465,false],"thumbnail":["https:\/\/arantv.az\/wp-content\/uploads\/2019\/01\/1-1-1-150x150.jpg",150,150,true],"medium":["https:\/\/arantv.az\/wp-content\/uploads\/2019\/01\/1-1-1-300x225.jpg",300,225,true],"large":["https:\/\/arantv.az\/wp-content\/uploads\/2019\/01\/1-1-1.jpg",620,465,false],"1536x1536":["https:\/\/arantv.az\/wp-content\/uploads\/2019\/01\/1-1-1.jpg",620,465,false],"2048x2048":["https:\/\/arantv.az\/wp-content\/uploads\/2019\/01\/1-1-1.jpg",620,465,false],"post-thumbnail":["https:\/\/arantv.az\/wp-content\/uploads\/2019\/01\/1-1-1-240x172.jpg",240,172,true],"advps-thumb-one":["https:\/\/arantv.az\/wp-content\/uploads\/2019\/01\/1-1-1.jpg",620,465,false]},"rttpg_author":{"display_name":"V\u00fcsal Rafiqo\u011flu","author_link":"https:\/\/arantv.az\/?author=2"},"rttpg_comment":0,"rttpg_category":"<a href=\"https:\/\/arantv.az\/?cat=1\" rel=\"category\">C\u0259miyy\u0259t<\/a>","rttpg_excerpt":"Qubada k\u00f6m\u0259ksiz v\u0259ziyy\u0259td\u0259 qalan qad\u0131na polis \u0259m\u0259kda\u015flar\u0131 yard\u0131m g\u00f6st\u0259rib. ARANTV.AZ-\u0131n\u00a0m\u0259lumat\u0131na g\u00f6r\u0259, hadis\u0259 rayonun Q\u0259\u00e7r\u0259\u015f istirah\u0259t m\u0259rk\u0259zi \u0259traf\u0131nda ba\u015f verib. V\u0259t\u0259nda\u015f ma\u015f\u0131n\u0131 il\u0259 \u00e7\u0259tin v\u0259ziyy\u0259t\u0259 d\u00fc\u015f\u00fcb. Quba Rayon Polis \u015e\u00f6b\u0259sinin \u0259m\u0259kda\u015flar\u0131 ya\u011fan qar n\u0259tic\u0259sind\u0259 k\u00f6m\u0259ksiz qalan v\u0259t\u0259nda\u015fa k\u00f6m\u0259k edibl\u0259r. oxu.az","_links":{"self":[{"href":"https:\/\/arantv.az\/index.php?rest_route=\/wp\/v2\/posts\/33310"}],"collection":[{"href":"https:\/\/arantv.az\/index.php?rest_route=\/wp\/v2\/posts"}],"about":[{"href":"https:\/\/arantv.az\/index.php?rest_route=\/wp\/v2\/types\/post"}],"author":[{"embeddable":true,"href":"https:\/\/arantv.az\/index.php?rest_route=\/wp\/v2\/users\/2"}],"replies":[{"embeddable":true,"href":"https:\/\/arantv.az\/index.php?rest_route=%2Fwp%2Fv2%2Fcomments&post=33310"}],"version-history":[{"count":0,"href":"https:\/\/arantv.az\/index.php?rest_route=\/wp\/v2\/posts\/33310\/revisions"}],"wp:featuredmedia":[{"embeddable":true,"href":"https:\/\/arantv.az\/index.php?rest_route=\/wp\/v2\/media\/33311"}],"wp:attachment":[{"href":"https:\/\/arantv.az\/index.php?rest_route=%2Fwp%2Fv2%2Fmedia&parent=33310"}],"wp:term":[{"taxonomy":"category","embeddable":true,"href":"https:\/\/arantv.az\/index.php?rest_route=%2Fwp%2Fv2%2Fcategories&post=33310"},{"taxonomy":"post_tag","embeddable":true,"href":"https:\/\/arantv.az\/index.php?rest_route=%2Fwp%2Fv2%2Ftags&post=33310"}],"curies":[{"name":"wp","href":"https:\/\/api.w.org\/{rel}","templated":true}]}}