{"id":33317,"date":"2019-01-18T14:58:58","date_gmt":"2019-01-18T11:58:58","guid":{"rendered":"http:\/\/arantv.az\/?p=33317"},"modified":"2019-01-18T14:58:58","modified_gmt":"2019-01-18T11:58:58","slug":"ekspert-h%c9%99rbi-s%c9%99nayemiz-g%c9%99lir-g%c9%99tirir","status":"publish","type":"post","link":"https:\/\/arantv.az\/?p=33317","title":{"rendered":"Ekspert: H\u0259rbi s\u0259nayemiz g\u0259lir g\u0259tirir"},"content":{"rendered":"<p>M\u00fcdafi\u0259 s\u0259nayesind\u0259 apar\u0131lan islahatlar zamanla ayaqla\u015f\u0131r v\u0259 idar\u0259\u00e7ilik f\u0259aliyy\u0259tinin m\u00fck\u0259mm\u0259ll\u0259\u015fdirilm\u0259sin\u0259 y\u00f6n\u0259lib: bu islahatlar prezident\u00a0<strong>\u0130lham \u018fliyev<\/strong>in s\u0259r\u0259ncam\u0131 il\u0259 M\u00fcdafi\u0259 S\u0259nayesi Nazirliyinin bazas\u0131nda yarad\u0131lan \u201cAz\u0259rsilah\u201d ASC-nin\u00a0istehsal olunan v\u0259 sat\u0131lan h\u0259rbi t\u0259yinatl\u0131 m\u0259hsullardan d\u00f6vl\u0259t\u0259 m\u00fc\u0259yy\u0259n g\u0259lir qazand\u0131rmas\u0131na imkan ver\u0259c\u0259k.<\/p>\n<p><strong>ARANTV.AZ\u00a0<\/strong>\u00a0Media.Az-a istinad\u0259n x\u0259b\u0259r verir ki, bu haqda h\u0259rbi analitik, ehtiyatda olan polkovnik\u00a0<strong>\u015eair Ramaldanov<\/strong>\u00a0a\u00e7\u0131qlama verib.<\/p>\n<p>Onun s\u00f6zl\u0259rin\u0259 g\u00f6r\u0259, h\u0259rbi s\u0259nayenin yarad\u0131lmas\u0131n\u0131n ilk\u00a0 m\u0259rh\u0259l\u0259sind\u0259\u00a0d\u00f6vl\u0259t bu d\u00f6vl\u0259t m\u00fc\u0259ssis\u0259sini dotasiya il\u0259 d\u0259st\u0259kl\u0259yirdi. \u0130ndi is\u0259 v\u0259ziyy\u0259t tamamil\u0259 d\u0259yi\u015fib. H\u0259rbi s\u0259naye t\u0259xmin\u0259n 200 adda h\u0259rbi t\u0259yinatl\u0131 m\u0259hsullar bazara \u00e7\u0131xar\u0131r.<\/p>\n<div id=\"AdributorNativeVideo0\" class=\"AdributorNativeVideo\"><\/div>\n<p>\u201cBu g\u00fcn bizim h\u0259rbi s\u0259naye el\u0259 s\u0259viyy\u0259y\u0259 \u00e7at\u0131b ki, t\u0259kc\u0259 daxili t\u0259l\u0259bi \u00f6d\u0259mir, m\u00fc\u0259yy\u0259n g\u0259lir g\u00f6t\u00fcr\u00fcr. Halbuki \u0259vv\u0259ll\u0259r nazirlik d\u00f6vl\u0259tin dotasiyas\u0131n\u0131 al\u0131rd\u0131, b\u00fcdc\u0259d\u0259n v\u0259sait ayr\u0131l\u0131rd\u0131\u201d, &#8211; dey\u0259\u00a0 \u015e.Ramaldanov bildirib.<\/p>\n<p>Qeyd ed\u0259k ki, Az\u0259rbaycan d\u00f6vl\u0259t ba\u015f\u00e7\u0131s\u0131n\u0131n \u201cAz\u0259rsilah\u201d A\u00e7\u0131q S\u0259hmdar C\u0259miyy\u0259tinin yarad\u0131lmas\u0131 haqq\u0131nda\u201d 14 yanvar 2019-cu il tarixli f\u0259rman\u0131na\u00a0\u0259sas\u0259n,\u00a0\u00f6lk\u0259d\u0259 d\u00f6vl\u0259t idar\u0259etm\u0259 strukturunu optimalla\u015fd\u0131rmaq, m\u00fcdafi\u0259 s\u0259nayesinin inki\u015faf\u0131n\u0131n dayan\u0131ql\u0131l\u0131\u011f\u0131n\u0131 t\u0259min etm\u0259k, bu sah\u0259d\u0259 idar\u0259etm\u0259 mexanizml\u0259rini daha da t\u0259kmill\u0259\u015fdirm\u0259k, habel\u0259 s\u0259nayel\u0259\u015fm\u0259nin yeni m\u0259rh\u0259l\u0259sind\u0259 m\u00f6vcud potensialdan s\u0259m\u0259r\u0259li istifad\u0259 etm\u0259kl\u0259 Az\u0259rbaycan\u0131n regionda silah istehsal ed\u0259n \u0259sas s\u0259naye m\u0259rk\u0259zl\u0259rind\u0259n birin\u0259 \u00e7evrilm\u0259sin\u0259 nail olmaq m\u0259qs\u0259dil\u0259 M\u00fcdafi\u0259 S\u0259nayesi Nazirliyinin \u0259sas\u0131nda \u201cAz\u0259rsilah\u201d ASC yarad\u0131l\u0131r.<\/p>\n<p>C\u0259miyy\u0259tin f\u0259aliyy\u0259tin\u0259 \u00fcmumi r\u0259hb\u0259rliyi v\u0259 n\u0259zar\u0259ti \u00fc\u00e7 \u00fczvd\u0259n \u2013 Az\u0259rbaycan Respublikas\u0131 prezidentinin v\u0259zif\u0259y\u0259 t\u0259yin v\u0259 v\u0259zif\u0259d\u0259n azad etdiyi \u0130dar\u0259 Hey\u0259tinin s\u0259drind\u0259n v\u0259 onun iki m\u00fcavinind\u0259n ibar\u0259t \u0130dar\u0259 Hey\u0259ti h\u0259yata ke\u00e7ir\u0259c\u0259k.<\/p>\n<p>Mahiyy\u0259t bax\u0131m\u0131ndan, \u201cAz\u0259rsilah\u201d ASC-nin yarad\u0131lmas\u0131\u00a0Az\u0259rbaycan prezidentinin yanvar\u0131n 11-d\u0259 2018-ci ilin sosial-iqtisadi inki\u015faf\u0131na dair yekunlar\u0131 v\u0259 qar\u015f\u0131ya qoyulan tap\u015f\u0131r\u0131qlarla ba\u011fl\u0131 Nazirl\u0259r Kabinetinin iclas\u0131nda elan etdiyi struktur islahatlar\u0131nda n\u0259z\u0259rd\u0259 tutulmu\u015fdu.<\/p>\n<p>\u201cHal-haz\u0131rda struktur islahatlar\u0131n\u0131n apar\u0131laca\u011f\u0131 g\u00f6zl\u0259nilir, bel\u0259 ki, idar\u0259\u00e7ilik strukturu art\u0131q k\u00f6hn\u0259lib. Yeni \u2013 daha \u00e7evik, daha kompakt v\u0259 daha m\u0259qs\u0259dy\u00f6nl\u00fc struktura ehtiyac var\u201d, &#8211; dey\u0259 \u0130.\u018fliyev bildirib.<\/p>\n<p>Bu arada, \u015e.Ramaldanov qeyd edib ki, yeni t\u0259\u015fkilat\u0131n a\u00e7\u0131q\u00a0 s\u0259hmdar c\u0259miyy\u0259t\u0259 \u00e7evrilm\u0259si il\u0259 onun strukturu da d\u0259yi\u015fib v\u0259 analitikl\u0259rin proqnozlar\u0131na g\u00f6r\u0259, bu idar\u0259\u00e7ilik f\u0259aliyy\u0259tini m\u00fck\u0259mm\u0259ll\u0259\u015fdirm\u0259y\u0259 v\u0259 sad\u0259l\u0259\u015fdirm\u0259y\u0259, s\u0259hml\u0259ri sat\u0131\u015fa \u00e7\u0131xarma\u011fa, \u0259lav\u0259 investisiya c\u0259lb etm\u0259y\u0259, m\u00fc\u0259yy\u0259n normativ s\u0259n\u0259dl\u0259ri n\u0259z\u0259r\u0259 almaqla, b\u00fcrokratik \u0259ng\u0259ll\u0259ri aradan qald\u0131rma\u011fa v\u0259 xarici korporasiyalarla \u0259m\u0259kda\u015fl\u0131\u011fa geni\u015f imkanlar yaradacaq.<\/p>\n<p>Ehtiyatda olan polkovnik beyn\u0259lxalq t\u0259cr\u00fcb\u0259d\u0259 h\u0259rbi m\u0259hsullar istehsal ed\u0259n m\u00fc\u0259ssis\u0259l\u0259rin s\u0259hmdar \u0259saslarda f\u0259aliyy\u0259t g\u00f6st\u0259rdiyin\u0259 diqq\u0259t \u00e7\u0259kib.<\/p>\n<p>O \u0259lav\u0259 edib ki, ASC-nin yarad\u0131lmas\u0131 h\u00f6kum\u0259tin bu sah\u0259ni \u201cba\u015fl\u0131-ba\u015f\u0131na\u201d buraxaca\u011f\u0131 anlam\u0131na g\u0259lm\u0259m\u0259lidir:\u00a0\u00fcmumi idar\u0259\u00e7ilik yen\u0259 d\u0259 d\u00f6vl\u0259tin \u00e7iyinl\u0259rin\u0259 d\u00fc\u015f\u0259c\u0259k, \u201cAz\u0259silah\u201d ASC-nin r\u0259hb\u0259rliyinin t\u0259yinat\u0131 is\u0259 prezidentin m\u00fcst\u0259sna s\u0259lahiyy\u0259tin\u0259 daxil olacaq.<\/p>\n","protected":false},"excerpt":{"rendered":"<p>M\u00fcdafi\u0259 s\u0259nayesind\u0259 apar\u0131lan islahatlar zamanla ayaqla\u015f\u0131r v\u0259 idar\u0259\u00e7ilik f\u0259aliyy\u0259tinin m\u00fck\u0259mm\u0259ll\u0259\u015fdirilm\u0259sin\u0259 y\u00f6n\u0259lib: bu islahatlar prezident\u00a0\u0130lham \u018fliyevin s\u0259r\u0259ncam\u0131 il\u0259 M\u00fcdafi\u0259 S\u0259nayesi Nazirliyinin bazas\u0131nda yarad\u0131lan \u201cAz\u0259rsilah\u201d ASC-nin\u00a0istehsal olunan v\u0259 sat\u0131lan h\u0259rbi t\u0259yinatl\u0131 m\u0259hsullardan d\u00f6vl\u0259t\u0259 m\u00fc\u0259yy\u0259n g\u0259lir qazand\u0131rmas\u0131na imkan ver\u0259c\u0259k. ARANTV.AZ\u00a0\u00a0Media.Az-a istinad\u0259n x\u0259b\u0259r verir ki, bu haqda h\u0259rbi analitik, ehtiyatda olan polkovnik\u00a0\u015eair Ramaldanov\u00a0a\u00e7\u0131qlama verib. Onun s\u00f6zl\u0259rin\u0259 g\u00f6r\u0259, h\u0259rbi s\u0259nayenin yarad\u0131lmas\u0131n\u0131n ilk\u00a0 m\u0259rh\u0259l\u0259sind\u0259\u00a0d\u00f6vl\u0259t bu d\u00f6vl\u0259t m\u00fc\u0259ssis\u0259sini dotasiya il\u0259 d\u0259st\u0259kl\u0259yirdi. \u0130ndi is\u0259 v\u0259ziyy\u0259t tamamil\u0259 d\u0259yi\u015fib. H\u0259rbi s\u0259naye t\u0259xmin\u0259n 200 adda h\u0259rbi t\u0259yinatl\u0131 m\u0259hsullar bazara \u00e7\u0131xar\u0131r. \u201cBu g\u00fcn bizim h\u0259rbi s\u0259naye el\u0259 s\u0259viyy\u0259y\u0259 \u00e7at\u0131b ki, t\u0259kc\u0259 daxili&hellip;<\/p>\n","protected":false},"author":2,"featured_media":33318,"comment_status":"closed","ping_status":"closed","sticky":false,"template":"","format":"standard","meta":{"om_disable_all_campaigns":false,"_monsterinsights_skip_tracking":false,"_monsterinsights_sitenote_active":false,"_monsterinsights_sitenote_note":"","_monsterinsights_sitenote_category":0},"categories":[19],"tags":[],"aioseo_notices":[],"gutentor_comment":0,"rttpg_featured_image_url":{"full":["https:\/\/arantv.az\/wp-content\/uploads\/2019\/01\/1547651775_14744356353232323.jpg",620,331,false],"landscape":["https:\/\/arantv.az\/wp-content\/uploads\/2019\/01\/1547651775_14744356353232323.jpg",620,331,false],"portraits":["https:\/\/arantv.az\/wp-content\/uploads\/2019\/01\/1547651775_14744356353232323.jpg",620,331,false],"thumbnail":["https:\/\/arantv.az\/wp-content\/uploads\/2019\/01\/1547651775_14744356353232323-150x150.jpg",150,150,true],"medium":["https:\/\/arantv.az\/wp-content\/uploads\/2019\/01\/1547651775_14744356353232323-300x160.jpg",300,160,true],"large":["https:\/\/arantv.az\/wp-content\/uploads\/2019\/01\/1547651775_14744356353232323.jpg",620,331,false],"1536x1536":["https:\/\/arantv.az\/wp-content\/uploads\/2019\/01\/1547651775_14744356353232323.jpg",620,331,false],"2048x2048":["https:\/\/arantv.az\/wp-content\/uploads\/2019\/01\/1547651775_14744356353232323.jpg",620,331,false],"post-thumbnail":["https:\/\/arantv.az\/wp-content\/uploads\/2019\/01\/1547651775_14744356353232323-240x172.jpg",240,172,true],"advps-thumb-one":["https:\/\/arantv.az\/wp-content\/uploads\/2019\/01\/1547651775_14744356353232323.jpg",620,331,false]},"rttpg_author":{"display_name":"V\u00fcsal Rafiqo\u011flu","author_link":"https:\/\/arantv.az\/?author=2"},"rttpg_comment":0,"rttpg_category":"<a href=\"https:\/\/arantv.az\/?cat=19\" rel=\"category\">G\u00fcnd\u0259m<\/a>","rttpg_excerpt":"M\u00fcdafi\u0259 s\u0259nayesind\u0259 apar\u0131lan islahatlar zamanla ayaqla\u015f\u0131r v\u0259 idar\u0259\u00e7ilik f\u0259aliyy\u0259tinin m\u00fck\u0259mm\u0259ll\u0259\u015fdirilm\u0259sin\u0259 y\u00f6n\u0259lib: bu islahatlar prezident\u00a0\u0130lham \u018fliyevin s\u0259r\u0259ncam\u0131 il\u0259 M\u00fcdafi\u0259 S\u0259nayesi Nazirliyinin bazas\u0131nda yarad\u0131lan \u201cAz\u0259rsilah\u201d ASC-nin\u00a0istehsal olunan v\u0259 sat\u0131lan h\u0259rbi t\u0259yinatl\u0131 m\u0259hsullardan d\u00f6vl\u0259t\u0259 m\u00fc\u0259yy\u0259n g\u0259lir qazand\u0131rmas\u0131na imkan ver\u0259c\u0259k. ARANTV.AZ\u00a0\u00a0Media.Az-a istinad\u0259n x\u0259b\u0259r verir ki, bu haqda h\u0259rbi analitik, ehtiyatda olan polkovnik\u00a0\u015eair Ramaldanov\u00a0a\u00e7\u0131qlama verib. Onun s\u00f6zl\u0259rin\u0259 g\u00f6r\u0259, h\u0259rbi s\u0259nayenin&hellip;","_links":{"self":[{"href":"https:\/\/arantv.az\/index.php?rest_route=\/wp\/v2\/posts\/33317"}],"collection":[{"href":"https:\/\/arantv.az\/index.php?rest_route=\/wp\/v2\/posts"}],"about":[{"href":"https:\/\/arantv.az\/index.php?rest_route=\/wp\/v2\/types\/post"}],"author":[{"embeddable":true,"href":"https:\/\/arantv.az\/index.php?rest_route=\/wp\/v2\/users\/2"}],"replies":[{"embeddable":true,"href":"https:\/\/arantv.az\/index.php?rest_route=%2Fwp%2Fv2%2Fcomments&post=33317"}],"version-history":[{"count":0,"href":"https:\/\/arantv.az\/index.php?rest_route=\/wp\/v2\/posts\/33317\/revisions"}],"wp:featuredmedia":[{"embeddable":true,"href":"https:\/\/arantv.az\/index.php?rest_route=\/wp\/v2\/media\/33318"}],"wp:attachment":[{"href":"https:\/\/arantv.az\/index.php?rest_route=%2Fwp%2Fv2%2Fmedia&parent=33317"}],"wp:term":[{"taxonomy":"category","embeddable":true,"href":"https:\/\/arantv.az\/index.php?rest_route=%2Fwp%2Fv2%2Fcategories&post=33317"},{"taxonomy":"post_tag","embeddable":true,"href":"https:\/\/arantv.az\/index.php?rest_route=%2Fwp%2Fv2%2Ftags&post=33317"}],"curies":[{"name":"wp","href":"https:\/\/api.w.org\/{rel}","templated":true}]}}