{"id":33329,"date":"2019-01-18T15:03:56","date_gmt":"2019-01-18T12:03:56","guid":{"rendered":"http:\/\/arantv.az\/?p=33329"},"modified":"2019-01-18T15:03:56","modified_gmt":"2019-01-18T12:03:56","slug":"qadin-millimiz-kayserid%c9%99-turkiy%c9%99-yigmasi-il%c9%99-birg%c9%99-hazirlasir-video","status":"publish","type":"post","link":"https:\/\/arantv.az\/?p=33329","title":{"rendered":"Qad\u0131n millimiz Kayserid\u0259 T\u00fcrkiy\u0259 y\u0131\u011fmas\u0131 il\u0259 birg\u0259 haz\u0131rla\u015f\u0131r &#8211; V\u0130DEO"},"content":{"rendered":"<p>Qad\u0131n g\u00fcl\u0259\u015f\u00e7il\u0259rd\u0259n ibar\u0259t y\u0131\u011fmam\u0131z 2019-cu ild\u0259 ilk t\u0259lim-m\u0259\u015fq toplan\u0131\u015f\u0131n\u0131 T\u00fcrkiy\u0259d\u0259 ke\u00e7ir.<\/p>\n<p><strong>ARANTV.AZ<\/strong>\u00a0 x\u0259b\u0259r verir ki, yanvar\u0131n 16-dan ba\u015f m\u0259\u015fq\u00e7i\u00a0<strong>Aslan A\u011fayev<\/strong>\u00a0v\u0259 m\u0259\u015fq\u00e7i\u00a0<strong>R\u00f6v\u015f\u0259n Umudov<\/strong>un r\u0259hb\u0259rliyi alt\u0131nda Kayserid\u0259 haz\u0131rl\u0131\u011fa start ver\u0259n millimiz ay\u0131n sonunad\u0259k burada fiziki haz\u0131rl\u0131\u011f\u0131 y\u00fcks\u0259ltm\u0259k istiqam\u0259tind\u0259 m\u0259\u015fql\u0259rini davam etdir\u0259c\u0259k.<\/p>\n<p>Toplan\u0131\u015f T\u00fcrkiy\u0259 v\u0259 Rum\u0131niya y\u0131\u011fmalar\u0131 il\u0259 birg\u0259 ke\u00e7irilir.<\/p>\n<div id=\"AdributorNativeVideo0\" class=\"AdributorNativeVideo\"><\/div>\n<p>Qeyd ed\u0259k ki, komandam\u0131z toplan\u0131\u015f\u0131 ba\u015fa vurduqdan sonra fevral\u0131n ilk g\u00fcnl\u0259rind\u0259 Fransan\u0131n Nitsa \u015f\u0259h\u0259rind\u0259 t\u0259\u015fkil olunacaq Qran-Prid\u0259 q\u00fcvv\u0259sini s\u0131nayacaq.<\/p>\n<div><iframe loading=\"lazy\" src=\"https:\/\/player.baku.tv\/embed\/6321\" width=\"560\" height=\"315\" frameborder=\"0\" allowfullscreen=\"allowfullscreen\" data-mce-fragment=\"1\"><\/iframe><\/div>\n<p>oxu.az<\/p>\n","protected":false},"excerpt":{"rendered":"<p>Qad\u0131n g\u00fcl\u0259\u015f\u00e7il\u0259rd\u0259n ibar\u0259t y\u0131\u011fmam\u0131z 2019-cu ild\u0259 ilk t\u0259lim-m\u0259\u015fq toplan\u0131\u015f\u0131n\u0131 T\u00fcrkiy\u0259d\u0259 ke\u00e7ir. ARANTV.AZ\u00a0 x\u0259b\u0259r verir ki, yanvar\u0131n 16-dan ba\u015f m\u0259\u015fq\u00e7i\u00a0Aslan A\u011fayev\u00a0v\u0259 m\u0259\u015fq\u00e7i\u00a0R\u00f6v\u015f\u0259n Umudovun r\u0259hb\u0259rliyi alt\u0131nda Kayserid\u0259 haz\u0131rl\u0131\u011fa start ver\u0259n millimiz ay\u0131n sonunad\u0259k burada fiziki haz\u0131rl\u0131\u011f\u0131 y\u00fcks\u0259ltm\u0259k istiqam\u0259tind\u0259 m\u0259\u015fql\u0259rini davam etdir\u0259c\u0259k. Toplan\u0131\u015f T\u00fcrkiy\u0259 v\u0259 Rum\u0131niya y\u0131\u011fmalar\u0131 il\u0259 birg\u0259 ke\u00e7irilir. Qeyd ed\u0259k ki, komandam\u0131z toplan\u0131\u015f\u0131 ba\u015fa vurduqdan sonra fevral\u0131n ilk g\u00fcnl\u0259rind\u0259 Fransan\u0131n Nitsa \u015f\u0259h\u0259rind\u0259 t\u0259\u015fkil olunacaq Qran-Prid\u0259 q\u00fcvv\u0259sini s\u0131nayacaq. oxu.az<\/p>\n","protected":false},"author":2,"featured_media":33330,"comment_status":"closed","ping_status":"closed","sticky":false,"template":"","format":"standard","meta":{"om_disable_all_campaigns":false,"_monsterinsights_skip_tracking":false,"_monsterinsights_sitenote_active":false,"_monsterinsights_sitenote_note":"","_monsterinsights_sitenote_category":0},"categories":[6],"tags":[],"aioseo_notices":[],"gutentor_comment":0,"rttpg_featured_image_url":{"full":["https:\/\/arantv.az\/wp-content\/uploads\/2019\/01\/qad_kay-23626-920-485-100-wm-right_bottom-100-imageswmpng.jpg",620,465,false],"landscape":["https:\/\/arantv.az\/wp-content\/uploads\/2019\/01\/qad_kay-23626-920-485-100-wm-right_bottom-100-imageswmpng.jpg",620,465,false],"portraits":["https:\/\/arantv.az\/wp-content\/uploads\/2019\/01\/qad_kay-23626-920-485-100-wm-right_bottom-100-imageswmpng.jpg",620,465,false],"thumbnail":["https:\/\/arantv.az\/wp-content\/uploads\/2019\/01\/qad_kay-23626-920-485-100-wm-right_bottom-100-imageswmpng-150x150.jpg",150,150,true],"medium":["https:\/\/arantv.az\/wp-content\/uploads\/2019\/01\/qad_kay-23626-920-485-100-wm-right_bottom-100-imageswmpng-300x225.jpg",300,225,true],"large":["https:\/\/arantv.az\/wp-content\/uploads\/2019\/01\/qad_kay-23626-920-485-100-wm-right_bottom-100-imageswmpng.jpg",620,465,false],"1536x1536":["https:\/\/arantv.az\/wp-content\/uploads\/2019\/01\/qad_kay-23626-920-485-100-wm-right_bottom-100-imageswmpng.jpg",620,465,false],"2048x2048":["https:\/\/arantv.az\/wp-content\/uploads\/2019\/01\/qad_kay-23626-920-485-100-wm-right_bottom-100-imageswmpng.jpg",620,465,false],"post-thumbnail":["https:\/\/arantv.az\/wp-content\/uploads\/2019\/01\/qad_kay-23626-920-485-100-wm-right_bottom-100-imageswmpng-240x172.jpg",240,172,true],"advps-thumb-one":["https:\/\/arantv.az\/wp-content\/uploads\/2019\/01\/qad_kay-23626-920-485-100-wm-right_bottom-100-imageswmpng.jpg",620,465,false]},"rttpg_author":{"display_name":"V\u00fcsal Rafiqo\u011flu","author_link":"https:\/\/arantv.az\/?author=2"},"rttpg_comment":0,"rttpg_category":"<a href=\"https:\/\/arantv.az\/?cat=6\" rel=\"category\">\u0130dman<\/a>","rttpg_excerpt":"Qad\u0131n g\u00fcl\u0259\u015f\u00e7il\u0259rd\u0259n ibar\u0259t y\u0131\u011fmam\u0131z 2019-cu ild\u0259 ilk t\u0259lim-m\u0259\u015fq toplan\u0131\u015f\u0131n\u0131 T\u00fcrkiy\u0259d\u0259 ke\u00e7ir. ARANTV.AZ\u00a0 x\u0259b\u0259r verir ki, yanvar\u0131n 16-dan ba\u015f m\u0259\u015fq\u00e7i\u00a0Aslan A\u011fayev\u00a0v\u0259 m\u0259\u015fq\u00e7i\u00a0R\u00f6v\u015f\u0259n Umudovun r\u0259hb\u0259rliyi alt\u0131nda Kayserid\u0259 haz\u0131rl\u0131\u011fa start ver\u0259n millimiz ay\u0131n sonunad\u0259k burada fiziki haz\u0131rl\u0131\u011f\u0131 y\u00fcks\u0259ltm\u0259k istiqam\u0259tind\u0259 m\u0259\u015fql\u0259rini davam etdir\u0259c\u0259k. Toplan\u0131\u015f T\u00fcrkiy\u0259 v\u0259 Rum\u0131niya y\u0131\u011fmalar\u0131 il\u0259 birg\u0259 ke\u00e7irilir. Qeyd ed\u0259k ki, komandam\u0131z toplan\u0131\u015f\u0131 ba\u015fa vurduqdan sonra&hellip;","_links":{"self":[{"href":"https:\/\/arantv.az\/index.php?rest_route=\/wp\/v2\/posts\/33329"}],"collection":[{"href":"https:\/\/arantv.az\/index.php?rest_route=\/wp\/v2\/posts"}],"about":[{"href":"https:\/\/arantv.az\/index.php?rest_route=\/wp\/v2\/types\/post"}],"author":[{"embeddable":true,"href":"https:\/\/arantv.az\/index.php?rest_route=\/wp\/v2\/users\/2"}],"replies":[{"embeddable":true,"href":"https:\/\/arantv.az\/index.php?rest_route=%2Fwp%2Fv2%2Fcomments&post=33329"}],"version-history":[{"count":0,"href":"https:\/\/arantv.az\/index.php?rest_route=\/wp\/v2\/posts\/33329\/revisions"}],"wp:featuredmedia":[{"embeddable":true,"href":"https:\/\/arantv.az\/index.php?rest_route=\/wp\/v2\/media\/33330"}],"wp:attachment":[{"href":"https:\/\/arantv.az\/index.php?rest_route=%2Fwp%2Fv2%2Fmedia&parent=33329"}],"wp:term":[{"taxonomy":"category","embeddable":true,"href":"https:\/\/arantv.az\/index.php?rest_route=%2Fwp%2Fv2%2Fcategories&post=33329"},{"taxonomy":"post_tag","embeddable":true,"href":"https:\/\/arantv.az\/index.php?rest_route=%2Fwp%2Fv2%2Ftags&post=33329"}],"curies":[{"name":"wp","href":"https:\/\/api.w.org\/{rel}","templated":true}]}}