{"id":33338,"date":"2019-01-18T15:06:55","date_gmt":"2019-01-18T12:06:55","guid":{"rendered":"http:\/\/arantv.az\/?p=33338"},"modified":"2019-01-18T15:06:55","modified_gmt":"2019-01-18T12:06:55","slug":"ana-baci-sohb%c9%99ti-bir-g%c9%99nci-h%c9%99bs%c9%99-birini-q%c9%99br%c9%99-gond%c9%99rdi-m%c9%99hk%c9%99m%c9%99","status":"publish","type":"post","link":"https:\/\/arantv.az\/?p=33338","title":{"rendered":"\u201cAna-bac\u0131\u201d s\u00f6hb\u0259ti bir g\u0259nci h\u0259bs\u0259, birini q\u0259br\u0259 g\u00f6nd\u0259rdi &#8211; M\u018fHK\u018fM\u018f"},"content":{"rendered":"<p>Bak\u0131 A\u011f\u0131r Cinay\u0259tl\u0259r M\u0259hk\u0259m\u0259sind\u0259 q\u0259tl t\u00f6r\u0259tm\u0259kd\u0259 t\u0259qsirl\u0259ndiril\u0259n 1998-ci il t\u0259v\u0259ll\u00fcdl\u00fc\u00a0<strong>Emil Heyd\u0259rov<\/strong>un cinay\u0259t i\u015fi \u00fczr\u0259 m\u0259hk\u0259m\u0259 prosesi ba\u015fa \u00e7at\u0131b.<\/p>\n<p><b>ARANTV.AZ<\/b>-\u0131n x\u0259b\u0259rin\u0259 g\u00f6r\u0259, hakim\u00a0<strong>\u018fli\u00f6vs\u0259t\u00a0Abbasov<\/strong>un s\u0259drliyi il\u0259 ke\u00e7iril\u0259n prosesd\u0259 h\u00f6km oxunub.<\/p>\n<p>H\u00f6km\u0259 \u0259sas\u0259n, E.Heyd\u0259rov 17 il m\u00fcdd\u0259tin\u0259 azadl\u0131qdan m\u0259hrum edilib.<\/p>\n<div id=\"AdributorNativeVideo0\" class=\"AdributorNativeVideo\"><\/div>\n<p>Qeyd ed\u0259k ki, q\u0259tl hadis\u0259si \u00f6t\u0259n ilin dekabr ay\u0131n\u0131n 18-d\u0259 Sabun\u00e7u rayonunda ba\u015f verib. Emil Heyd\u0259rov Sabun\u00e7u q\u0259s\u0259b\u0259 sakini\u00a0<strong>Nicat H\u0259ziyev<\/strong>i q\u0259tl\u0259 yetirib.<\/p>\n<p>Sabun\u00e7u Rayon Polis \u0130dar\u0259sinin (RP\u0130) 12-ci polis b\u00f6lm\u0259sinin (PB) \u0259m\u0259kda\u015flar\u0131n\u0131n ke\u00e7irdikl\u0259ri \u0259m\u0259liyyat-axtar\u0131\u015f t\u0259dbirl\u0259ri n\u0259tic\u0259sind\u0259 \u0259vv\u0259ll\u0259r m\u0259hkum olunmu\u015f E.Heyd\u0259rov saxlan\u0131l\u0131b. M\u0259lumata g\u00f6r\u0259, 19 ya\u015fl\u0131 E.Heyd\u0259rov q\u0259tl\u0259 yetirdiyi 1992-ci il t\u0259v\u0259ll\u00fcdl\u00fc H\u0259ziyev Nicat Qulam o\u011flu il\u0259 bir m\u0259h\u0259ll\u0259d\u0259 ya\u015fay\u0131b.<\/p>\n<p>Polis t\u0259r\u0259find\u0259n saxlan\u0131lan E.Heyd\u0259rov bildirib ki, \u00f6z\u00fcnd\u0259n alt\u0131 ya\u015f b\u00f6y\u00fck N.H\u0259ziyevi m\u00fcbahis\u0259 z\u0259minind\u0259 \u00f6ld\u00fcr\u00fcb.<\/p>\n<p>O deyib ki, N.H\u0259ziyevin qarda\u015f\u0131n\u0131n b\u0259zi h\u0259r\u0259k\u0259tl\u0259rind\u0259n xo\u015fu g\u0259lm\u0259yib. Bel\u0259 ki, 25 ya\u015fl\u0131 N.H\u0259ziyevin qarda\u015f\u0131 m\u0259h\u0259ll\u0259d\u0259, evl\u0259rinin qar\u015f\u0131s\u0131nda q\u0131zla \u00f6p\u00fc\u015f\u00fcb. Bunu g\u00f6r\u0259n E.Heyd\u0259rov h\u0259min \u015f\u0259xs\u0259 \u201cham\u0131m\u0131z\u0131n ana-bac\u0131s\u0131 var, bel\u0259 h\u0259r\u0259k\u0259tl\u0259r laz\u0131m deyil\u201d\u00a0kimi irad bildirib.<\/p>\n<p>Bundan sonra s\u00f6hb\u0259td\u0259n N.H\u0259ziyev x\u0259b\u0259r tutub v\u0259 E.Heyd\u0259rovla s\u00f6hb\u0259t\u0259 g\u0259lib. N\u0259tic\u0259d\u0259, E.Heyd\u0259rov N.H\u0259ziyevi b\u0131\u00e7aqlayaraq q\u0259tl\u0259 yetirib.<\/p>\n<p>E.Heyd\u0259rova qar\u015f\u0131 Cinay\u0259t M\u0259c\u0259ll\u0259sinin 120.2.2-ci (xuliqanl\u0131q niyy\u0259ti il\u0259 q\u0259sd\u0259n adam \u00f6ld\u00fcrm\u0259) v\u0259 228-ci (qanunsuz olaraq soyuq silah saxlama) madd\u0259l\u0259ri il\u0259 ittiham ir\u0259li s\u00fcr\u00fcl\u00fcb.oxu.az<\/p>\n","protected":false},"excerpt":{"rendered":"<p>Bak\u0131 A\u011f\u0131r Cinay\u0259tl\u0259r M\u0259hk\u0259m\u0259sind\u0259 q\u0259tl t\u00f6r\u0259tm\u0259kd\u0259 t\u0259qsirl\u0259ndiril\u0259n 1998-ci il t\u0259v\u0259ll\u00fcdl\u00fc\u00a0Emil Heyd\u0259rovun cinay\u0259t i\u015fi \u00fczr\u0259 m\u0259hk\u0259m\u0259 prosesi ba\u015fa \u00e7at\u0131b. ARANTV.AZ-\u0131n x\u0259b\u0259rin\u0259 g\u00f6r\u0259, hakim\u00a0\u018fli\u00f6vs\u0259t\u00a0Abbasovun s\u0259drliyi il\u0259 ke\u00e7iril\u0259n prosesd\u0259 h\u00f6km oxunub. H\u00f6km\u0259 \u0259sas\u0259n, E.Heyd\u0259rov 17 il m\u00fcdd\u0259tin\u0259 azadl\u0131qdan m\u0259hrum edilib. Qeyd ed\u0259k ki, q\u0259tl hadis\u0259si \u00f6t\u0259n ilin dekabr ay\u0131n\u0131n 18-d\u0259 Sabun\u00e7u rayonunda ba\u015f verib. Emil Heyd\u0259rov Sabun\u00e7u q\u0259s\u0259b\u0259 sakini\u00a0Nicat H\u0259ziyevi q\u0259tl\u0259 yetirib. Sabun\u00e7u Rayon Polis \u0130dar\u0259sinin (RP\u0130) 12-ci polis b\u00f6lm\u0259sinin (PB) \u0259m\u0259kda\u015flar\u0131n\u0131n ke\u00e7irdikl\u0259ri \u0259m\u0259liyyat-axtar\u0131\u015f t\u0259dbirl\u0259ri n\u0259tic\u0259sind\u0259 \u0259vv\u0259ll\u0259r m\u0259hkum olunmu\u015f E.Heyd\u0259rov saxlan\u0131l\u0131b. M\u0259lumata g\u00f6r\u0259, 19 ya\u015fl\u0131 E.Heyd\u0259rov q\u0259tl\u0259 yetirdiyi 1992-ci il t\u0259v\u0259ll\u00fcdl\u00fc H\u0259ziyev Nicat&hellip;<\/p>\n","protected":false},"author":2,"featured_media":33339,"comment_status":"closed","ping_status":"closed","sticky":false,"template":"","format":"standard","meta":{"om_disable_all_campaigns":false,"_monsterinsights_skip_tracking":false,"_monsterinsights_sitenote_active":false,"_monsterinsights_sitenote_note":"","_monsterinsights_sitenote_category":0},"categories":[1],"tags":[],"aioseo_notices":[],"gutentor_comment":0,"rttpg_featured_image_url":{"full":["https:\/\/arantv.az\/wp-content\/uploads\/2019\/01\/2-43705.jpg",604,405,false],"landscape":["https:\/\/arantv.az\/wp-content\/uploads\/2019\/01\/2-43705.jpg",604,405,false],"portraits":["https:\/\/arantv.az\/wp-content\/uploads\/2019\/01\/2-43705.jpg",604,405,false],"thumbnail":["https:\/\/arantv.az\/wp-content\/uploads\/2019\/01\/2-43705-150x150.jpg",150,150,true],"medium":["https:\/\/arantv.az\/wp-content\/uploads\/2019\/01\/2-43705-300x201.jpg",300,201,true],"large":["https:\/\/arantv.az\/wp-content\/uploads\/2019\/01\/2-43705.jpg",604,405,false],"1536x1536":["https:\/\/arantv.az\/wp-content\/uploads\/2019\/01\/2-43705.jpg",604,405,false],"2048x2048":["https:\/\/arantv.az\/wp-content\/uploads\/2019\/01\/2-43705.jpg",604,405,false],"post-thumbnail":["https:\/\/arantv.az\/wp-content\/uploads\/2019\/01\/2-43705-240x172.jpg",240,172,true],"advps-thumb-one":["https:\/\/arantv.az\/wp-content\/uploads\/2019\/01\/2-43705.jpg",604,405,false]},"rttpg_author":{"display_name":"V\u00fcsal Rafiqo\u011flu","author_link":"https:\/\/arantv.az\/?author=2"},"rttpg_comment":0,"rttpg_category":"<a href=\"https:\/\/arantv.az\/?cat=1\" rel=\"category\">C\u0259miyy\u0259t<\/a>","rttpg_excerpt":"Bak\u0131 A\u011f\u0131r Cinay\u0259tl\u0259r M\u0259hk\u0259m\u0259sind\u0259 q\u0259tl t\u00f6r\u0259tm\u0259kd\u0259 t\u0259qsirl\u0259ndiril\u0259n 1998-ci il t\u0259v\u0259ll\u00fcdl\u00fc\u00a0Emil Heyd\u0259rovun cinay\u0259t i\u015fi \u00fczr\u0259 m\u0259hk\u0259m\u0259 prosesi ba\u015fa \u00e7at\u0131b. ARANTV.AZ-\u0131n x\u0259b\u0259rin\u0259 g\u00f6r\u0259, hakim\u00a0\u018fli\u00f6vs\u0259t\u00a0Abbasovun s\u0259drliyi il\u0259 ke\u00e7iril\u0259n prosesd\u0259 h\u00f6km oxunub. H\u00f6km\u0259 \u0259sas\u0259n, E.Heyd\u0259rov 17 il m\u00fcdd\u0259tin\u0259 azadl\u0131qdan m\u0259hrum edilib. Qeyd ed\u0259k ki, q\u0259tl hadis\u0259si \u00f6t\u0259n ilin dekabr ay\u0131n\u0131n 18-d\u0259 Sabun\u00e7u rayonunda ba\u015f verib. Emil Heyd\u0259rov Sabun\u00e7u q\u0259s\u0259b\u0259&hellip;","_links":{"self":[{"href":"https:\/\/arantv.az\/index.php?rest_route=\/wp\/v2\/posts\/33338"}],"collection":[{"href":"https:\/\/arantv.az\/index.php?rest_route=\/wp\/v2\/posts"}],"about":[{"href":"https:\/\/arantv.az\/index.php?rest_route=\/wp\/v2\/types\/post"}],"author":[{"embeddable":true,"href":"https:\/\/arantv.az\/index.php?rest_route=\/wp\/v2\/users\/2"}],"replies":[{"embeddable":true,"href":"https:\/\/arantv.az\/index.php?rest_route=%2Fwp%2Fv2%2Fcomments&post=33338"}],"version-history":[{"count":0,"href":"https:\/\/arantv.az\/index.php?rest_route=\/wp\/v2\/posts\/33338\/revisions"}],"wp:featuredmedia":[{"embeddable":true,"href":"https:\/\/arantv.az\/index.php?rest_route=\/wp\/v2\/media\/33339"}],"wp:attachment":[{"href":"https:\/\/arantv.az\/index.php?rest_route=%2Fwp%2Fv2%2Fmedia&parent=33338"}],"wp:term":[{"taxonomy":"category","embeddable":true,"href":"https:\/\/arantv.az\/index.php?rest_route=%2Fwp%2Fv2%2Fcategories&post=33338"},{"taxonomy":"post_tag","embeddable":true,"href":"https:\/\/arantv.az\/index.php?rest_route=%2Fwp%2Fv2%2Ftags&post=33338"}],"curies":[{"name":"wp","href":"https:\/\/api.w.org\/{rel}","templated":true}]}}