{"id":33344,"date":"2019-01-18T15:10:16","date_gmt":"2019-01-18T12:10:16","guid":{"rendered":"http:\/\/arantv.az\/?p=33344"},"modified":"2019-01-18T15:10:16","modified_gmt":"2019-01-18T12:10:16","slug":"ilham-%c9%99liyev-davos-forumunda-cixis-ed%c9%99c%c9%99k","status":"publish","type":"post","link":"https:\/\/arantv.az\/?p=33344","title":{"rendered":"\u0130lham \u018fliyev Davos forumunda \u00e7\u0131x\u0131\u015f ed\u0259c\u0259k"},"content":{"rendered":"<p>Az\u0259rbaycan prezidenti<strong>\u00a0\u0130lham \u018fliyev\u00a0<\/strong>22-25 yanvar tarixl\u0259rind\u0259 \u0130sve\u00e7r\u0259d\u0259 ke\u00e7iril\u0259c\u0259k D\u00fcnya \u0130qtisadi Forumda (Davos) i\u015ftirak ed\u0259c\u0259k.<\/p>\n<p><b>ARANTV.AZ <\/b>oxu.az-a\u00a0istinad\u0259n x\u0259b\u0259r verir ki, Az\u0259rbaycan\u0131n d\u00f6vl\u0259t ba\u015f\u00e7\u0131s\u0131 \u201cBir k\u0259m\u0259r, \u00a0bir yol\u201d t\u0259\u015f\u0259bb\u00fcs\u00fcn\u00fcn t\u0259r\u0259qqisi. \u00c7inin milyard dollarl\u0131q bax\u0131\u015f\u0131\u201d sessiyas\u0131nda \u00e7\u0131x\u0131\u015f ed\u0259c\u0259k.<\/p>\n<p>Forumun g\u00fcnd\u0259liyind\u0259 \u201cproblemli borc riskl\u0259ri\u201d, \u201cdavaml\u0131 inki\u015faf imkanlar\u0131\u201d v\u0259 \u201cbeyn\u0259lxalq ictimaiyy\u0259tl\u0259\u201d \u0259m\u0259kda\u015fl\u0131q kimi\u00a0m\u00f6vzular yer alacaq.<\/p>\n<div id=\"AdributorNativeVideo0\" class=\"AdributorNativeVideo\"><\/div>\n<p>\u0130.\u018fliyevd\u0259n savay\u0131, sessiyada Sinqapurun maliyy\u0259 naziri Hen Svi Kit v\u0259 n\u00fcfuzlu \u00c7in dair\u0259l\u0259rinin n\u00fcmay\u0259nd\u0259l\u0259ri \u2013 \u201cChina Global Television Network\u201d (CGTN), \u201cChina Poly Group Corporation\u201d v\u0259 \u00dcmum\u00e7in s\u0259naye v\u0259 ticar\u0259t federasiyas\u0131 (ACFIC) r\u0259hb\u0259rl\u0259rinin \u00e7\u0131x\u0131\u015f\u0131 g\u00f6zl\u0259nilir.<\/p>\n<p>H\u0259r il ke\u00e7iril\u0259n Davos forumunda d\u00fcnyan\u0131n siyasi v\u0259 i\u015fg\u00fczar elitalar\u0131n n\u00fcmay\u0259nd\u0259l\u0259ri,\u00a0 o c\u00fcml\u0259d\u0259n, siyasi liderl\u0259r, biznesmenl\u0259r, qeyri-h\u00f6kum\u0259t t\u0259\u015fkilatlar\u0131 t\u0259msil\u00e7il\u0259ri, elmi dair\u0259l\u0259r, tan\u0131nm\u0131\u015f jurnalist v\u0259 m\u0259d\u0259ni xadiml\u0259r bir araya g\u0259lir. N\u00f6vb\u0259ti \u0259n\u0259n\u0259vi g\u00f6r\u00fc\u015f yanvar\u0131n 22-d\u0259n 25-n\u0259 kimi ke\u00e7iril\u0259c\u0259k v\u0259 D\u00f6rd\u00fcnc\u00fc s\u0259naye inqilab\u0131 d\u00f6vr\u00fcnd\u0259 qloballa\u015fma v\u0259 d\u0259yi\u015fiklikl\u0259rl\u0259 ba\u011fl\u0131 probleml\u0259r\u0259 h\u0259sr olunacaq.<\/p>\n","protected":false},"excerpt":{"rendered":"<p>Az\u0259rbaycan prezidenti\u00a0\u0130lham \u018fliyev\u00a022-25 yanvar tarixl\u0259rind\u0259 \u0130sve\u00e7r\u0259d\u0259 ke\u00e7iril\u0259c\u0259k D\u00fcnya \u0130qtisadi Forumda (Davos) i\u015ftirak ed\u0259c\u0259k. ARANTV.AZ oxu.az-a\u00a0istinad\u0259n x\u0259b\u0259r verir ki, Az\u0259rbaycan\u0131n d\u00f6vl\u0259t ba\u015f\u00e7\u0131s\u0131 \u201cBir k\u0259m\u0259r, \u00a0bir yol\u201d t\u0259\u015f\u0259bb\u00fcs\u00fcn\u00fcn t\u0259r\u0259qqisi. \u00c7inin milyard dollarl\u0131q bax\u0131\u015f\u0131\u201d sessiyas\u0131nda \u00e7\u0131x\u0131\u015f ed\u0259c\u0259k. Forumun g\u00fcnd\u0259liyind\u0259 \u201cproblemli borc riskl\u0259ri\u201d, \u201cdavaml\u0131 inki\u015faf imkanlar\u0131\u201d v\u0259 \u201cbeyn\u0259lxalq ictimaiyy\u0259tl\u0259\u201d \u0259m\u0259kda\u015fl\u0131q kimi\u00a0m\u00f6vzular yer alacaq. \u0130.\u018fliyevd\u0259n savay\u0131, sessiyada Sinqapurun maliyy\u0259 naziri Hen Svi Kit v\u0259 n\u00fcfuzlu \u00c7in dair\u0259l\u0259rinin n\u00fcmay\u0259nd\u0259l\u0259ri \u2013 \u201cChina Global Television Network\u201d (CGTN), \u201cChina Poly Group Corporation\u201d v\u0259 \u00dcmum\u00e7in s\u0259naye v\u0259 ticar\u0259t federasiyas\u0131 (ACFIC) r\u0259hb\u0259rl\u0259rinin \u00e7\u0131x\u0131\u015f\u0131 g\u00f6zl\u0259nilir. H\u0259r il ke\u00e7iril\u0259n Davos forumunda d\u00fcnyan\u0131n siyasi&hellip;<\/p>\n","protected":false},"author":2,"featured_media":33345,"comment_status":"closed","ping_status":"closed","sticky":false,"template":"","format":"standard","meta":{"om_disable_all_campaigns":false,"_monsterinsights_skip_tracking":false,"_monsterinsights_sitenote_active":false,"_monsterinsights_sitenote_note":"","_monsterinsights_sitenote_category":0},"categories":[8],"tags":[],"aioseo_notices":[],"gutentor_comment":0,"rttpg_featured_image_url":{"full":["https:\/\/arantv.az\/wp-content\/uploads\/2019\/01\/Azerbaijani_President_Ilham_Aliyev_attended_Strategic_Outlook_Eurasia_session_during_World_Economic_Forum_2018_in_Davos.jpg",620,421,false],"landscape":["https:\/\/arantv.az\/wp-content\/uploads\/2019\/01\/Azerbaijani_President_Ilham_Aliyev_attended_Strategic_Outlook_Eurasia_session_during_World_Economic_Forum_2018_in_Davos.jpg",620,421,false],"portraits":["https:\/\/arantv.az\/wp-content\/uploads\/2019\/01\/Azerbaijani_President_Ilham_Aliyev_attended_Strategic_Outlook_Eurasia_session_during_World_Economic_Forum_2018_in_Davos.jpg",620,421,false],"thumbnail":["https:\/\/arantv.az\/wp-content\/uploads\/2019\/01\/Azerbaijani_President_Ilham_Aliyev_attended_Strategic_Outlook_Eurasia_session_during_World_Economic_Forum_2018_in_Davos-150x150.jpg",150,150,true],"medium":["https:\/\/arantv.az\/wp-content\/uploads\/2019\/01\/Azerbaijani_President_Ilham_Aliyev_attended_Strategic_Outlook_Eurasia_session_during_World_Economic_Forum_2018_in_Davos-300x204.jpg",300,204,true],"large":["https:\/\/arantv.az\/wp-content\/uploads\/2019\/01\/Azerbaijani_President_Ilham_Aliyev_attended_Strategic_Outlook_Eurasia_session_during_World_Economic_Forum_2018_in_Davos.jpg",620,421,false],"1536x1536":["https:\/\/arantv.az\/wp-content\/uploads\/2019\/01\/Azerbaijani_President_Ilham_Aliyev_attended_Strategic_Outlook_Eurasia_session_during_World_Economic_Forum_2018_in_Davos.jpg",620,421,false],"2048x2048":["https:\/\/arantv.az\/wp-content\/uploads\/2019\/01\/Azerbaijani_President_Ilham_Aliyev_attended_Strategic_Outlook_Eurasia_session_during_World_Economic_Forum_2018_in_Davos.jpg",620,421,false],"post-thumbnail":["https:\/\/arantv.az\/wp-content\/uploads\/2019\/01\/Azerbaijani_President_Ilham_Aliyev_attended_Strategic_Outlook_Eurasia_session_during_World_Economic_Forum_2018_in_Davos-240x172.jpg",240,172,true],"advps-thumb-one":["https:\/\/arantv.az\/wp-content\/uploads\/2019\/01\/Azerbaijani_President_Ilham_Aliyev_attended_Strategic_Outlook_Eurasia_session_during_World_Economic_Forum_2018_in_Davos.jpg",620,421,false]},"rttpg_author":{"display_name":"V\u00fcsal Rafiqo\u011flu","author_link":"https:\/\/arantv.az\/?author=2"},"rttpg_comment":0,"rttpg_category":"<a href=\"https:\/\/arantv.az\/?cat=8\" rel=\"category\">\u018fsas s\u0259hif\u0259<\/a>","rttpg_excerpt":"Az\u0259rbaycan prezidenti\u00a0\u0130lham \u018fliyev\u00a022-25 yanvar tarixl\u0259rind\u0259 \u0130sve\u00e7r\u0259d\u0259 ke\u00e7iril\u0259c\u0259k D\u00fcnya \u0130qtisadi Forumda (Davos) i\u015ftirak ed\u0259c\u0259k. ARANTV.AZ oxu.az-a\u00a0istinad\u0259n x\u0259b\u0259r verir ki, Az\u0259rbaycan\u0131n d\u00f6vl\u0259t ba\u015f\u00e7\u0131s\u0131 \u201cBir k\u0259m\u0259r, \u00a0bir yol\u201d t\u0259\u015f\u0259bb\u00fcs\u00fcn\u00fcn t\u0259r\u0259qqisi. \u00c7inin milyard dollarl\u0131q bax\u0131\u015f\u0131\u201d sessiyas\u0131nda \u00e7\u0131x\u0131\u015f ed\u0259c\u0259k. Forumun g\u00fcnd\u0259liyind\u0259 \u201cproblemli borc riskl\u0259ri\u201d, \u201cdavaml\u0131 inki\u015faf imkanlar\u0131\u201d v\u0259 \u201cbeyn\u0259lxalq ictimaiyy\u0259tl\u0259\u201d \u0259m\u0259kda\u015fl\u0131q kimi\u00a0m\u00f6vzular yer alacaq. \u0130.\u018fliyevd\u0259n savay\u0131, sessiyada Sinqapurun maliyy\u0259 naziri&hellip;","_links":{"self":[{"href":"https:\/\/arantv.az\/index.php?rest_route=\/wp\/v2\/posts\/33344"}],"collection":[{"href":"https:\/\/arantv.az\/index.php?rest_route=\/wp\/v2\/posts"}],"about":[{"href":"https:\/\/arantv.az\/index.php?rest_route=\/wp\/v2\/types\/post"}],"author":[{"embeddable":true,"href":"https:\/\/arantv.az\/index.php?rest_route=\/wp\/v2\/users\/2"}],"replies":[{"embeddable":true,"href":"https:\/\/arantv.az\/index.php?rest_route=%2Fwp%2Fv2%2Fcomments&post=33344"}],"version-history":[{"count":0,"href":"https:\/\/arantv.az\/index.php?rest_route=\/wp\/v2\/posts\/33344\/revisions"}],"wp:featuredmedia":[{"embeddable":true,"href":"https:\/\/arantv.az\/index.php?rest_route=\/wp\/v2\/media\/33345"}],"wp:attachment":[{"href":"https:\/\/arantv.az\/index.php?rest_route=%2Fwp%2Fv2%2Fmedia&parent=33344"}],"wp:term":[{"taxonomy":"category","embeddable":true,"href":"https:\/\/arantv.az\/index.php?rest_route=%2Fwp%2Fv2%2Fcategories&post=33344"},{"taxonomy":"post_tag","embeddable":true,"href":"https:\/\/arantv.az\/index.php?rest_route=%2Fwp%2Fv2%2Ftags&post=33344"}],"curies":[{"name":"wp","href":"https:\/\/api.w.org\/{rel}","templated":true}]}}