{"id":33350,"date":"2019-01-18T15:17:46","date_gmt":"2019-01-18T12:17:46","guid":{"rendered":"http:\/\/arantv.az\/?p=33350"},"modified":"2019-01-18T15:17:46","modified_gmt":"2019-01-18T12:17:46","slug":"komit%c9%99-s%c9%99dri-faktlari-acdi-orqan-transplantasiyasina-ehtiyaci-olan-insanlar","status":"publish","type":"post","link":"https:\/\/arantv.az\/?p=33350","title":{"rendered":"Komit\u0259 s\u0259dri faktlar\u0131 a\u00e7d\u0131: &#8220;Orqan transplantasiyas\u0131na ehtiyac\u0131 olan insanlar&#8230;&#8221;"},"content":{"rendered":"<p>&#8220;Reproduktiv sa\u011flaml\u0131q haqq\u0131nda&#8221;, &#8220;\u0130nsan orqanlar\u0131n\u0131n donorlu\u011fu v\u0259 transplantasiyas\u0131 haqq\u0131nda, &#8220;Optika v\u0259 optika\u00e7\u0131l\u0131q haqq\u0131nda qanun layih\u0259l\u0259rinin parlamentin yaz sessiyas\u0131n\u0131n m\u00fczakir\u0259sin\u0259 \u00e7\u0131xar\u0131lmas\u0131 n\u0259z\u0259rd\u0259 tutulur&#8221;.<\/p>\n<p><strong>ARANTV.AZ<\/strong> trend-\u0259 istinad\u0259n x\u0259b\u0259r verir ki, bunu Milli M\u0259clisin S\u0259hiyy\u0259 komit\u0259sinin s\u0259dri\u00a0<strong>\u018fhliman \u018fmiraslanov<\/strong>\u00a0komit\u0259nin bu g\u00fcn ke\u00e7iril\u0259n iclas\u0131nda \u00e7\u0131x\u0131\u015f ed\u0259rk\u0259n deyib.<\/p>\n<p>\u018f.\u018fmiraslanov qeyd edib ki, &#8220;Reproduktiv sa\u011flaml\u0131q haqq\u0131nda&#8221; qanunu il\u0259 ba\u011fl\u0131 b\u0259zi deputatlar\u0131n iradlar\u0131 olub: &#8220;Onlar\u0131n iradlar\u0131nda obyektiv s\u0259b\u0259bl\u0259r d\u0259 var idi. Amma subyektiv s\u0259b\u0259bl\u0259r d\u0259 \u00e7ox idi. Biz qanun layih\u0259ni yenid\u0259n i\u015fl\u0259dik. Qanun layih\u0259si el\u0259 bir s\u0259viyy\u0259y\u0259 g\u0259tirilib \u00e7atd\u0131r\u0131l\u0131b ki, o, art\u0131q m\u00fczakir\u0259 oluna bil\u0259r. Indi bu qanunun \u0259leyhin\u0259 olan bir qurum yoxdur&#8221;.<\/p>\n<p>Komit\u0259 s\u0259dri \u0259lav\u0259 edib ki, bu layih\u0259d\u0259 yaln\u0131z ekstrakorporal mayalanma s\u00f6hb\u0259t getmir: &#8220;Bu m\u0259s\u0259l\u0259 h\u0259min qanunun c\u00fczi bir hiss\u0259sidir. Bu qanun layih\u0259si \u00fcmumilikd\u0259 qad\u0131nlar\u0131m\u0131z\u0131n sa\u011flaml\u0131\u011f\u0131na y\u00f6n\u0259lib.<\/p>\n<div id=\"AdributorNativeVideo0\" class=\"AdributorNativeVideo\"><\/div>\n<p>\u018f.\u018fmiraslanov hesab edir ki, &#8220;\u0130nsan orqanlar\u0131n\u0131n donorlu\u011fu v\u0259 transplantasiyas\u0131 haqq\u0131nda qanun layih\u0259sind\u0259 ciddi d\u0259yi\u015fiklikl\u0259r\u0259 ehtiyac var: &#8220;H\u0259min qanunda meyitd\u0259n orqan v\u0259 toxuman\u0131n g\u00f6t\u00fcr\u00fclm\u0259si h\u0259min qanun layih\u0259sind\u0259 \u00f6z \u0259ksini tapmay\u0131b. Bu da transplantasiyan\u0131n \u0259sas\u0131n\u0131 t\u0259\u015fkil edir. Hesab ediirk ki, bununla ba\u011fl\u0131 yeni qanun olsa, daha yax\u015f\u0131 olar. Bununla ba\u011fl\u0131 i\u015f\u00e7i qrup yaradaq. Bu g\u00fcn c\u0259miyy\u0259tin bu qanuna b\u00f6y\u00fck ehtiyac var. Bu qanun orqan transplantasiyas\u0131na ehtiyac\u0131 olan insanlar\u0131n i\u015fl\u0259rini d\u0259 rahatla\u015fd\u0131rar. Orqan transplantasiyas\u0131na ehtiyac\u0131 olan insanlar\u0131n \u00e7oxu n\u00f6vb\u0259 g\u00f6zl\u0259y\u0259-g\u00f6zl\u0259y\u0259 h\u0259yatlar\u0131n\u0131 itirirl\u0259r&#8221;.<\/p>\n<p>\u018f.\u018fmiraslanov qeyd edib ki, qaraciy\u0259r transplantasiyas\u0131 m\u00fch\u00fcm i\u015fl\u0259r g\u00f6r\u00fcl\u00fcr: &#8220;\u00dcr\u0259k transplantasiyas\u0131 i\u015fin\u0259 haz\u0131rla\u015f\u0131r\u0131l\u0131r, amma n\u0259 q\u0259d\u0259r ki, meyitd\u0259n orqan g\u00f6t\u00fcr\u00fclm\u0259sinin h\u00fcquqi \u0259saslar\u0131 h\u0259ll olunmayacaq, bu m\u0259s\u0259l\u0259l\u0259r ili\u015fmi\u015f n\u0259qt\u0259d\u0259n t\u0259rp\u0259nm\u0259y\u0259c\u0259k&#8221;.<\/p>\n","protected":false},"excerpt":{"rendered":"<p>&#8220;Reproduktiv sa\u011flaml\u0131q haqq\u0131nda&#8221;, &#8220;\u0130nsan orqanlar\u0131n\u0131n donorlu\u011fu v\u0259 transplantasiyas\u0131 haqq\u0131nda, &#8220;Optika v\u0259 optika\u00e7\u0131l\u0131q haqq\u0131nda qanun layih\u0259l\u0259rinin parlamentin yaz sessiyas\u0131n\u0131n m\u00fczakir\u0259sin\u0259 \u00e7\u0131xar\u0131lmas\u0131 n\u0259z\u0259rd\u0259 tutulur&#8221;. ARANTV.AZ trend-\u0259 istinad\u0259n x\u0259b\u0259r verir ki, bunu Milli M\u0259clisin S\u0259hiyy\u0259 komit\u0259sinin s\u0259dri\u00a0\u018fhliman \u018fmiraslanov\u00a0komit\u0259nin bu g\u00fcn ke\u00e7iril\u0259n iclas\u0131nda \u00e7\u0131x\u0131\u015f ed\u0259rk\u0259n deyib. \u018f.\u018fmiraslanov qeyd edib ki, &#8220;Reproduktiv sa\u011flaml\u0131q haqq\u0131nda&#8221; qanunu il\u0259 ba\u011fl\u0131 b\u0259zi deputatlar\u0131n iradlar\u0131 olub: &#8220;Onlar\u0131n iradlar\u0131nda obyektiv s\u0259b\u0259bl\u0259r d\u0259 var idi. Amma subyektiv s\u0259b\u0259bl\u0259r d\u0259 \u00e7ox idi. Biz qanun layih\u0259ni yenid\u0259n i\u015fl\u0259dik. Qanun layih\u0259si el\u0259 bir s\u0259viyy\u0259y\u0259 g\u0259tirilib \u00e7atd\u0131r\u0131l\u0131b ki, o, art\u0131q m\u00fczakir\u0259 oluna bil\u0259r. Indi bu qanunun&hellip;<\/p>\n","protected":false},"author":2,"featured_media":33351,"comment_status":"closed","ping_status":"closed","sticky":false,"template":"","format":"standard","meta":{"om_disable_all_campaigns":false,"_monsterinsights_skip_tracking":false,"_monsterinsights_sitenote_active":false,"_monsterinsights_sitenote_note":"","_monsterinsights_sitenote_category":0},"categories":[1],"tags":[],"aioseo_notices":[],"gutentor_comment":0,"rttpg_featured_image_url":{"full":["https:\/\/arantv.az\/wp-content\/uploads\/2019\/01\/722491.jpg",849,565,false],"landscape":["https:\/\/arantv.az\/wp-content\/uploads\/2019\/01\/722491.jpg",849,565,false],"portraits":["https:\/\/arantv.az\/wp-content\/uploads\/2019\/01\/722491.jpg",849,565,false],"thumbnail":["https:\/\/arantv.az\/wp-content\/uploads\/2019\/01\/722491-150x150.jpg",150,150,true],"medium":["https:\/\/arantv.az\/wp-content\/uploads\/2019\/01\/722491-300x200.jpg",300,200,true],"large":["https:\/\/arantv.az\/wp-content\/uploads\/2019\/01\/722491.jpg",640,426,false],"1536x1536":["https:\/\/arantv.az\/wp-content\/uploads\/2019\/01\/722491.jpg",849,565,false],"2048x2048":["https:\/\/arantv.az\/wp-content\/uploads\/2019\/01\/722491.jpg",849,565,false],"post-thumbnail":["https:\/\/arantv.az\/wp-content\/uploads\/2019\/01\/722491-240x172.jpg",240,172,true],"advps-thumb-one":["https:\/\/arantv.az\/wp-content\/uploads\/2019\/01\/722491.jpg",849,565,false]},"rttpg_author":{"display_name":"V\u00fcsal Rafiqo\u011flu","author_link":"https:\/\/arantv.az\/?author=2"},"rttpg_comment":0,"rttpg_category":"<a href=\"https:\/\/arantv.az\/?cat=1\" rel=\"category\">C\u0259miyy\u0259t<\/a>","rttpg_excerpt":"&#8220;Reproduktiv sa\u011flaml\u0131q haqq\u0131nda&#8221;, &#8220;\u0130nsan orqanlar\u0131n\u0131n donorlu\u011fu v\u0259 transplantasiyas\u0131 haqq\u0131nda, &#8220;Optika v\u0259 optika\u00e7\u0131l\u0131q haqq\u0131nda qanun layih\u0259l\u0259rinin parlamentin yaz sessiyas\u0131n\u0131n m\u00fczakir\u0259sin\u0259 \u00e7\u0131xar\u0131lmas\u0131 n\u0259z\u0259rd\u0259 tutulur&#8221;. ARANTV.AZ trend-\u0259 istinad\u0259n x\u0259b\u0259r verir ki, bunu Milli M\u0259clisin S\u0259hiyy\u0259 komit\u0259sinin s\u0259dri\u00a0\u018fhliman \u018fmiraslanov\u00a0komit\u0259nin bu g\u00fcn ke\u00e7iril\u0259n iclas\u0131nda \u00e7\u0131x\u0131\u015f ed\u0259rk\u0259n deyib. \u018f.\u018fmiraslanov qeyd edib ki, &#8220;Reproduktiv sa\u011flaml\u0131q haqq\u0131nda&#8221; qanunu il\u0259 ba\u011fl\u0131 b\u0259zi deputatlar\u0131n iradlar\u0131&hellip;","_links":{"self":[{"href":"https:\/\/arantv.az\/index.php?rest_route=\/wp\/v2\/posts\/33350"}],"collection":[{"href":"https:\/\/arantv.az\/index.php?rest_route=\/wp\/v2\/posts"}],"about":[{"href":"https:\/\/arantv.az\/index.php?rest_route=\/wp\/v2\/types\/post"}],"author":[{"embeddable":true,"href":"https:\/\/arantv.az\/index.php?rest_route=\/wp\/v2\/users\/2"}],"replies":[{"embeddable":true,"href":"https:\/\/arantv.az\/index.php?rest_route=%2Fwp%2Fv2%2Fcomments&post=33350"}],"version-history":[{"count":0,"href":"https:\/\/arantv.az\/index.php?rest_route=\/wp\/v2\/posts\/33350\/revisions"}],"wp:featuredmedia":[{"embeddable":true,"href":"https:\/\/arantv.az\/index.php?rest_route=\/wp\/v2\/media\/33351"}],"wp:attachment":[{"href":"https:\/\/arantv.az\/index.php?rest_route=%2Fwp%2Fv2%2Fmedia&parent=33350"}],"wp:term":[{"taxonomy":"category","embeddable":true,"href":"https:\/\/arantv.az\/index.php?rest_route=%2Fwp%2Fv2%2Fcategories&post=33350"},{"taxonomy":"post_tag","embeddable":true,"href":"https:\/\/arantv.az\/index.php?rest_route=%2Fwp%2Fv2%2Ftags&post=33350"}],"curies":[{"name":"wp","href":"https:\/\/api.w.org\/{rel}","templated":true}]}}