{"id":33359,"date":"2019-01-18T15:20:41","date_gmt":"2019-01-18T12:20:41","guid":{"rendered":"http:\/\/arantv.az\/?p=33359"},"modified":"2019-01-18T15:20:41","modified_gmt":"2019-01-18T12:20:41","slug":"%c9%99r%c9%99bl%c9%99r-il%c9%99-az%c9%99rbaycanlilar-arasinda-kutl%c9%99vi-dava-olub-yaralananlar-var","status":"publish","type":"post","link":"https:\/\/arantv.az\/?p=33359","title":{"rendered":"\u018fr\u0259bl\u0259r il\u0259 az\u0259rbaycanl\u0131lar aras\u0131nda k\u00fctl\u0259vi dava olub: yaralananlar var"},"content":{"rendered":"<p><strong>Almaniyan\u0131n Bielefeld \u015f\u0259h\u0259rind\u0259 az\u0259rbaycanl\u0131lar v\u0259 T\u00fcrkiy\u0259d\u0259n olan t\u00fcrkl\u0259r il\u0259 \u0259r\u0259bl\u0259r aras\u0131nda k\u00fctl\u0259vi dava olub.<\/strong><\/p>\n<p><strong>ARANTV.AZ<\/strong> report-a istinad\u0259n x\u0259b\u0259r verir ki, \u015f\u0259h\u0259rd\u0259 paltar ma\u011fazalar\u0131n\u0131n birind\u0259 \u0259r\u0259bl\u0259rin kobud davran\u0131\u015f\u0131 ma\u011faza sahibi t\u00fcrk\u00fcn s\u0259rt reaksiyas\u0131na s\u0259b\u0259b olub.<\/p>\n<p>Onlar aras\u0131nda q\u0131z\u0131\u015fan m\u00fcbahis\u0259ni ma\u011fazadak\u0131 Zamanov \u018fli adl\u0131 az\u0259rbaycanl\u0131 sakitl\u0259\u015fdirm\u0259k ist\u0259y\u0259rk\u0259n \u0259r\u0259bin t\u0259hqiri il\u0259 \u00fczl\u0259\u015fib. Bu zaman az\u0259rbaycanl\u0131 \u0259r\u0259b\u0259 z\u0259rb\u0259 endirib. Bundan hidd\u0259tl\u0259n\u0259n \u0259r\u0259b onlarla bir q\u0259d\u0259r sonraya g\u00f6r\u00fc\u015f t\u0259yin ed\u0259r\u0259k oradan uzaqla\u015f\u0131b v\u0259 \u00f6z h\u0259myerlil\u0259rini g\u00f6t\u00fcr\u0259r\u0259k geri qay\u0131d\u0131b. Hadis\u0259d\u0259n x\u0259b\u0259r tutan dig\u0259r az\u0259rbaycanl\u0131lar da ora yax\u0131nla\u015f\u0131blar. N\u0259tic\u0259d\u0259 t\u0259r\u0259fl\u0259r aras\u0131nda k\u00fctl\u0259vi dava ba\u015f verib. Dava zaman\u0131 h\u0259r iki t\u0259r\u0259fd\u0259n y\u00fcng\u00fcl x\u0259sar\u0259t alan var.<\/p>\n<p>Polis h\u0259r iki t\u0259r\u0259fi asayi\u015fi pozdu\u011fu \u00fc\u00e7\u00fcn saxlay\u0131b v\u0259 c\u0259rim\u0259l\u0259yib.<\/p>\n","protected":false},"excerpt":{"rendered":"<p>Almaniyan\u0131n Bielefeld \u015f\u0259h\u0259rind\u0259 az\u0259rbaycanl\u0131lar v\u0259 T\u00fcrkiy\u0259d\u0259n olan t\u00fcrkl\u0259r il\u0259 \u0259r\u0259bl\u0259r aras\u0131nda k\u00fctl\u0259vi dava olub. ARANTV.AZ report-a istinad\u0259n x\u0259b\u0259r verir ki, \u015f\u0259h\u0259rd\u0259 paltar ma\u011fazalar\u0131n\u0131n birind\u0259 \u0259r\u0259bl\u0259rin kobud davran\u0131\u015f\u0131 ma\u011faza sahibi t\u00fcrk\u00fcn s\u0259rt reaksiyas\u0131na s\u0259b\u0259b olub. Onlar aras\u0131nda q\u0131z\u0131\u015fan m\u00fcbahis\u0259ni ma\u011fazadak\u0131 Zamanov \u018fli adl\u0131 az\u0259rbaycanl\u0131 sakitl\u0259\u015fdirm\u0259k ist\u0259y\u0259rk\u0259n \u0259r\u0259bin t\u0259hqiri il\u0259 \u00fczl\u0259\u015fib. Bu zaman az\u0259rbaycanl\u0131 \u0259r\u0259b\u0259 z\u0259rb\u0259 endirib. Bundan hidd\u0259tl\u0259n\u0259n \u0259r\u0259b onlarla bir q\u0259d\u0259r sonraya g\u00f6r\u00fc\u015f t\u0259yin ed\u0259r\u0259k oradan uzaqla\u015f\u0131b v\u0259 \u00f6z h\u0259myerlil\u0259rini g\u00f6t\u00fcr\u0259r\u0259k geri qay\u0131d\u0131b. Hadis\u0259d\u0259n x\u0259b\u0259r tutan dig\u0259r az\u0259rbaycanl\u0131lar da ora yax\u0131nla\u015f\u0131blar. N\u0259tic\u0259d\u0259 t\u0259r\u0259fl\u0259r aras\u0131nda k\u00fctl\u0259vi dava ba\u015f verib. Dava zaman\u0131&hellip;<\/p>\n","protected":false},"author":2,"featured_media":33360,"comment_status":"closed","ping_status":"closed","sticky":false,"template":"","format":"standard","meta":{"om_disable_all_campaigns":false,"_monsterinsights_skip_tracking":false,"_monsterinsights_sitenote_active":false,"_monsterinsights_sitenote_note":"","_monsterinsights_sitenote_category":0},"categories":[5],"tags":[],"aioseo_notices":[],"gutentor_comment":0,"rttpg_featured_image_url":{"full":["https:\/\/arantv.az\/wp-content\/uploads\/2019\/01\/dava_23787476.jpg",800,600,false],"landscape":["https:\/\/arantv.az\/wp-content\/uploads\/2019\/01\/dava_23787476.jpg",800,600,false],"portraits":["https:\/\/arantv.az\/wp-content\/uploads\/2019\/01\/dava_23787476.jpg",800,600,false],"thumbnail":["https:\/\/arantv.az\/wp-content\/uploads\/2019\/01\/dava_23787476-150x150.jpg",150,150,true],"medium":["https:\/\/arantv.az\/wp-content\/uploads\/2019\/01\/dava_23787476-300x225.jpg",300,225,true],"large":["https:\/\/arantv.az\/wp-content\/uploads\/2019\/01\/dava_23787476.jpg",640,480,false],"1536x1536":["https:\/\/arantv.az\/wp-content\/uploads\/2019\/01\/dava_23787476.jpg",800,600,false],"2048x2048":["https:\/\/arantv.az\/wp-content\/uploads\/2019\/01\/dava_23787476.jpg",800,600,false],"post-thumbnail":["https:\/\/arantv.az\/wp-content\/uploads\/2019\/01\/dava_23787476-240x172.jpg",240,172,true],"advps-thumb-one":["https:\/\/arantv.az\/wp-content\/uploads\/2019\/01\/dava_23787476.jpg",800,600,false]},"rttpg_author":{"display_name":"V\u00fcsal Rafiqo\u011flu","author_link":"https:\/\/arantv.az\/?author=2"},"rttpg_comment":0,"rttpg_category":"<a href=\"https:\/\/arantv.az\/?cat=5\" rel=\"category\">Hadis\u0259<\/a>","rttpg_excerpt":"Almaniyan\u0131n Bielefeld \u015f\u0259h\u0259rind\u0259 az\u0259rbaycanl\u0131lar v\u0259 T\u00fcrkiy\u0259d\u0259n olan t\u00fcrkl\u0259r il\u0259 \u0259r\u0259bl\u0259r aras\u0131nda k\u00fctl\u0259vi dava olub. ARANTV.AZ report-a istinad\u0259n x\u0259b\u0259r verir ki, \u015f\u0259h\u0259rd\u0259 paltar ma\u011fazalar\u0131n\u0131n birind\u0259 \u0259r\u0259bl\u0259rin kobud davran\u0131\u015f\u0131 ma\u011faza sahibi t\u00fcrk\u00fcn s\u0259rt reaksiyas\u0131na s\u0259b\u0259b olub. Onlar aras\u0131nda q\u0131z\u0131\u015fan m\u00fcbahis\u0259ni ma\u011fazadak\u0131 Zamanov \u018fli adl\u0131 az\u0259rbaycanl\u0131 sakitl\u0259\u015fdirm\u0259k ist\u0259y\u0259rk\u0259n \u0259r\u0259bin t\u0259hqiri il\u0259 \u00fczl\u0259\u015fib. Bu zaman az\u0259rbaycanl\u0131 \u0259r\u0259b\u0259 z\u0259rb\u0259 endirib.&hellip;","_links":{"self":[{"href":"https:\/\/arantv.az\/index.php?rest_route=\/wp\/v2\/posts\/33359"}],"collection":[{"href":"https:\/\/arantv.az\/index.php?rest_route=\/wp\/v2\/posts"}],"about":[{"href":"https:\/\/arantv.az\/index.php?rest_route=\/wp\/v2\/types\/post"}],"author":[{"embeddable":true,"href":"https:\/\/arantv.az\/index.php?rest_route=\/wp\/v2\/users\/2"}],"replies":[{"embeddable":true,"href":"https:\/\/arantv.az\/index.php?rest_route=%2Fwp%2Fv2%2Fcomments&post=33359"}],"version-history":[{"count":0,"href":"https:\/\/arantv.az\/index.php?rest_route=\/wp\/v2\/posts\/33359\/revisions"}],"wp:featuredmedia":[{"embeddable":true,"href":"https:\/\/arantv.az\/index.php?rest_route=\/wp\/v2\/media\/33360"}],"wp:attachment":[{"href":"https:\/\/arantv.az\/index.php?rest_route=%2Fwp%2Fv2%2Fmedia&parent=33359"}],"wp:term":[{"taxonomy":"category","embeddable":true,"href":"https:\/\/arantv.az\/index.php?rest_route=%2Fwp%2Fv2%2Fcategories&post=33359"},{"taxonomy":"post_tag","embeddable":true,"href":"https:\/\/arantv.az\/index.php?rest_route=%2Fwp%2Fv2%2Ftags&post=33359"}],"curies":[{"name":"wp","href":"https:\/\/api.w.org\/{rel}","templated":true}]}}