{"id":33369,"date":"2019-01-18T15:23:28","date_gmt":"2019-01-18T12:23:28","guid":{"rendered":"http:\/\/arantv.az\/?p=33369"},"modified":"2019-01-18T15:23:28","modified_gmt":"2019-01-18T12:23:28","slug":"az%c9%99rbaycana-boyukl%c9%99r-ucun-qizilcaya-gor%c9%99-vaksinl%c9%99r-g%c9%99tiril%c9%99c%c9%99k-x%c9%99st%c9%99lik-xaricd%c9%99-yayildigi-ucun","status":"publish","type":"post","link":"https:\/\/arantv.az\/?p=33369","title":{"rendered":"Az\u0259rbaycana b\u00f6y\u00fckl\u0259r \u00fc\u00e7\u00fcn q\u0131z\u0131lcaya g\u00f6r\u0259 vaksinl\u0259r g\u0259tiril\u0259c\u0259k &#8211; X\u0259st\u0259lik xaricd\u0259 yay\u0131ld\u0131\u011f\u0131 \u00fc\u00e7\u00fcn"},"content":{"rendered":"<blockquote><p><em><strong>Avropa \u00f6lk\u0259l\u0259rind\u0259, el\u0259c\u0259 d\u0259 Az\u0259rbaycanla qon\u015fu \u00f6lk\u0259l\u0259rd\u0259 q\u0131z\u0131lca x\u0259st\u0259liyin\u0259 yoluxanlar\u0131n\u0131n say\u0131n\u0131n h\u0259ddind\u0259n art\u0131q olmas\u0131n\u0131 n\u0259z\u0259r\u0259 alaraq, \u00f6lk\u0259miz\u0259 b\u00f6y\u00fckl\u0259rin immunizasiyas\u0131 \u00fc\u00e7\u00fcn q\u0131z\u0131lca-m\u0259xm\u0259r\u0259k \u0259leyhin\u0259 vaksinin g\u0259tirilm\u0259si n\u0259z\u0259rd\u0259 tutulur.<\/strong><\/em><\/p><\/blockquote>\n<p><strong>ARANTV.AZ<\/strong>\u00a0 x\u0259b\u0259r verir ki, bunu\u00a0<a href=\"https:\/\/az.trend.az\/\" target=\"_blank\" rel=\"noopener\">Trend<\/a>-\u0259 S\u0259hiyy\u0259 Nazirliyinin Respublika Gigiyena v\u0259 Epidemiologiya M\u0259rk\u0259zinin (RGEM) direktor m\u00fcavini Afaq \u018fliyeva deyib.<\/p>\n<p>Onun s\u00f6zl\u0259rin\u0259 g\u00f6r\u0259, art\u0131q S\u0259hiyy\u0259 Nazirliyi UN\u0130CEF-\u0259 106 min doza vaksinin \u00f6lk\u0259y\u0259 g\u0259tirilm\u0259si, ba\u015fqa s\u00f6zl\u0259 106 min n\u0259f\u0259rin vaksin edilm\u0259si \u00fc\u00e7\u00fcn sifari\u015f verib. Vaksinl\u0259r b\u00f6y\u00fckl\u0259rin immunizasiyas\u0131 \u00fc\u00e7\u00fcn istifad\u0259 edill\u0259c\u0259k.<\/p>\n<p>M\u0259rk\u0259z r\u0259smisi \u0259lav\u0259 edib ki, vaksinl\u0259r g\u0259tirildikd\u0259n sonra nazirliyin \u0259mrin\u0259 m\u00fcvafiq olaraq, 18 ya\u015f\u0131ndan yuxar\u0131 olan \u015f\u0259xsl\u0259r \u0259razi poliklinikalar\u0131na m\u00fcraci\u0259t ed\u0259r\u0259k peyv\u0259nd edil\u0259 bil\u0259c\u0259kl\u0259r:<\/p>\n<p>A.\u018fliyeva qeyd edib ki, vaksinl\u0259rin Az\u0259rbaycana mart\u0131n sonu-aprelin \u0259vv\u0259lind\u0259 g\u0259tirilm\u0259si n\u0259z\u0259rd\u0259 tutulur:<\/p>\n<p>&#8220;Uzun ill\u0259rdir ki, Avropa \u00f6lk\u0259l\u0259rind\u0259 q\u0131z\u0131lcan\u0131n yay\u0131lmas\u0131 prosesi dayanm\u0131r. Biziml\u0259 h\u0259ms\u0259rh\u0259d olan G\u00fcrc\u00fcstanda da q\u0131z\u0131lcaya yoluxanlar\u0131n say\u0131nda art\u0131m ba\u015f verib. Az\u0259rbaycanda da \u0259hali xarici \u00f6lk\u0259l\u0259r\u0259 s\u0259f\u0259rl\u0259r edirl\u0259r. \u0130nsanlar peyv\u0259nd edil\u0259rs\u0259, immunitetl\u0259ri yarand\u0131qlar\u0131 \u00fc\u00e7\u00fcn x\u0259st\u0259l\u0259nm\u0259zl\u0259r. Ona g\u00f6r\u0259 d\u0259 insanlar\u0131n peyv\u0259nd edilm\u0259si \u00e7ox vacibdir&#8221;.<\/p>\n<p>RGEM r\u0259smisi bildirib ki, haz\u0131rda Az\u0259rbaycanda u\u015faqlar\u0131n immunizasiyas\u0131 \u00fc\u00e7\u00fcn kifay\u0259t q\u0259d\u0259r vaksin var:<\/p>\n<p>&#8220;\u00d6lk\u0259d\u0259 u\u015faqlar\u0131n say\u0131na uy\u011fun q\u0131z\u0131lca-m\u0259xm\u0259r\u0259k \u0259leyhin\u0259 kombin\u0259 olunmu\u015f vaksinl\u0259r var. Ona g\u00f6r\u0259 d\u0259 valideynl\u0259r u\u015faqlar\u0131n\u0131n t\u0259qvim\u0259 uy\u011fun \u015f\u0259kild\u0259 peyv\u0259nd edilm\u0259si \u00fc\u00e7\u00fcn ya\u015fay\u0131\u015f yeri \u00fczr\u0259 \u0259razi tibb m\u00fc\u0259ssis\u0259l\u0259rin\u0259 m\u00fcraci\u0259t etsinl\u0259r. \u018fg\u0259r kims\u0259 vaxtil\u0259 peyv\u0259ndd\u0259n imtina edibs\u0259, onlar yenid\u0259n m\u00fcraci\u0259t ed\u0259r\u0259k u\u015faqlar\u0131n\u0131 peyv\u0259nd etdir\u0259 bil\u0259rl\u0259r. Bu x\u0259st\u0259likl\u0259 m\u00fcbariz\u0259d\u0259 \u0259sas vasit\u0259 immunizasiyad\u0131r&#8221;.<\/p>\n","protected":false},"excerpt":{"rendered":"<p>Avropa \u00f6lk\u0259l\u0259rind\u0259, el\u0259c\u0259 d\u0259 Az\u0259rbaycanla qon\u015fu \u00f6lk\u0259l\u0259rd\u0259 q\u0131z\u0131lca x\u0259st\u0259liyin\u0259 yoluxanlar\u0131n\u0131n say\u0131n\u0131n h\u0259ddind\u0259n art\u0131q olmas\u0131n\u0131 n\u0259z\u0259r\u0259 alaraq, \u00f6lk\u0259miz\u0259 b\u00f6y\u00fckl\u0259rin immunizasiyas\u0131 \u00fc\u00e7\u00fcn q\u0131z\u0131lca-m\u0259xm\u0259r\u0259k \u0259leyhin\u0259 vaksinin g\u0259tirilm\u0259si n\u0259z\u0259rd\u0259 tutulur. ARANTV.AZ\u00a0 x\u0259b\u0259r verir ki, bunu\u00a0Trend-\u0259 S\u0259hiyy\u0259 Nazirliyinin Respublika Gigiyena v\u0259 Epidemiologiya M\u0259rk\u0259zinin (RGEM) direktor m\u00fcavini Afaq \u018fliyeva deyib. Onun s\u00f6zl\u0259rin\u0259 g\u00f6r\u0259, art\u0131q S\u0259hiyy\u0259 Nazirliyi UN\u0130CEF-\u0259 106 min doza vaksinin \u00f6lk\u0259y\u0259 g\u0259tirilm\u0259si, ba\u015fqa s\u00f6zl\u0259 106 min n\u0259f\u0259rin vaksin edilm\u0259si \u00fc\u00e7\u00fcn sifari\u015f verib. Vaksinl\u0259r b\u00f6y\u00fckl\u0259rin immunizasiyas\u0131 \u00fc\u00e7\u00fcn istifad\u0259 edill\u0259c\u0259k. M\u0259rk\u0259z r\u0259smisi \u0259lav\u0259 edib ki, vaksinl\u0259r g\u0259tirildikd\u0259n sonra nazirliyin \u0259mrin\u0259 m\u00fcvafiq olaraq, 18 ya\u015f\u0131ndan yuxar\u0131 olan \u015f\u0259xsl\u0259r&hellip;<\/p>\n","protected":false},"author":2,"featured_media":33370,"comment_status":"closed","ping_status":"closed","sticky":false,"template":"","format":"standard","meta":{"om_disable_all_campaigns":false,"_monsterinsights_skip_tracking":false,"_monsterinsights_sitenote_active":false,"_monsterinsights_sitenote_note":"","_monsterinsights_sitenote_category":0},"categories":[1],"tags":[],"aioseo_notices":[],"gutentor_comment":0,"rttpg_featured_image_url":{"full":["https:\/\/arantv.az\/wp-content\/uploads\/2019\/01\/722473.jpg",800,600,false],"landscape":["https:\/\/arantv.az\/wp-content\/uploads\/2019\/01\/722473.jpg",800,600,false],"portraits":["https:\/\/arantv.az\/wp-content\/uploads\/2019\/01\/722473.jpg",800,600,false],"thumbnail":["https:\/\/arantv.az\/wp-content\/uploads\/2019\/01\/722473-150x150.jpg",150,150,true],"medium":["https:\/\/arantv.az\/wp-content\/uploads\/2019\/01\/722473-300x225.jpg",300,225,true],"large":["https:\/\/arantv.az\/wp-content\/uploads\/2019\/01\/722473.jpg",640,480,false],"1536x1536":["https:\/\/arantv.az\/wp-content\/uploads\/2019\/01\/722473.jpg",800,600,false],"2048x2048":["https:\/\/arantv.az\/wp-content\/uploads\/2019\/01\/722473.jpg",800,600,false],"post-thumbnail":["https:\/\/arantv.az\/wp-content\/uploads\/2019\/01\/722473-240x172.jpg",240,172,true],"advps-thumb-one":["https:\/\/arantv.az\/wp-content\/uploads\/2019\/01\/722473.jpg",800,600,false]},"rttpg_author":{"display_name":"V\u00fcsal Rafiqo\u011flu","author_link":"https:\/\/arantv.az\/?author=2"},"rttpg_comment":0,"rttpg_category":"<a href=\"https:\/\/arantv.az\/?cat=1\" rel=\"category\">C\u0259miyy\u0259t<\/a>","rttpg_excerpt":"Avropa \u00f6lk\u0259l\u0259rind\u0259, el\u0259c\u0259 d\u0259 Az\u0259rbaycanla qon\u015fu \u00f6lk\u0259l\u0259rd\u0259 q\u0131z\u0131lca x\u0259st\u0259liyin\u0259 yoluxanlar\u0131n\u0131n say\u0131n\u0131n h\u0259ddind\u0259n art\u0131q olmas\u0131n\u0131 n\u0259z\u0259r\u0259 alaraq, \u00f6lk\u0259miz\u0259 b\u00f6y\u00fckl\u0259rin immunizasiyas\u0131 \u00fc\u00e7\u00fcn q\u0131z\u0131lca-m\u0259xm\u0259r\u0259k \u0259leyhin\u0259 vaksinin g\u0259tirilm\u0259si n\u0259z\u0259rd\u0259 tutulur. ARANTV.AZ\u00a0 x\u0259b\u0259r verir ki, bunu\u00a0Trend-\u0259 S\u0259hiyy\u0259 Nazirliyinin Respublika Gigiyena v\u0259 Epidemiologiya M\u0259rk\u0259zinin (RGEM) direktor m\u00fcavini Afaq \u018fliyeva deyib. Onun s\u00f6zl\u0259rin\u0259 g\u00f6r\u0259, art\u0131q S\u0259hiyy\u0259 Nazirliyi UN\u0130CEF-\u0259 106 min doza vaksinin&hellip;","_links":{"self":[{"href":"https:\/\/arantv.az\/index.php?rest_route=\/wp\/v2\/posts\/33369"}],"collection":[{"href":"https:\/\/arantv.az\/index.php?rest_route=\/wp\/v2\/posts"}],"about":[{"href":"https:\/\/arantv.az\/index.php?rest_route=\/wp\/v2\/types\/post"}],"author":[{"embeddable":true,"href":"https:\/\/arantv.az\/index.php?rest_route=\/wp\/v2\/users\/2"}],"replies":[{"embeddable":true,"href":"https:\/\/arantv.az\/index.php?rest_route=%2Fwp%2Fv2%2Fcomments&post=33369"}],"version-history":[{"count":0,"href":"https:\/\/arantv.az\/index.php?rest_route=\/wp\/v2\/posts\/33369\/revisions"}],"wp:featuredmedia":[{"embeddable":true,"href":"https:\/\/arantv.az\/index.php?rest_route=\/wp\/v2\/media\/33370"}],"wp:attachment":[{"href":"https:\/\/arantv.az\/index.php?rest_route=%2Fwp%2Fv2%2Fmedia&parent=33369"}],"wp:term":[{"taxonomy":"category","embeddable":true,"href":"https:\/\/arantv.az\/index.php?rest_route=%2Fwp%2Fv2%2Fcategories&post=33369"},{"taxonomy":"post_tag","embeddable":true,"href":"https:\/\/arantv.az\/index.php?rest_route=%2Fwp%2Fv2%2Ftags&post=33369"}],"curies":[{"name":"wp","href":"https:\/\/api.w.org\/{rel}","templated":true}]}}