{"id":33372,"date":"2019-01-18T15:24:33","date_gmt":"2019-01-18T12:24:33","guid":{"rendered":"http:\/\/arantv.az\/?p=33372"},"modified":"2019-01-18T15:24:33","modified_gmt":"2019-01-18T12:24:33","slug":"ekspert-avropa-parlamentinin-yalan-v%c9%99-bohtanlarla-dolu-q%c9%99tnam%c9%99si-h%c9%99m-d%c9%99-riyakarliq-v%c9%99-siyasi-m%c9%99d%c9%99niyy%c9%99tsizlik-uz%c9%99rind%c9%99-hazirlanib","status":"publish","type":"post","link":"https:\/\/arantv.az\/?p=33372","title":{"rendered":"Ekspert: &#8220;Avropa Parlamentinin yalan v\u0259 b\u00f6htanlarla dolu q\u0259tnam\u0259si h\u0259m d\u0259 riyakarl\u0131q v\u0259 siyasi m\u0259d\u0259niyy\u0259tsizlik \u00fcz\u0259rind\u0259 haz\u0131rlan\u0131b&#8221;"},"content":{"rendered":"<blockquote><p><em><strong>Avropa Parlamenti t\u0259r\u0259find\u0259n q\u0259bul olunmu\u015f &#8220;Mehman H\u00fcseynovla ba\u011fl\u0131 t\u0259cili q\u0259tnam\u0259&#8221;nin Az\u0259rbaycan d\u00f6vl\u0259tin\u0259 qar\u015f\u0131 n\u00f6vb\u0259ti t\u0259zyiq v\u0259 q\u0259r\u0259z kampaniyas\u0131n\u0131n t\u0259rkib hiss\u0259si olmas\u0131 kims\u0259y\u0259 sirr deyil.<\/strong><\/em><\/p><\/blockquote>\n<p><strong>ARANTV.AZ<\/strong> x\u0259b\u0259r verir ki, bu bar\u0259d\u0259\u00a0<a href=\"https:\/\/az.trend.az\/\" target=\"_blank\" rel=\"noopener\">Trend<\/a>-\u0259 a\u00e7\u0131qlamas\u0131nda &#8220;S\u0259s&#8221; q\u0259zetinin ba\u015f redaktoru, siyasi ekspert B\u0259hruz Quliyev bildirib.<\/p>\n<p>Onun s\u00f6zl\u0259rin\u0259 g\u00f6r\u0259, bu m\u0259s\u0259l\u0259d\u0259 d\u0259 Sorosun ad\u0131n\u0131n \u00e7\u0259kilm\u0259si \u0259slind\u0259 kims\u0259d\u0259 t\u0259\u0259cc\u00fcb do\u011furmur: &#8220;M\u0259lum olub ki, b\u0259dnam q\u0259tnam\u0259nin h\u0259mm\u00fc\u0259llifl\u0259rind\u0259n biri Cors Sorosun t\u0259r\u0259fda\u015f\u0131 hesab edil\u0259n Rebekka Harmsd\u0131r v\u0259 maraql\u0131 budur ki, o, Sorosla \u0259laq\u0259l\u0259rini inkar el\u0259mir. N\u0259z\u0259r\u0259 alsaq ki, Soros daim Az\u0259rbaycan d\u00f6vl\u0259tinin \u0259leyhin\u0259 f\u0259aliyy\u0259t apar\u0131b, bu zaman bel\u0259 q\u0259na\u0259t\u0259 g\u0259lm\u0259k olar ki, q\u0259tnam\u0259nin ilk c\u0131zma-qaras\u0131n\u0131 da o sifari\u015f verib. A\u015fkar yalan v\u0259 b\u00f6htanlarla dolu olan q\u0259tnam\u0259 h\u0259m d\u0259 riyakarl\u0131q v\u0259 siyasi m\u0259d\u0259niyy\u0259tsizlik \u00fcz\u0259rind\u0259 haz\u0131rlan\u0131b&#8221;.<\/p>\n<p>B.Quliyev \u0259lav\u0259 edib ki, buna misal kimi, Rebekka Harms\u0131n guya Az\u0259rbaycan d\u00f6vl\u0259tinin m\u00fcvafiq qurumlar\u0131na m\u00fcraci\u0259t etm\u0259si yalan\u0131n\u0131 g\u00f6st\u0259rm\u0259k olar. Halbuki Az\u0259rbaycan\u0131n d\u00f6vl\u0259t v\u0259 qanunvericilik qurumlar\u0131na \u00fcmumiyy\u0259tl\u0259 he\u00e7 bir m\u00fcraci\u0259t, sor\u011fu daxil olmay\u0131b.<\/p>\n<p>Ba\u015f redaktor b\u0259nz\u0259r q\u0259tnam\u0259, hesabat v\u0259 b\u0259yanatlar\u0131n Az\u0259rbaycan d\u00f6vl\u0259tin\u0259 qar\u015f\u0131 ilk d\u0259f\u0259 t\u0259tbiq edilm\u0259diyini qeyd edib. O bildirib ki, he\u00e7 vaxt bu c\u00fcr q\u0259r\u0259zli h\u0259r\u0259k\u0259tl\u0259r qar\u015f\u0131 t\u0259r\u0259fl\u0259rin ist\u0259diyi n\u0259tic\u0259l\u0259r\u0259 g\u0259tirib \u00e7\u0131xarmay\u0131b: &#8220;Yalan ayaq tutar, amma yerim\u0259z&#8221; deyil\u0259n bir atalar s\u00f6z\u00fcm\u00fcz. Onlar\u0131n da h\u0259min c\u0259hdl\u0259ri bel\u0259 a\u011f yaland\u0131r, lakin ictimai r\u0259y bu c\u00fcr yalanlara uymur. \u018fksin\u0259, Avropa Parlamenti kimi iki\u00fczl\u00fc, riyakar qurumun a\u015fkar simas\u0131zl\u0131\u011f\u0131 n\u00f6vb\u0259ti d\u0259f\u0259 v\u0259 daha geni\u015f m\u00fcst\u0259vid\u0259 \u00f6z t\u0259sdiqini tap\u0131r. Bu g\u00fcn Az\u0259rbaycanda he\u00e7 kimin siyasi t\u0259qibl\u0259r\u0259 m\u0259ruz qalmamas\u0131 il\u0259 yana\u015f\u0131, \u00f6lk\u0259mizd\u0259 demokratiya v\u0259 pl\u00fcralizm faktoru daim qabaqc\u0131l yerl\u0259rd\u0259dir. S\u00f6z v\u0259 ifad\u0259 azadl\u0131\u011f\u0131ndan tutmu\u015f, dig\u0259rl\u0259rin\u0259 q\u0259d\u0259r b\u00fct\u00fcn azadl\u0131qlar qorunur. Bel\u0259 olan halda Avropa Parlamentinin anti-Az\u0259rbaycan xarakterli m\u00f6vqeyi, dey\u0259rdim ki, u\u011fursuzluq dalan\u0131na s\u00f6yk\u0259nir&#8221;.<\/p>\n<p>Az\u0259rbaycan d\u00f6vl\u0259tinin beyn\u0259lxalq t\u0259\u015fkilatlarla u\u011furlu \u0259m\u0259kda\u015fl\u0131q etdiyini dey\u0259n siyasi ekspert qeyd edib ki, \u00f6lk\u0259miz milli maraqlar\u0131na uy\u011fun, qar\u015f\u0131l\u0131ql\u0131 maraqlara cavab ver\u0259n m\u0259s\u0259l\u0259l\u0259rin g\u00fcnd\u0259m\u0259 \u00e7\u0131xar\u0131laraq m\u00fczakir\u0259 olunmas\u0131nda, m\u00fc\u0259yy\u0259n q\u0259rarlar\u0131n q\u0259bulunda d\u0259st\u0259k\u00e7i rolunda \u00e7\u0131x\u0131\u015f edir:<\/p>\n<p>&#8220;Bu g\u00fcn \u00f6lk\u0259miz BMT-nin bir \u00e7ox komissiyalar\u0131nda, \u0130slam \u018fm\u0259kda\u015fl\u0131q T\u0259\u015fkilat\u0131nda, Qo\u015fulmama H\u0259r\u0259kat\u0131nda, el\u0259c\u0259 d\u0259 dig\u0259r beyn\u0259lxalq t\u0259\u015fkilatlarda f\u0259aliyy\u0259t g\u00f6st\u0259rir, h\u0259tta qlobal m\u0259s\u0259l\u0259l\u0259rd\u0259 t\u0259\u015f\u0259bb\u00fcskar, ideyaverici kimi \u00f6z u\u011furlu s\u00f6z\u00fcn\u00fc deyir. Bel\u0259 olan v\u0259ziyy\u0259td\u0259 Sorosun \u0259lalt\u0131lar\u0131 vasit\u0259sil\u0259 Avropa \u015euras\u0131nda, yaxud Avropa Parlamentind\u0259 s\u0259sl\u0259n\u0259n q\u0259r\u0259zli fikirl\u0259r, Az\u0259rbaycan \u0259leyhin\u0259 q\u0259bul edil\u0259n \u0259sass\u0131z q\u0259tnam\u0259l\u0259r he\u00e7 bir halda h\u0259qiq\u0259t kimi d\u0259y\u0259rl\u0259ndiril\u0259 bilm\u0259z. Dey\u0259rdim ki, bu c\u00fcr riyakarl\u0131qlar h\u0259m d\u0259 Az\u0259rbaycan xalq\u0131n\u0131n irad\u0259sin\u0259 qar\u015f\u0131 y\u00f6n\u0259ldilmi\u015f bir t\u0259zyiq vasit\u0259sidir. Lakin bel\u0259 c\u0259hdl\u0259r v\u0259 onlar\u0131n icra\u00e7\u0131lar\u0131 he\u00e7 vaxt \u00f6z m\u0259qs\u0259dl\u0259rin\u0259 \u00e7ata bilm\u0259y\u0259c\u0259k. Az\u0259rbaycan \u0259leyhin\u0259 q\u0259bul edil\u0259n \u0259sass\u0131z q\u0259tnam\u0259l\u0259r he\u00e7 bir halda h\u0259qiq\u0259t kimi d\u0259y\u0259rl\u0259ndiril\u0259 bilm\u0259z&#8221;.<\/p>\n","protected":false},"excerpt":{"rendered":"<p>Avropa Parlamenti t\u0259r\u0259find\u0259n q\u0259bul olunmu\u015f &#8220;Mehman H\u00fcseynovla ba\u011fl\u0131 t\u0259cili q\u0259tnam\u0259&#8221;nin Az\u0259rbaycan d\u00f6vl\u0259tin\u0259 qar\u015f\u0131 n\u00f6vb\u0259ti t\u0259zyiq v\u0259 q\u0259r\u0259z kampaniyas\u0131n\u0131n t\u0259rkib hiss\u0259si olmas\u0131 kims\u0259y\u0259 sirr deyil. ARANTV.AZ x\u0259b\u0259r verir ki, bu bar\u0259d\u0259\u00a0Trend-\u0259 a\u00e7\u0131qlamas\u0131nda &#8220;S\u0259s&#8221; q\u0259zetinin ba\u015f redaktoru, siyasi ekspert B\u0259hruz Quliyev bildirib. Onun s\u00f6zl\u0259rin\u0259 g\u00f6r\u0259, bu m\u0259s\u0259l\u0259d\u0259 d\u0259 Sorosun ad\u0131n\u0131n \u00e7\u0259kilm\u0259si \u0259slind\u0259 kims\u0259d\u0259 t\u0259\u0259cc\u00fcb do\u011furmur: &#8220;M\u0259lum olub ki, b\u0259dnam q\u0259tnam\u0259nin h\u0259mm\u00fc\u0259llifl\u0259rind\u0259n biri Cors Sorosun t\u0259r\u0259fda\u015f\u0131 hesab edil\u0259n Rebekka Harmsd\u0131r v\u0259 maraql\u0131 budur ki, o, Sorosla \u0259laq\u0259l\u0259rini inkar el\u0259mir. N\u0259z\u0259r\u0259 alsaq ki, Soros daim Az\u0259rbaycan d\u00f6vl\u0259tinin \u0259leyhin\u0259 f\u0259aliyy\u0259t apar\u0131b, bu zaman bel\u0259 q\u0259na\u0259t\u0259&hellip;<\/p>\n","protected":false},"author":2,"featured_media":33373,"comment_status":"closed","ping_status":"closed","sticky":false,"template":"","format":"standard","meta":{"om_disable_all_campaigns":false,"_monsterinsights_skip_tracking":false,"_monsterinsights_sitenote_active":false,"_monsterinsights_sitenote_note":"","_monsterinsights_sitenote_category":0},"categories":[4],"tags":[],"aioseo_notices":[],"gutentor_comment":0,"rttpg_featured_image_url":{"full":["https:\/\/arantv.az\/wp-content\/uploads\/2019\/01\/722471.jpg",800,600,false],"landscape":["https:\/\/arantv.az\/wp-content\/uploads\/2019\/01\/722471.jpg",800,600,false],"portraits":["https:\/\/arantv.az\/wp-content\/uploads\/2019\/01\/722471.jpg",800,600,false],"thumbnail":["https:\/\/arantv.az\/wp-content\/uploads\/2019\/01\/722471-150x150.jpg",150,150,true],"medium":["https:\/\/arantv.az\/wp-content\/uploads\/2019\/01\/722471-300x225.jpg",300,225,true],"large":["https:\/\/arantv.az\/wp-content\/uploads\/2019\/01\/722471.jpg",640,480,false],"1536x1536":["https:\/\/arantv.az\/wp-content\/uploads\/2019\/01\/722471.jpg",800,600,false],"2048x2048":["https:\/\/arantv.az\/wp-content\/uploads\/2019\/01\/722471.jpg",800,600,false],"post-thumbnail":["https:\/\/arantv.az\/wp-content\/uploads\/2019\/01\/722471-240x172.jpg",240,172,true],"advps-thumb-one":["https:\/\/arantv.az\/wp-content\/uploads\/2019\/01\/722471.jpg",800,600,false]},"rttpg_author":{"display_name":"V\u00fcsal Rafiqo\u011flu","author_link":"https:\/\/arantv.az\/?author=2"},"rttpg_comment":0,"rttpg_category":"<a href=\"https:\/\/arantv.az\/?cat=4\" rel=\"category\">Siyas\u0259t<\/a>","rttpg_excerpt":"Avropa Parlamenti t\u0259r\u0259find\u0259n q\u0259bul olunmu\u015f &#8220;Mehman H\u00fcseynovla ba\u011fl\u0131 t\u0259cili q\u0259tnam\u0259&#8221;nin Az\u0259rbaycan d\u00f6vl\u0259tin\u0259 qar\u015f\u0131 n\u00f6vb\u0259ti t\u0259zyiq v\u0259 q\u0259r\u0259z kampaniyas\u0131n\u0131n t\u0259rkib hiss\u0259si olmas\u0131 kims\u0259y\u0259 sirr deyil. ARANTV.AZ x\u0259b\u0259r verir ki, bu bar\u0259d\u0259\u00a0Trend-\u0259 a\u00e7\u0131qlamas\u0131nda &#8220;S\u0259s&#8221; q\u0259zetinin ba\u015f redaktoru, siyasi ekspert B\u0259hruz Quliyev bildirib. Onun s\u00f6zl\u0259rin\u0259 g\u00f6r\u0259, bu m\u0259s\u0259l\u0259d\u0259 d\u0259 Sorosun ad\u0131n\u0131n \u00e7\u0259kilm\u0259si \u0259slind\u0259 kims\u0259d\u0259 t\u0259\u0259cc\u00fcb do\u011furmur: &#8220;M\u0259lum olub&hellip;","_links":{"self":[{"href":"https:\/\/arantv.az\/index.php?rest_route=\/wp\/v2\/posts\/33372"}],"collection":[{"href":"https:\/\/arantv.az\/index.php?rest_route=\/wp\/v2\/posts"}],"about":[{"href":"https:\/\/arantv.az\/index.php?rest_route=\/wp\/v2\/types\/post"}],"author":[{"embeddable":true,"href":"https:\/\/arantv.az\/index.php?rest_route=\/wp\/v2\/users\/2"}],"replies":[{"embeddable":true,"href":"https:\/\/arantv.az\/index.php?rest_route=%2Fwp%2Fv2%2Fcomments&post=33372"}],"version-history":[{"count":0,"href":"https:\/\/arantv.az\/index.php?rest_route=\/wp\/v2\/posts\/33372\/revisions"}],"wp:featuredmedia":[{"embeddable":true,"href":"https:\/\/arantv.az\/index.php?rest_route=\/wp\/v2\/media\/33373"}],"wp:attachment":[{"href":"https:\/\/arantv.az\/index.php?rest_route=%2Fwp%2Fv2%2Fmedia&parent=33372"}],"wp:term":[{"taxonomy":"category","embeddable":true,"href":"https:\/\/arantv.az\/index.php?rest_route=%2Fwp%2Fv2%2Fcategories&post=33372"},{"taxonomy":"post_tag","embeddable":true,"href":"https:\/\/arantv.az\/index.php?rest_route=%2Fwp%2Fv2%2Ftags&post=33372"}],"curies":[{"name":"wp","href":"https:\/\/api.w.org\/{rel}","templated":true}]}}