{"id":33383,"date":"2019-01-18T15:37:38","date_gmt":"2019-01-18T12:37:38","guid":{"rendered":"http:\/\/arantv.az\/?p=33383"},"modified":"2019-01-18T15:37:38","modified_gmt":"2019-01-18T12:37:38","slug":"q%c9%99nir%c9%99-pasayeva-depresiyyadan-%c9%99ziyy%c9%99t-c%c9%99k%c9%99nl%c9%99rin-sayi-artir","status":"publish","type":"post","link":"https:\/\/arantv.az\/?p=33383","title":{"rendered":"Q\u0259nir\u0259 Pa\u015fayeva: Depresiyyadan \u0259ziyy\u0259t \u00e7\u0259k\u0259nl\u0259rin say\u0131 art\u0131r"},"content":{"rendered":"<p>Son ill\u0259r autizm x\u0259st\u0259liyi \u00e7ox t\u0259hl\u00fck\u0259li hal al\u0131b. Bu x\u0259st\u0259liyin da\u015f\u0131y\u0131c\u0131s\u0131 olan insanlar\u0131n, u\u015faqlar\u0131n say\u0131 ild\u0259n-il\u0259 artmaqdad\u0131r. Bu, h\u0259r birimizi \u00e7ox ciddi \u015f\u0259kild\u0259 narahat edir v\u0259 d\u00fc\u015f\u00fcnd\u00fcr\u00fcr.<\/p>\n<p><strong>ARANTV.AZ<\/strong>-\u0131n x\u0259b\u0259rin\u0259 g\u00f6r\u0259, bunu Milli M\u0259clisin (MM) qar\u015f\u0131dan g\u0259l\u0259n 2019-cu il yaz sessiyas\u0131 il\u0259 ba\u011fl\u0131 parlamentin S\u0259hiyy\u0259 komit\u0259sinin ilk iclas\u0131nda \u00e7\u0131x\u0131\u015f\u0131 zaman\u0131 ad\u0131\u00e7\u0259kil\u0259n komit\u0259nin \u00fczv\u00fc, ixtisasca h\u0259kim olan mill\u0259t v\u0259kili\u00a0<strong>Q\u0259nir\u0259 Pa\u015fayeva<\/strong>\u00a0deyib.<\/p>\n<p>Deputat qeyd edib ki, ail\u0259l\u0259r, valideynl\u0259r t\u0259r\u0259find\u0259n, dem\u0259k olar ki, h\u0259r g\u00fcn ona v\u0259 dig\u0259r mill\u0259t v\u0259kill\u0259rin\u0259 bununla ba\u011fl\u0131 \u00e7oxsayl\u0131 m\u00fcraci\u0259tl\u0259r daxil olur:<\/p>\n<div id=\"AdributorNativeVideo0\" class=\"AdributorNativeVideo\"><\/div>\n<p>\u201cH\u0259r g\u00fcn bununla ba\u011fl\u0131 m\u00fcraci\u0259tl\u0259r al\u0131r\u0131q. Bu, \u00e7ox ciddi, t\u0259hl\u00fck\u0259li bir h\u0259dd al\u0131b. \u0130nsanlar, valideynl\u0259r \u00f6vladlar\u0131n\u0131n taleyind\u0259n, sa\u011flaml\u0131\u011f\u0131ndan ciddi narahatd\u0131rlar. Bu, adi bir x\u0259st\u0259lik deyil, b\u00f6y\u00fck bir b\u0259lad\u0131r.<\/p>\n<p>Ona g\u00f6r\u0259 hesab edir\u0259m ki, h\u0259m bu x\u0259st\u0259likl\u0259 ba\u011fl\u0131 ayr\u0131ca qanun layih\u0259sinin haz\u0131rlan\u0131b, q\u0259bul olunmas\u0131na, h\u0259m d\u0259 bu istiqam\u0259td\u0259 ictimai dinl\u0259m\u0259l\u0259rin t\u0259\u015fkil edilm\u0259sin\u0259 ciddi ehtiyac var. Bu insanlara, autizmd\u0259n \u0259ziyy\u0259t \u00e7\u0259k\u0259nl\u0259r\u0259 diqq\u0259t daha da g\u00fccl\u0259ndirilm\u0259lidir\u201d.<\/p>\n<p>Mill\u0259t v\u0259kili sonra antibiotikl\u0259rin sat\u0131\u015f\u0131 v\u0259 istifad\u0259si m\u0259s\u0259l\u0259sin\u0259 toxunub.<\/p>\n<p>Qeyd edib ki, \u00e7ox t\u0259\u0259ss\u00fcfl\u0259r olsun ki, son ill\u0259r antibiotikl\u0259rd\u0259n istifad\u0259 ed\u0259nl\u0259rin say\u0131 \u00e7oxal\u0131b, x\u00fcsusil\u0259 d\u0259\u00a0u\u015faqlara daha \u00e7ox antibiotikl\u0259r verilir:<\/p>\n<p>\u201c\u00d6z\u00fc d\u0259 \u00e7ox zaman he\u00e7 bir h\u0259kim m\u0259sl\u0259h\u0259ti, h\u0259kim resepti olmadan insanlar, valideynl\u0259r ist\u0259dikl\u0259ri aptekl\u0259rd\u0259n antibiotikl\u0259r al\u0131r v\u0259 istifad\u0259 edirl\u0259r. Daha \u00e7ox da u\u015faqlara bu antibiotikl\u0259r verilir. Hesab edir\u0259m ki, bu, \u00e7ox t\u0259hl\u00fck\u0259li v\u0259 qorxulu bir m\u0259s\u0259l\u0259dir.<\/p>\n<p>\u00c7\u00fcnki bunlar g\u0259l\u0259c\u0259kd\u0259 u\u015faqlar\u0131n e\u015fitm\u0259sind\u0259, g\u00f6rm\u0259sind\u0259 f\u0259sadlar t\u00f6r\u0259d\u0259 bil\u0259r. Ona g\u00f6r\u0259 antibiotikl\u0259rin sat\u0131\u015f\u0131, istifad\u0259si m\u0259s\u0259l\u0259si ciddi diqq\u0259t\u0259, n\u0259zar\u0259t\u0259 al\u0131nmal\u0131d\u0131r, bu m\u0259s\u0259l\u0259d\u0259 \u00f6zba\u015f\u0131nal\u0131\u011fa son qoyulmal\u0131d\u0131r v\u0259 h\u0259m d\u0259 qanunvericiliyin m\u00fcdd\u0259alar\u0131 s\u0259rtl\u0259\u015fdirilml\u0259dir\u201d.<\/p>\n<p>Q. Pa\u015fayeva c\u0259miyy\u0259td\u0259, insanlar aras\u0131nda depressiya hallar\u0131n\u0131n artmas\u0131ndan narahatl\u0131\u011f\u0131n\u0131 bildirib v\u0259 bu m\u0259s\u0259l\u0259 il\u0259 d\u0259 ba\u011fl\u0131 ictimai dinl\u0259m\u0259l\u0259rin ke\u00e7irilm\u0259sinin vacibliyini s\u00f6zl\u0259rin\u0259 \u0259lav\u0259 edib.oxu.az<\/p>\n","protected":false},"excerpt":{"rendered":"<p>Son ill\u0259r autizm x\u0259st\u0259liyi \u00e7ox t\u0259hl\u00fck\u0259li hal al\u0131b. Bu x\u0259st\u0259liyin da\u015f\u0131y\u0131c\u0131s\u0131 olan insanlar\u0131n, u\u015faqlar\u0131n say\u0131 ild\u0259n-il\u0259 artmaqdad\u0131r. Bu, h\u0259r birimizi \u00e7ox ciddi \u015f\u0259kild\u0259 narahat edir v\u0259 d\u00fc\u015f\u00fcnd\u00fcr\u00fcr. ARANTV.AZ-\u0131n x\u0259b\u0259rin\u0259 g\u00f6r\u0259, bunu Milli M\u0259clisin (MM) qar\u015f\u0131dan g\u0259l\u0259n 2019-cu il yaz sessiyas\u0131 il\u0259 ba\u011fl\u0131 parlamentin S\u0259hiyy\u0259 komit\u0259sinin ilk iclas\u0131nda \u00e7\u0131x\u0131\u015f\u0131 zaman\u0131 ad\u0131\u00e7\u0259kil\u0259n komit\u0259nin \u00fczv\u00fc, ixtisasca h\u0259kim olan mill\u0259t v\u0259kili\u00a0Q\u0259nir\u0259 Pa\u015fayeva\u00a0deyib. Deputat qeyd edib ki, ail\u0259l\u0259r, valideynl\u0259r t\u0259r\u0259find\u0259n, dem\u0259k olar ki, h\u0259r g\u00fcn ona v\u0259 dig\u0259r mill\u0259t v\u0259kill\u0259rin\u0259 bununla ba\u011fl\u0131 \u00e7oxsayl\u0131 m\u00fcraci\u0259tl\u0259r daxil olur: \u201cH\u0259r g\u00fcn bununla ba\u011fl\u0131 m\u00fcraci\u0259tl\u0259r al\u0131r\u0131q. Bu, \u00e7ox ciddi,&hellip;<\/p>\n","protected":false},"author":2,"featured_media":33384,"comment_status":"closed","ping_status":"closed","sticky":false,"template":"","format":"standard","meta":{"om_disable_all_campaigns":false,"_monsterinsights_skip_tracking":false,"_monsterinsights_sitenote_active":false,"_monsterinsights_sitenote_note":"","_monsterinsights_sitenote_category":0},"categories":[1],"tags":[],"aioseo_notices":[],"gutentor_comment":0,"rttpg_featured_image_url":{"full":["https:\/\/arantv.az\/wp-content\/uploads\/2019\/01\/1544165972_qenirefdfd.jpg",620,389,false],"landscape":["https:\/\/arantv.az\/wp-content\/uploads\/2019\/01\/1544165972_qenirefdfd.jpg",620,389,false],"portraits":["https:\/\/arantv.az\/wp-content\/uploads\/2019\/01\/1544165972_qenirefdfd.jpg",620,389,false],"thumbnail":["https:\/\/arantv.az\/wp-content\/uploads\/2019\/01\/1544165972_qenirefdfd-150x150.jpg",150,150,true],"medium":["https:\/\/arantv.az\/wp-content\/uploads\/2019\/01\/1544165972_qenirefdfd-300x188.jpg",300,188,true],"large":["https:\/\/arantv.az\/wp-content\/uploads\/2019\/01\/1544165972_qenirefdfd.jpg",620,389,false],"1536x1536":["https:\/\/arantv.az\/wp-content\/uploads\/2019\/01\/1544165972_qenirefdfd.jpg",620,389,false],"2048x2048":["https:\/\/arantv.az\/wp-content\/uploads\/2019\/01\/1544165972_qenirefdfd.jpg",620,389,false],"post-thumbnail":["https:\/\/arantv.az\/wp-content\/uploads\/2019\/01\/1544165972_qenirefdfd-240x172.jpg",240,172,true],"advps-thumb-one":["https:\/\/arantv.az\/wp-content\/uploads\/2019\/01\/1544165972_qenirefdfd.jpg",620,389,false]},"rttpg_author":{"display_name":"V\u00fcsal Rafiqo\u011flu","author_link":"https:\/\/arantv.az\/?author=2"},"rttpg_comment":0,"rttpg_category":"<a href=\"https:\/\/arantv.az\/?cat=1\" rel=\"category\">C\u0259miyy\u0259t<\/a>","rttpg_excerpt":"Son ill\u0259r autizm x\u0259st\u0259liyi \u00e7ox t\u0259hl\u00fck\u0259li hal al\u0131b. Bu x\u0259st\u0259liyin da\u015f\u0131y\u0131c\u0131s\u0131 olan insanlar\u0131n, u\u015faqlar\u0131n say\u0131 ild\u0259n-il\u0259 artmaqdad\u0131r. Bu, h\u0259r birimizi \u00e7ox ciddi \u015f\u0259kild\u0259 narahat edir v\u0259 d\u00fc\u015f\u00fcnd\u00fcr\u00fcr. ARANTV.AZ-\u0131n x\u0259b\u0259rin\u0259 g\u00f6r\u0259, bunu Milli M\u0259clisin (MM) qar\u015f\u0131dan g\u0259l\u0259n 2019-cu il yaz sessiyas\u0131 il\u0259 ba\u011fl\u0131 parlamentin S\u0259hiyy\u0259 komit\u0259sinin ilk iclas\u0131nda \u00e7\u0131x\u0131\u015f\u0131 zaman\u0131 ad\u0131\u00e7\u0259kil\u0259n komit\u0259nin \u00fczv\u00fc, ixtisasca h\u0259kim olan&hellip;","_links":{"self":[{"href":"https:\/\/arantv.az\/index.php?rest_route=\/wp\/v2\/posts\/33383"}],"collection":[{"href":"https:\/\/arantv.az\/index.php?rest_route=\/wp\/v2\/posts"}],"about":[{"href":"https:\/\/arantv.az\/index.php?rest_route=\/wp\/v2\/types\/post"}],"author":[{"embeddable":true,"href":"https:\/\/arantv.az\/index.php?rest_route=\/wp\/v2\/users\/2"}],"replies":[{"embeddable":true,"href":"https:\/\/arantv.az\/index.php?rest_route=%2Fwp%2Fv2%2Fcomments&post=33383"}],"version-history":[{"count":0,"href":"https:\/\/arantv.az\/index.php?rest_route=\/wp\/v2\/posts\/33383\/revisions"}],"wp:featuredmedia":[{"embeddable":true,"href":"https:\/\/arantv.az\/index.php?rest_route=\/wp\/v2\/media\/33384"}],"wp:attachment":[{"href":"https:\/\/arantv.az\/index.php?rest_route=%2Fwp%2Fv2%2Fmedia&parent=33383"}],"wp:term":[{"taxonomy":"category","embeddable":true,"href":"https:\/\/arantv.az\/index.php?rest_route=%2Fwp%2Fv2%2Fcategories&post=33383"},{"taxonomy":"post_tag","embeddable":true,"href":"https:\/\/arantv.az\/index.php?rest_route=%2Fwp%2Fv2%2Ftags&post=33383"}],"curies":[{"name":"wp","href":"https:\/\/api.w.org\/{rel}","templated":true}]}}