{"id":33386,"date":"2019-01-18T15:38:56","date_gmt":"2019-01-18T12:38:56","guid":{"rendered":"http:\/\/arantv.az\/?p=33386"},"modified":"2019-01-18T15:38:56","modified_gmt":"2019-01-18T12:38:56","slug":"asan-xidm%c9%99t-m%c9%99rk%c9%99zl%c9%99rinin-sayi-20-y%c9%99-catdirilacaq-aciqlama","status":"publish","type":"post","link":"https:\/\/arantv.az\/?p=33386","title":{"rendered":"\u201cASAN xidm\u0259t\u201d m\u0259rk\u0259zl\u0259rinin say\u0131 20-y\u0259 \u00e7atd\u0131r\u0131lacaq &#8211; A\u00c7IQLAMA"},"content":{"rendered":"<p>Haz\u0131rda prezident \u0130lham \u018fliyevin \u00f6t\u0259n g\u00fcn imzalad\u0131\u011f\u0131 f\u0259rmanla ba\u011fl\u0131\u00a0m\u00fcvafiq prosesl\u0259rinin daha s\u0259m\u0259r\u0259li formada t\u0259nziml\u0259nm\u0259si m\u0259qs\u0259di il\u0259 \u0130\u015f\u00e7i Qrup formala\u015f\u0131b.<\/p>\n<p><strong>ARANTV.AZ<\/strong>-\u0131n m\u0259lumat\u0131na g\u00f6r\u0259, bunu jurnalistl\u0259r\u0259 a\u00e7\u0131qlamas\u0131nda \u201cASAN xidm\u0259t\u201din ictimaiyy\u0259tl\u0259 \u0259laq\u0259l\u0259r \u015f\u00f6b\u0259sinin m\u00fcdiri\u00a0<strong>Elnur Nift\u0259liyev<\/strong>\u00a0deyib.<\/p>\n<p>Onun s\u00f6zl\u0259rin\u0259 g\u00f6r\u0259, f\u0259rman\u0131n icras\u0131na q\u0131sa m\u00fcdd\u0259td\u0259 ba\u015flan\u0131l\u0131b:<\/p>\n<div id=\"AdributorNativeVideo0\" class=\"AdributorNativeVideo\"><\/div>\n<p>\u201cYanvar\u0131n 17-d\u0259 prezident\u00a0\u0130lham \u018fliyev bir s\u0131ra d\u00f6vl\u0259t orqanlar\u0131n\u0131n strukturunun optimalla\u015fd\u0131r\u0131lmas\u0131 v\u0259 idar\u0259 edilm\u0259sinin t\u0259kmill\u0259\u015fdirilm\u0259si il\u0259 ba\u011fl\u0131 \u0259lav\u0259 t\u0259dbirl\u0259r haqq\u0131nda f\u0259rman imzalay\u0131b.<\/p>\n<p>F\u0259rmana \u0259sas\u0259n, Bak\u0131 \u015f\u0259h\u0259rind\u0259, habel\u0259 \u201cASAN xidm\u0259t\u201d m\u0259rk\u0259zl\u0259rinin yerl\u0259\u015fdiyi Az\u0259rbaycan Respublikas\u0131n\u0131n dig\u0259r inzibati \u0259razi vahidl\u0259rind\u0259 \u201cAz\u0259rbaycan Respublikas\u0131n\u0131n Prezidenti yan\u0131nda V\u0259t\u0259nda\u015flara Xidm\u0259t v\u0259 Sosial \u0130nnovasiyalar \u00fczr\u0259 D\u00f6vl\u0259t Agentliyinin f\u0259aliyy\u0259tinin t\u0259min edilm\u0259si haqq\u0131nda\u201d Az\u0259rbaycan Respublikas\u0131 prezidentinin 2012-ci il 5 sentyabr tarixli 706 n\u00f6mr\u0259li F\u0259rman\u0131n\u0131n 5-ci hiss\u0259sind\u0259 n\u0259z\u0259rd\u0259 tutulan d\u00f6vl\u0259t xidm\u0259tl\u0259rinin yaln\u0131z \u201cASAN xidm\u0259t\u201d m\u0259rk\u0259zl\u0259rind\u0259 h\u0259yata ke\u00e7irilm\u0259si tap\u015f\u0131r\u0131l\u0131b.<\/p>\n<p>Bununla da, \u201cASAN xidm\u0259t\u201d m\u0259rk\u0259zl\u0259ri m\u00fcvafiq d\u00f6vl\u0259t xidm\u0259tl\u0259rinin alternativsiz formada h\u0259yata ke\u00e7irildiyi vahid m\u0259kana \u00e7evrilir\u201d.<\/p>\n<p>Elnur Nift\u0259liyev qeyd edib ki, bu il \u0259rzind\u0259 \u201cASAN xidm\u0259t\u201d m\u0259rk\u0259zl\u0259rinin say\u0131 art\u0131r\u0131lacaq:<\/p>\n<p>\u201cHaz\u0131rda m\u00fcvafiq prosesl\u0259rinin daha s\u0259m\u0259r\u0259li formada t\u0259nziml\u0259nm\u0259si m\u0259qs\u0259dil\u0259 \u0130\u015f\u00e7i Qrup formala\u015fd\u0131r\u0131l\u0131b. H\u0259m\u00e7inin, aidiyy\u0259ti qurumlarla birg\u0259 t\u0259dbirl\u0259rin h\u0259yata ke\u00e7irilm\u0259si davam etdirilir. F\u0259rman\u0131n icras\u0131na \u0259n q\u0131sa m\u00fcdd\u0259td\u0259 ba\u015flan\u0131lacaq. Haz\u0131rda 15 \u201cASAN xidm\u0259t\u201d m\u0259rk\u0259zi f\u0259aliyy\u0259t g\u00f6st\u0259rir.<\/p>\n<p>Onlardan be\u015fi paytaxtda olmaqla, dig\u0259rl\u0259ri Sumqay\u0131t, G\u0259nc\u0259, Sabirabad, B\u0259rd\u0259, Q\u0259b\u0259l\u0259, Masall\u0131, Quba, Ming\u0259\u00e7evir, \u0130mi\u015fli v\u0259 \u015e\u0259kid\u0259dir. 2019-cu ilin sonuna kimi \u201cASAN xidm\u0259t\u201d m\u0259rk\u0259zl\u0259rinin\u00a0say\u0131\u00a020-y\u0259 \u00e7atd\u0131r\u0131lacaq\u201d.oxu.az<\/p>\n","protected":false},"excerpt":{"rendered":"<p>Haz\u0131rda prezident \u0130lham \u018fliyevin \u00f6t\u0259n g\u00fcn imzalad\u0131\u011f\u0131 f\u0259rmanla ba\u011fl\u0131\u00a0m\u00fcvafiq prosesl\u0259rinin daha s\u0259m\u0259r\u0259li formada t\u0259nziml\u0259nm\u0259si m\u0259qs\u0259di il\u0259 \u0130\u015f\u00e7i Qrup formala\u015f\u0131b. ARANTV.AZ-\u0131n m\u0259lumat\u0131na g\u00f6r\u0259, bunu jurnalistl\u0259r\u0259 a\u00e7\u0131qlamas\u0131nda \u201cASAN xidm\u0259t\u201din ictimaiyy\u0259tl\u0259 \u0259laq\u0259l\u0259r \u015f\u00f6b\u0259sinin m\u00fcdiri\u00a0Elnur Nift\u0259liyev\u00a0deyib. Onun s\u00f6zl\u0259rin\u0259 g\u00f6r\u0259, f\u0259rman\u0131n icras\u0131na q\u0131sa m\u00fcdd\u0259td\u0259 ba\u015flan\u0131l\u0131b: \u201cYanvar\u0131n 17-d\u0259 prezident\u00a0\u0130lham \u018fliyev bir s\u0131ra d\u00f6vl\u0259t orqanlar\u0131n\u0131n strukturunun optimalla\u015fd\u0131r\u0131lmas\u0131 v\u0259 idar\u0259 edilm\u0259sinin t\u0259kmill\u0259\u015fdirilm\u0259si il\u0259 ba\u011fl\u0131 \u0259lav\u0259 t\u0259dbirl\u0259r haqq\u0131nda f\u0259rman imzalay\u0131b. F\u0259rmana \u0259sas\u0259n, Bak\u0131 \u015f\u0259h\u0259rind\u0259, habel\u0259 \u201cASAN xidm\u0259t\u201d m\u0259rk\u0259zl\u0259rinin yerl\u0259\u015fdiyi Az\u0259rbaycan Respublikas\u0131n\u0131n dig\u0259r inzibati \u0259razi vahidl\u0259rind\u0259 \u201cAz\u0259rbaycan Respublikas\u0131n\u0131n Prezidenti yan\u0131nda V\u0259t\u0259nda\u015flara Xidm\u0259t v\u0259 Sosial \u0130nnovasiyalar \u00fczr\u0259 D\u00f6vl\u0259t Agentliyinin f\u0259aliyy\u0259tinin t\u0259min&hellip;<\/p>\n","protected":false},"author":2,"featured_media":33387,"comment_status":"closed","ping_status":"closed","sticky":false,"template":"","format":"standard","meta":{"om_disable_all_campaigns":false,"_monsterinsights_skip_tracking":false,"_monsterinsights_sitenote_active":false,"_monsterinsights_sitenote_note":"","_monsterinsights_sitenote_category":0},"categories":[1],"tags":[],"aioseo_notices":[],"gutentor_comment":0,"rttpg_featured_image_url":{"full":["https:\/\/arantv.az\/wp-content\/uploads\/2019\/01\/Clipboard01-1-1.jpg",620,384,false],"landscape":["https:\/\/arantv.az\/wp-content\/uploads\/2019\/01\/Clipboard01-1-1.jpg",620,384,false],"portraits":["https:\/\/arantv.az\/wp-content\/uploads\/2019\/01\/Clipboard01-1-1.jpg",620,384,false],"thumbnail":["https:\/\/arantv.az\/wp-content\/uploads\/2019\/01\/Clipboard01-1-1-150x150.jpg",150,150,true],"medium":["https:\/\/arantv.az\/wp-content\/uploads\/2019\/01\/Clipboard01-1-1-300x186.jpg",300,186,true],"large":["https:\/\/arantv.az\/wp-content\/uploads\/2019\/01\/Clipboard01-1-1.jpg",620,384,false],"1536x1536":["https:\/\/arantv.az\/wp-content\/uploads\/2019\/01\/Clipboard01-1-1.jpg",620,384,false],"2048x2048":["https:\/\/arantv.az\/wp-content\/uploads\/2019\/01\/Clipboard01-1-1.jpg",620,384,false],"post-thumbnail":["https:\/\/arantv.az\/wp-content\/uploads\/2019\/01\/Clipboard01-1-1-240x172.jpg",240,172,true],"advps-thumb-one":["https:\/\/arantv.az\/wp-content\/uploads\/2019\/01\/Clipboard01-1-1.jpg",620,384,false]},"rttpg_author":{"display_name":"V\u00fcsal Rafiqo\u011flu","author_link":"https:\/\/arantv.az\/?author=2"},"rttpg_comment":0,"rttpg_category":"<a href=\"https:\/\/arantv.az\/?cat=1\" rel=\"category\">C\u0259miyy\u0259t<\/a>","rttpg_excerpt":"Haz\u0131rda prezident \u0130lham \u018fliyevin \u00f6t\u0259n g\u00fcn imzalad\u0131\u011f\u0131 f\u0259rmanla ba\u011fl\u0131\u00a0m\u00fcvafiq prosesl\u0259rinin daha s\u0259m\u0259r\u0259li formada t\u0259nziml\u0259nm\u0259si m\u0259qs\u0259di il\u0259 \u0130\u015f\u00e7i Qrup formala\u015f\u0131b. ARANTV.AZ-\u0131n m\u0259lumat\u0131na g\u00f6r\u0259, bunu jurnalistl\u0259r\u0259 a\u00e7\u0131qlamas\u0131nda \u201cASAN xidm\u0259t\u201din ictimaiyy\u0259tl\u0259 \u0259laq\u0259l\u0259r \u015f\u00f6b\u0259sinin m\u00fcdiri\u00a0Elnur Nift\u0259liyev\u00a0deyib. Onun s\u00f6zl\u0259rin\u0259 g\u00f6r\u0259, f\u0259rman\u0131n icras\u0131na q\u0131sa m\u00fcdd\u0259td\u0259 ba\u015flan\u0131l\u0131b: \u201cYanvar\u0131n 17-d\u0259 prezident\u00a0\u0130lham \u018fliyev bir s\u0131ra d\u00f6vl\u0259t orqanlar\u0131n\u0131n strukturunun optimalla\u015fd\u0131r\u0131lmas\u0131 v\u0259 idar\u0259 edilm\u0259sinin t\u0259kmill\u0259\u015fdirilm\u0259si il\u0259&hellip;","_links":{"self":[{"href":"https:\/\/arantv.az\/index.php?rest_route=\/wp\/v2\/posts\/33386"}],"collection":[{"href":"https:\/\/arantv.az\/index.php?rest_route=\/wp\/v2\/posts"}],"about":[{"href":"https:\/\/arantv.az\/index.php?rest_route=\/wp\/v2\/types\/post"}],"author":[{"embeddable":true,"href":"https:\/\/arantv.az\/index.php?rest_route=\/wp\/v2\/users\/2"}],"replies":[{"embeddable":true,"href":"https:\/\/arantv.az\/index.php?rest_route=%2Fwp%2Fv2%2Fcomments&post=33386"}],"version-history":[{"count":0,"href":"https:\/\/arantv.az\/index.php?rest_route=\/wp\/v2\/posts\/33386\/revisions"}],"wp:featuredmedia":[{"embeddable":true,"href":"https:\/\/arantv.az\/index.php?rest_route=\/wp\/v2\/media\/33387"}],"wp:attachment":[{"href":"https:\/\/arantv.az\/index.php?rest_route=%2Fwp%2Fv2%2Fmedia&parent=33386"}],"wp:term":[{"taxonomy":"category","embeddable":true,"href":"https:\/\/arantv.az\/index.php?rest_route=%2Fwp%2Fv2%2Fcategories&post=33386"},{"taxonomy":"post_tag","embeddable":true,"href":"https:\/\/arantv.az\/index.php?rest_route=%2Fwp%2Fv2%2Ftags&post=33386"}],"curies":[{"name":"wp","href":"https:\/\/api.w.org\/{rel}","templated":true}]}}