{"id":33399,"date":"2019-01-18T16:11:33","date_gmt":"2019-01-18T13:11:33","guid":{"rendered":"http:\/\/arantv.az\/?p=33399"},"modified":"2019-01-18T16:11:33","modified_gmt":"2019-01-18T13:11:33","slug":"b%c9%99zi-xidm%c9%99tl%c9%99r-alternativsiz-olaraq-asan-xidm%c9%99td%c9%99-gost%c9%99ril%c9%99c%c9%99k","status":"publish","type":"post","link":"https:\/\/arantv.az\/?p=33399","title":{"rendered":"B\u0259zi xidm\u0259tl\u0259r alternativsiz olaraq \u201cASAN xidm\u0259t\u201dd\u0259 g\u00f6st\u0259ril\u0259c\u0259k"},"content":{"rendered":"<p>D\u00f6vl\u0259t ba\u015f\u00e7\u0131s\u0131n\u0131n f\u0259rman\u0131 il\u0259\u00a0ba\u011fl\u0131\u00a0m\u00fcvafiq prosesl\u0259r regionlarda da realla\u015fd\u0131r\u0131lacaq.<\/p>\n<p><strong>ARANTV.AZ<\/strong>-\u0131n m\u0259lumat\u0131na g\u00f6r\u0259, bunu jurnalistl\u0259r\u0259 a\u00e7\u0131qlamas\u0131nda \u201cASAN xidm\u0259t\u201din ictimaiyy\u0259tl\u0259 \u0259laq\u0259l\u0259r \u015f\u00f6b\u0259sinin m\u00fcdiri<strong>\u00a0Elnur Nift\u0259liyev\u00a0<\/strong>deyib.<\/p>\n<p>Onun s\u00f6zl\u0259rin\u0259 g\u00f6r\u0259, Bak\u0131 \u015f\u0259h\u0259rind\u0259 b\u0259zi xidm\u0259tl\u0259r\u00a0alternativsiz olaraq \u201cASAN xidm\u0259t\u201d\u00a0 m\u0259rk\u0259zl\u0259rind\u0259 g\u00f6st\u0259ril\u0259c\u0259k:<\/p>\n<div id=\"AdributorNativeVideo0\" class=\"AdributorNativeVideo\"><\/div>\n<p>\u201cRegionlar\u0131m\u0131zda is\u0259 v\u0259ziyy\u0259t bir q\u0259d\u0259r f\u0259rqlidir. Tutaq ki, Qubada \u201cASAN xidm\u0259t\u201d\u00a0m\u0259rk\u0259zi oldu\u011fu \u00fc\u00e7\u00fcn yaln\u0131z Quba sakinl\u0259rin\u0259 bu xidm\u0259tl\u0259r alternativsiz olacaq. Amma qon\u015fu rayonun sakinl\u0259rin\u0259 yen\u0259 d\u0259 dig\u0259r d\u00f6vl\u0259t qurumlar\u0131 xidm\u0259t g\u00f6st\u0259r\u0259c\u0259k\u201d.<\/p>\n<p>Elnur Nift\u0259liyev qeyd edib ki, daha \u00e7ox m\u00fcraci\u0259t olunan d\u00f6vl\u0259t xidm\u0259tl\u0259ri il\u0259 ba\u011fl\u0131 t\u0259hlill\u0259r apar\u0131lacaq:<\/p>\n<p>\u201cOla bilsin ki,\u00a0g\u0259l\u0259c\u0259kd\u0259 p\u0259nc\u0259r\u0259l\u0259rin\u00a0v\u0259 \u0259m\u0259kda\u015flar\u0131n say\u0131 art\u0131r\u0131ls\u0131n. Bu t\u0259hlill\u0259rin n\u0259tic\u0259si olaraq f\u0259rman\u0131n icras\u0131na q\u0131sa m\u00fcdd\u0259td\u0259 ba\u015flan\u0131lacaq\u201d.<\/p>\n<p>oxu.az<\/p>\n","protected":false},"excerpt":{"rendered":"<p>D\u00f6vl\u0259t ba\u015f\u00e7\u0131s\u0131n\u0131n f\u0259rman\u0131 il\u0259\u00a0ba\u011fl\u0131\u00a0m\u00fcvafiq prosesl\u0259r regionlarda da realla\u015fd\u0131r\u0131lacaq. ARANTV.AZ-\u0131n m\u0259lumat\u0131na g\u00f6r\u0259, bunu jurnalistl\u0259r\u0259 a\u00e7\u0131qlamas\u0131nda \u201cASAN xidm\u0259t\u201din ictimaiyy\u0259tl\u0259 \u0259laq\u0259l\u0259r \u015f\u00f6b\u0259sinin m\u00fcdiri\u00a0Elnur Nift\u0259liyev\u00a0deyib. Onun s\u00f6zl\u0259rin\u0259 g\u00f6r\u0259, Bak\u0131 \u015f\u0259h\u0259rind\u0259 b\u0259zi xidm\u0259tl\u0259r\u00a0alternativsiz olaraq \u201cASAN xidm\u0259t\u201d\u00a0 m\u0259rk\u0259zl\u0259rind\u0259 g\u00f6st\u0259ril\u0259c\u0259k: \u201cRegionlar\u0131m\u0131zda is\u0259 v\u0259ziyy\u0259t bir q\u0259d\u0259r f\u0259rqlidir. Tutaq ki, Qubada \u201cASAN xidm\u0259t\u201d\u00a0m\u0259rk\u0259zi oldu\u011fu \u00fc\u00e7\u00fcn yaln\u0131z Quba sakinl\u0259rin\u0259 bu xidm\u0259tl\u0259r alternativsiz olacaq. Amma qon\u015fu rayonun sakinl\u0259rin\u0259 yen\u0259 d\u0259 dig\u0259r d\u00f6vl\u0259t qurumlar\u0131 xidm\u0259t g\u00f6st\u0259r\u0259c\u0259k\u201d. Elnur Nift\u0259liyev qeyd edib ki, daha \u00e7ox m\u00fcraci\u0259t olunan d\u00f6vl\u0259t xidm\u0259tl\u0259ri il\u0259 ba\u011fl\u0131 t\u0259hlill\u0259r apar\u0131lacaq: \u201cOla bilsin ki,\u00a0g\u0259l\u0259c\u0259kd\u0259 p\u0259nc\u0259r\u0259l\u0259rin\u00a0v\u0259 \u0259m\u0259kda\u015flar\u0131n say\u0131 art\u0131r\u0131ls\u0131n. Bu t\u0259hlill\u0259rin n\u0259tic\u0259si olaraq&hellip;<\/p>\n","protected":false},"author":2,"featured_media":33400,"comment_status":"closed","ping_status":"closed","sticky":false,"template":"","format":"standard","meta":{"om_disable_all_campaigns":false,"_monsterinsights_skip_tracking":false,"_monsterinsights_sitenote_active":false,"_monsterinsights_sitenote_note":"","_monsterinsights_sitenote_category":0},"categories":[1],"tags":[],"aioseo_notices":[],"gutentor_comment":0,"rttpg_featured_image_url":{"full":["https:\/\/arantv.az\/wp-content\/uploads\/2019\/01\/46c10dfa-46f7-4713-83c5-83816c51dcbf.jpg",620,350,false],"landscape":["https:\/\/arantv.az\/wp-content\/uploads\/2019\/01\/46c10dfa-46f7-4713-83c5-83816c51dcbf.jpg",620,350,false],"portraits":["https:\/\/arantv.az\/wp-content\/uploads\/2019\/01\/46c10dfa-46f7-4713-83c5-83816c51dcbf.jpg",620,350,false],"thumbnail":["https:\/\/arantv.az\/wp-content\/uploads\/2019\/01\/46c10dfa-46f7-4713-83c5-83816c51dcbf-150x150.jpg",150,150,true],"medium":["https:\/\/arantv.az\/wp-content\/uploads\/2019\/01\/46c10dfa-46f7-4713-83c5-83816c51dcbf-300x169.jpg",300,169,true],"large":["https:\/\/arantv.az\/wp-content\/uploads\/2019\/01\/46c10dfa-46f7-4713-83c5-83816c51dcbf.jpg",620,350,false],"1536x1536":["https:\/\/arantv.az\/wp-content\/uploads\/2019\/01\/46c10dfa-46f7-4713-83c5-83816c51dcbf.jpg",620,350,false],"2048x2048":["https:\/\/arantv.az\/wp-content\/uploads\/2019\/01\/46c10dfa-46f7-4713-83c5-83816c51dcbf.jpg",620,350,false],"post-thumbnail":["https:\/\/arantv.az\/wp-content\/uploads\/2019\/01\/46c10dfa-46f7-4713-83c5-83816c51dcbf-240x172.jpg",240,172,true],"advps-thumb-one":["https:\/\/arantv.az\/wp-content\/uploads\/2019\/01\/46c10dfa-46f7-4713-83c5-83816c51dcbf.jpg",620,350,false]},"rttpg_author":{"display_name":"V\u00fcsal Rafiqo\u011flu","author_link":"https:\/\/arantv.az\/?author=2"},"rttpg_comment":0,"rttpg_category":"<a href=\"https:\/\/arantv.az\/?cat=1\" rel=\"category\">C\u0259miyy\u0259t<\/a>","rttpg_excerpt":"D\u00f6vl\u0259t ba\u015f\u00e7\u0131s\u0131n\u0131n f\u0259rman\u0131 il\u0259\u00a0ba\u011fl\u0131\u00a0m\u00fcvafiq prosesl\u0259r regionlarda da realla\u015fd\u0131r\u0131lacaq. ARANTV.AZ-\u0131n m\u0259lumat\u0131na g\u00f6r\u0259, bunu jurnalistl\u0259r\u0259 a\u00e7\u0131qlamas\u0131nda \u201cASAN xidm\u0259t\u201din ictimaiyy\u0259tl\u0259 \u0259laq\u0259l\u0259r \u015f\u00f6b\u0259sinin m\u00fcdiri\u00a0Elnur Nift\u0259liyev\u00a0deyib. Onun s\u00f6zl\u0259rin\u0259 g\u00f6r\u0259, Bak\u0131 \u015f\u0259h\u0259rind\u0259 b\u0259zi xidm\u0259tl\u0259r\u00a0alternativsiz olaraq \u201cASAN xidm\u0259t\u201d\u00a0 m\u0259rk\u0259zl\u0259rind\u0259 g\u00f6st\u0259ril\u0259c\u0259k: \u201cRegionlar\u0131m\u0131zda is\u0259 v\u0259ziyy\u0259t bir q\u0259d\u0259r f\u0259rqlidir. Tutaq ki, Qubada \u201cASAN xidm\u0259t\u201d\u00a0m\u0259rk\u0259zi oldu\u011fu \u00fc\u00e7\u00fcn yaln\u0131z Quba sakinl\u0259rin\u0259 bu xidm\u0259tl\u0259r alternativsiz olacaq. Amma qon\u015fu&hellip;","_links":{"self":[{"href":"https:\/\/arantv.az\/index.php?rest_route=\/wp\/v2\/posts\/33399"}],"collection":[{"href":"https:\/\/arantv.az\/index.php?rest_route=\/wp\/v2\/posts"}],"about":[{"href":"https:\/\/arantv.az\/index.php?rest_route=\/wp\/v2\/types\/post"}],"author":[{"embeddable":true,"href":"https:\/\/arantv.az\/index.php?rest_route=\/wp\/v2\/users\/2"}],"replies":[{"embeddable":true,"href":"https:\/\/arantv.az\/index.php?rest_route=%2Fwp%2Fv2%2Fcomments&post=33399"}],"version-history":[{"count":0,"href":"https:\/\/arantv.az\/index.php?rest_route=\/wp\/v2\/posts\/33399\/revisions"}],"wp:featuredmedia":[{"embeddable":true,"href":"https:\/\/arantv.az\/index.php?rest_route=\/wp\/v2\/media\/33400"}],"wp:attachment":[{"href":"https:\/\/arantv.az\/index.php?rest_route=%2Fwp%2Fv2%2Fmedia&parent=33399"}],"wp:term":[{"taxonomy":"category","embeddable":true,"href":"https:\/\/arantv.az\/index.php?rest_route=%2Fwp%2Fv2%2Fcategories&post=33399"},{"taxonomy":"post_tag","embeddable":true,"href":"https:\/\/arantv.az\/index.php?rest_route=%2Fwp%2Fv2%2Ftags&post=33399"}],"curies":[{"name":"wp","href":"https:\/\/api.w.org\/{rel}","templated":true}]}}