{"id":334153,"date":"2021-05-05T10:03:03","date_gmt":"2021-05-05T07:03:03","guid":{"rendered":"https:\/\/arantv.az\/?p=334153"},"modified":"2021-05-05T10:03:03","modified_gmt":"2021-05-05T07:03:03","slug":"meksikada-uc-gunluk-mat%c9%99m-elan-edildi","status":"publish","type":"post","link":"https:\/\/arantv.az\/?p=334153","title":{"rendered":"Meksikada \u00fc\u00e7 g\u00fcnl\u00fck mat\u0259m elan edildi"},"content":{"rendered":"<p>Meksika Prezidenti Andres Manuel Lopez Obrador metro f\u0259lak\u0259ti il\u0259 \u0259laq\u0259dar \u00f6lk\u0259d\u0259 \u00fc\u00e7 g\u00fcnl\u00fck mat\u0259m elan edib.<\/p>\n<p>\u201cR\u0130A Novosti\u201dnin m\u0259lumat\u0131na g\u00f6r\u0259, bu bar\u0259d\u0259 f\u0259rman Federasiyan\u0131n r\u0259smi g\u00fcnd\u0259liyind\u0259 d\u0259rc olunub.<\/p>\n<p>Bildirilir ki, prezidentin f\u0259rman\u0131 d\u0259rc edildiyi g\u00fcnd\u0259n q\u00fcvv\u0259y\u0259 minir v\u0259 7 may daxil olmaqla q\u00fcvv\u0259d\u0259 olacaq, d\u00f6vl\u0259t bayraqlar\u0131 4 v\u0259 6 may tarixl\u0259rind\u0259 endirilm\u0259lidir.<\/p>\n<p>Xat\u0131rladaq ki, Meksikan\u0131n paytaxt\u0131 Mexikoda \u00fcz\u0259rind\u0259 qatar olan metro k\u00f6rp\u00fcs\u00fc \u00e7\u00f6k\u00fcb. Faci\u0259 n\u0259tic\u0259sind\u0259 24 n\u0259f\u0259r h\u0259lak olub, 79 n\u0259f\u0259r yaralan\u0131b.<\/p>\n<p>Hadis\u0259nin s\u0259b\u0259bl\u0259ri il\u0259 ba\u011fl\u0131 istintaq\u00a0ba\u015flan\u0131b.<\/p>\n","protected":false},"excerpt":{"rendered":"<p>Meksika Prezidenti Andres Manuel Lopez Obrador metro f\u0259lak\u0259ti il\u0259 \u0259laq\u0259dar \u00f6lk\u0259d\u0259 \u00fc\u00e7 g\u00fcnl\u00fck mat\u0259m elan edib. \u201cR\u0130A Novosti\u201dnin m\u0259lumat\u0131na g\u00f6r\u0259, bu bar\u0259d\u0259 f\u0259rman Federasiyan\u0131n r\u0259smi g\u00fcnd\u0259liyind\u0259 d\u0259rc olunub. Bildirilir ki, prezidentin f\u0259rman\u0131 d\u0259rc edildiyi g\u00fcnd\u0259n q\u00fcvv\u0259y\u0259 minir v\u0259 7 may daxil olmaqla q\u00fcvv\u0259d\u0259 olacaq, d\u00f6vl\u0259t bayraqlar\u0131 4 v\u0259 6 may tarixl\u0259rind\u0259 endirilm\u0259lidir. Xat\u0131rladaq ki, Meksikan\u0131n paytaxt\u0131 Mexikoda \u00fcz\u0259rind\u0259 qatar olan metro k\u00f6rp\u00fcs\u00fc \u00e7\u00f6k\u00fcb. Faci\u0259 n\u0259tic\u0259sind\u0259 24 n\u0259f\u0259r h\u0259lak olub, 79 n\u0259f\u0259r yaralan\u0131b. Hadis\u0259nin s\u0259b\u0259bl\u0259ri il\u0259 ba\u011fl\u0131 istintaq\u00a0ba\u015flan\u0131b.<\/p>\n","protected":false},"author":2,"featured_media":334154,"comment_status":"closed","ping_status":"closed","sticky":false,"template":"","format":"standard","meta":{"om_disable_all_campaigns":false,"_monsterinsights_skip_tracking":false,"_monsterinsights_sitenote_active":false,"_monsterinsights_sitenote_note":"","_monsterinsights_sitenote_category":0},"categories":[7],"tags":[],"aioseo_notices":[],"gutentor_comment":0,"rttpg_featured_image_url":{"full":["https:\/\/arantv.az\/wp-content\/uploads\/2021\/05\/2021-05-04T045710Z_993202004_RC2S8N972QP0_RTRMADP_3_MEXICO-TRAIN-ACCIDENT.jpg",620,349,false],"landscape":["https:\/\/arantv.az\/wp-content\/uploads\/2021\/05\/2021-05-04T045710Z_993202004_RC2S8N972QP0_RTRMADP_3_MEXICO-TRAIN-ACCIDENT.jpg",620,349,false],"portraits":["https:\/\/arantv.az\/wp-content\/uploads\/2021\/05\/2021-05-04T045710Z_993202004_RC2S8N972QP0_RTRMADP_3_MEXICO-TRAIN-ACCIDENT.jpg",620,349,false],"thumbnail":["https:\/\/arantv.az\/wp-content\/uploads\/2021\/05\/2021-05-04T045710Z_993202004_RC2S8N972QP0_RTRMADP_3_MEXICO-TRAIN-ACCIDENT-500x280.jpg",500,280,true],"medium":["https:\/\/arantv.az\/wp-content\/uploads\/2021\/05\/2021-05-04T045710Z_993202004_RC2S8N972QP0_RTRMADP_3_MEXICO-TRAIN-ACCIDENT.jpg",620,349,false],"large":["https:\/\/arantv.az\/wp-content\/uploads\/2021\/05\/2021-05-04T045710Z_993202004_RC2S8N972QP0_RTRMADP_3_MEXICO-TRAIN-ACCIDENT.jpg",620,349,false],"1536x1536":["https:\/\/arantv.az\/wp-content\/uploads\/2021\/05\/2021-05-04T045710Z_993202004_RC2S8N972QP0_RTRMADP_3_MEXICO-TRAIN-ACCIDENT.jpg",620,349,false],"2048x2048":["https:\/\/arantv.az\/wp-content\/uploads\/2021\/05\/2021-05-04T045710Z_993202004_RC2S8N972QP0_RTRMADP_3_MEXICO-TRAIN-ACCIDENT.jpg",620,349,false],"post-thumbnail":["https:\/\/arantv.az\/wp-content\/uploads\/2021\/05\/2021-05-04T045710Z_993202004_RC2S8N972QP0_RTRMADP_3_MEXICO-TRAIN-ACCIDENT-240x172.jpg",240,172,true],"advps-thumb-one":["https:\/\/arantv.az\/wp-content\/uploads\/2021\/05\/2021-05-04T045710Z_993202004_RC2S8N972QP0_RTRMADP_3_MEXICO-TRAIN-ACCIDENT.jpg",620,349,false]},"rttpg_author":{"display_name":"V\u00fcsal Rafiqo\u011flu","author_link":"https:\/\/arantv.az\/?author=2"},"rttpg_comment":0,"rttpg_category":"<a href=\"https:\/\/arantv.az\/?cat=7\" rel=\"category\">D\u00fcnya<\/a>","rttpg_excerpt":"Meksika Prezidenti Andres Manuel Lopez Obrador metro f\u0259lak\u0259ti il\u0259 \u0259laq\u0259dar \u00f6lk\u0259d\u0259 \u00fc\u00e7 g\u00fcnl\u00fck mat\u0259m elan edib. \u201cR\u0130A Novosti\u201dnin m\u0259lumat\u0131na g\u00f6r\u0259, bu bar\u0259d\u0259 f\u0259rman Federasiyan\u0131n r\u0259smi g\u00fcnd\u0259liyind\u0259 d\u0259rc olunub. Bildirilir ki, prezidentin f\u0259rman\u0131 d\u0259rc edildiyi g\u00fcnd\u0259n q\u00fcvv\u0259y\u0259 minir v\u0259 7 may daxil olmaqla q\u00fcvv\u0259d\u0259 olacaq, d\u00f6vl\u0259t bayraqlar\u0131 4 v\u0259 6 may tarixl\u0259rind\u0259 endirilm\u0259lidir. Xat\u0131rladaq ki, Meksikan\u0131n&hellip;","_links":{"self":[{"href":"https:\/\/arantv.az\/index.php?rest_route=\/wp\/v2\/posts\/334153"}],"collection":[{"href":"https:\/\/arantv.az\/index.php?rest_route=\/wp\/v2\/posts"}],"about":[{"href":"https:\/\/arantv.az\/index.php?rest_route=\/wp\/v2\/types\/post"}],"author":[{"embeddable":true,"href":"https:\/\/arantv.az\/index.php?rest_route=\/wp\/v2\/users\/2"}],"replies":[{"embeddable":true,"href":"https:\/\/arantv.az\/index.php?rest_route=%2Fwp%2Fv2%2Fcomments&post=334153"}],"version-history":[{"count":0,"href":"https:\/\/arantv.az\/index.php?rest_route=\/wp\/v2\/posts\/334153\/revisions"}],"wp:featuredmedia":[{"embeddable":true,"href":"https:\/\/arantv.az\/index.php?rest_route=\/wp\/v2\/media\/334154"}],"wp:attachment":[{"href":"https:\/\/arantv.az\/index.php?rest_route=%2Fwp%2Fv2%2Fmedia&parent=334153"}],"wp:term":[{"taxonomy":"category","embeddable":true,"href":"https:\/\/arantv.az\/index.php?rest_route=%2Fwp%2Fv2%2Fcategories&post=334153"},{"taxonomy":"post_tag","embeddable":true,"href":"https:\/\/arantv.az\/index.php?rest_route=%2Fwp%2Fv2%2Ftags&post=334153"}],"curies":[{"name":"wp","href":"https:\/\/api.w.org\/{rel}","templated":true}]}}