{"id":334159,"date":"2021-05-05T10:05:37","date_gmt":"2021-05-05T07:05:37","guid":{"rendered":"https:\/\/arantv.az\/?p=334159"},"modified":"2021-05-05T10:05:37","modified_gmt":"2021-05-05T07:05:37","slug":"s%c9%99hid-zabitimiz-anar-qorcuyevin-ovladi-dunyaya-g%c9%99lib-video","status":"publish","type":"post","link":"https:\/\/arantv.az\/?p=334159","title":{"rendered":"\u015e\u0259hid zabitimiz Anar Qor\u00e7uyevin \u00f6vlad\u0131 d\u00fcnyaya g\u0259lib &#8211; V\u0130DEO"},"content":{"rendered":"<div class=\"article_text\">\n<p>\u015e\u0259hid zabitimiz Anar Qor\u00e7uyevin \u00f6vlad\u0131 d\u00fcnyaya g\u0259lib<\/p>\n<p>V\u0259t\u0259n u\u011frunda can\u0131n\u0131 f\u0259da ed\u0259n q\u0259hr\u0259manlar\u0131m\u0131zdan olan taq\u0131m komandiri, leytenant Anar Qor\u00e7uyevin o\u011ful \u00f6vlad\u0131 d\u00fcnyaya g\u0259lib.<\/p>\n<p><strong>ARANTV.AZ<\/strong> xezerxeber.az-a istinad\u0259n bildirir ki, Sumqay\u0131t \u015f\u0259h\u0259rind\u0259 do\u011fulan k\u00f6rp\u0259y\u0259 el\u0259 \u015f\u0259hidin ad\u0131n\u0131 veribl\u0259r.<\/p>\n<p>\u015e\u0259hidin anas\u0131 n\u0259v\u0259sinin atas\u0131 kimi v\u0259t\u0259np\u0259rv\u0259r olmas\u0131n\u0131 arzulay\u0131r.<\/p>\n<p>Leytenant Anar Qor\u00e7uyev \u00f6t\u0259n il V\u0259t\u0259n m\u00fcharib\u0259sinin ilk g\u00fcnl\u0259rind\u0259n g\u0259rgin d\u00f6y\u00fc\u015fl\u0259rd\u0259 i\u015ftirak edib. O, oktyabr\u0131n 7-d\u0259 F\u00fczuli istiqam\u0259tind\u0259 ged\u0259n d\u00f6y\u00fc\u015fl\u0259rd\u0259 q\u0259hr\u0259mancas\u0131na \u015f\u0259hid olub. 2015-ci ild\u0259 ail\u0259 h\u0259yat\u0131 quran Anar\u0131n Ayla ad\u0131nda q\u0131z\u0131 var. Yax\u0131nlar\u0131n\u0131n dediyin\u0259 g\u00f6r\u0259, Anar\u0131n \u0259n b\u00f6y\u00fck arzusu ata yurdu Qubadl\u0131n\u0131n d\u00fc\u015fm\u0259n tapda\u011f\u0131ndan azad edilm\u0259si idi.<\/p>\n<p>\u015e\u0259hid Anar Qor\u00e7uyev \u00f6l\u00fcm\u00fcnd\u0259n sonra &#8220;V\u0259t\u0259n u\u011frunda&#8221;, &#8220;C\u0259bray\u0131l\u0131n azad olunmas\u0131na g\u00f6r\u0259&#8221; v\u0259 &#8221;F\u00fczulinin azad olunmas\u0131na&#8221; g\u00f6r\u0259 medallar\u0131 il\u0259 t\u0259ltif edilib.<\/p>\n<p>M\u00f6vzu il\u0259 ba\u011fl\u0131 daha \u0259trafl\u0131 videomaterial\u0131 t\u0259qdim edirik:<\/p>\n<p>&nbsp;<\/p>\n<p><iframe loading=\"lazy\" src=\"https:\/\/daytube.az\/az\/embed\/106763\" width=\"670\" height=\"400\" frameborder=\"0\" allowfullscreen=\"allowfullscreen\" data-mce-fragment=\"1\"><\/iframe><\/p>\n<\/div>\n<div class=\"social-banner\"><\/div>\n","protected":false},"excerpt":{"rendered":"<p>\u015e\u0259hid zabitimiz Anar Qor\u00e7uyevin \u00f6vlad\u0131 d\u00fcnyaya g\u0259lib V\u0259t\u0259n u\u011frunda can\u0131n\u0131 f\u0259da ed\u0259n q\u0259hr\u0259manlar\u0131m\u0131zdan olan taq\u0131m komandiri, leytenant Anar Qor\u00e7uyevin o\u011ful \u00f6vlad\u0131 d\u00fcnyaya g\u0259lib. ARANTV.AZ xezerxeber.az-a istinad\u0259n bildirir ki, Sumqay\u0131t \u015f\u0259h\u0259rind\u0259 do\u011fulan k\u00f6rp\u0259y\u0259 el\u0259 \u015f\u0259hidin ad\u0131n\u0131 veribl\u0259r. \u015e\u0259hidin anas\u0131 n\u0259v\u0259sinin atas\u0131 kimi v\u0259t\u0259np\u0259rv\u0259r olmas\u0131n\u0131 arzulay\u0131r. Leytenant Anar Qor\u00e7uyev \u00f6t\u0259n il V\u0259t\u0259n m\u00fcharib\u0259sinin ilk g\u00fcnl\u0259rind\u0259n g\u0259rgin d\u00f6y\u00fc\u015fl\u0259rd\u0259 i\u015ftirak edib. O, oktyabr\u0131n 7-d\u0259 F\u00fczuli istiqam\u0259tind\u0259 ged\u0259n d\u00f6y\u00fc\u015fl\u0259rd\u0259 q\u0259hr\u0259mancas\u0131na \u015f\u0259hid olub. 2015-ci ild\u0259 ail\u0259 h\u0259yat\u0131 quran Anar\u0131n Ayla ad\u0131nda q\u0131z\u0131 var. Yax\u0131nlar\u0131n\u0131n dediyin\u0259 g\u00f6r\u0259, Anar\u0131n \u0259n b\u00f6y\u00fck arzusu ata yurdu Qubadl\u0131n\u0131n d\u00fc\u015fm\u0259n tapda\u011f\u0131ndan azad&hellip;<\/p>\n","protected":false},"author":2,"featured_media":334160,"comment_status":"closed","ping_status":"closed","sticky":false,"template":"","format":"standard","meta":{"om_disable_all_campaigns":false,"_monsterinsights_skip_tracking":false,"_monsterinsights_sitenote_active":false,"_monsterinsights_sitenote_note":"","_monsterinsights_sitenote_category":0},"categories":[26],"tags":[],"aioseo_notices":[],"gutentor_comment":0,"rttpg_featured_image_url":{"full":["https:\/\/arantv.az\/wp-content\/uploads\/2021\/05\/945759.jpg",800,600,false],"landscape":["https:\/\/arantv.az\/wp-content\/uploads\/2021\/05\/945759.jpg",800,600,false],"portraits":["https:\/\/arantv.az\/wp-content\/uploads\/2021\/05\/945759.jpg",800,600,false],"thumbnail":["https:\/\/arantv.az\/wp-content\/uploads\/2021\/05\/945759-500x280.jpg",500,280,true],"medium":["https:\/\/arantv.az\/wp-content\/uploads\/2021\/05\/945759-487x365.jpg",487,365,true],"large":["https:\/\/arantv.az\/wp-content\/uploads\/2021\/05\/945759.jpg",640,480,false],"1536x1536":["https:\/\/arantv.az\/wp-content\/uploads\/2021\/05\/945759.jpg",800,600,false],"2048x2048":["https:\/\/arantv.az\/wp-content\/uploads\/2021\/05\/945759.jpg",800,600,false],"post-thumbnail":["https:\/\/arantv.az\/wp-content\/uploads\/2021\/05\/945759-240x172.jpg",240,172,true],"advps-thumb-one":["https:\/\/arantv.az\/wp-content\/uploads\/2021\/05\/945759.jpg",800,600,false]},"rttpg_author":{"display_name":"V\u00fcsal Rafiqo\u011flu","author_link":"https:\/\/arantv.az\/?author=2"},"rttpg_comment":0,"rttpg_category":"<a href=\"https:\/\/arantv.az\/?cat=26\" rel=\"category\">Sosial<\/a>","rttpg_excerpt":"\u015e\u0259hid zabitimiz Anar Qor\u00e7uyevin \u00f6vlad\u0131 d\u00fcnyaya g\u0259lib V\u0259t\u0259n u\u011frunda can\u0131n\u0131 f\u0259da ed\u0259n q\u0259hr\u0259manlar\u0131m\u0131zdan olan taq\u0131m komandiri, leytenant Anar Qor\u00e7uyevin o\u011ful \u00f6vlad\u0131 d\u00fcnyaya g\u0259lib. ARANTV.AZ xezerxeber.az-a istinad\u0259n bildirir ki, Sumqay\u0131t \u015f\u0259h\u0259rind\u0259 do\u011fulan k\u00f6rp\u0259y\u0259 el\u0259 \u015f\u0259hidin ad\u0131n\u0131 veribl\u0259r. \u015e\u0259hidin anas\u0131 n\u0259v\u0259sinin atas\u0131 kimi v\u0259t\u0259np\u0259rv\u0259r olmas\u0131n\u0131 arzulay\u0131r. Leytenant Anar Qor\u00e7uyev \u00f6t\u0259n il V\u0259t\u0259n m\u00fcharib\u0259sinin ilk g\u00fcnl\u0259rind\u0259n g\u0259rgin d\u00f6y\u00fc\u015fl\u0259rd\u0259&hellip;","_links":{"self":[{"href":"https:\/\/arantv.az\/index.php?rest_route=\/wp\/v2\/posts\/334159"}],"collection":[{"href":"https:\/\/arantv.az\/index.php?rest_route=\/wp\/v2\/posts"}],"about":[{"href":"https:\/\/arantv.az\/index.php?rest_route=\/wp\/v2\/types\/post"}],"author":[{"embeddable":true,"href":"https:\/\/arantv.az\/index.php?rest_route=\/wp\/v2\/users\/2"}],"replies":[{"embeddable":true,"href":"https:\/\/arantv.az\/index.php?rest_route=%2Fwp%2Fv2%2Fcomments&post=334159"}],"version-history":[{"count":0,"href":"https:\/\/arantv.az\/index.php?rest_route=\/wp\/v2\/posts\/334159\/revisions"}],"wp:featuredmedia":[{"embeddable":true,"href":"https:\/\/arantv.az\/index.php?rest_route=\/wp\/v2\/media\/334160"}],"wp:attachment":[{"href":"https:\/\/arantv.az\/index.php?rest_route=%2Fwp%2Fv2%2Fmedia&parent=334159"}],"wp:term":[{"taxonomy":"category","embeddable":true,"href":"https:\/\/arantv.az\/index.php?rest_route=%2Fwp%2Fv2%2Fcategories&post=334159"},{"taxonomy":"post_tag","embeddable":true,"href":"https:\/\/arantv.az\/index.php?rest_route=%2Fwp%2Fv2%2Ftags&post=334159"}],"curies":[{"name":"wp","href":"https:\/\/api.w.org\/{rel}","templated":true}]}}