{"id":334162,"date":"2021-05-05T10:06:43","date_gmt":"2021-05-05T07:06:43","guid":{"rendered":"https:\/\/arantv.az\/?p=334162"},"modified":"2021-05-05T10:06:43","modified_gmt":"2021-05-05T07:06:43","slug":"v%c9%99t%c9%99n-muharib%c9%99si-memorial-kompleksi-v%c9%99-z%c9%99f%c9%99r-muzeyi-bel%c9%99-olacaq-konsepsiya-hazirdir","status":"publish","type":"post","link":"https:\/\/arantv.az\/?p=334162","title":{"rendered":"V\u0259t\u0259n m\u00fcharib\u0259si memorial kompleksi v\u0259 Z\u0259f\u0259r muzeyi bel\u0259 olacaq &#8211; Konsepsiya haz\u0131rd\u0131r"},"content":{"rendered":"<p><strong>V\u0259t\u0259n m\u00fcharib\u0259si memorial kompleksi v\u0259 Z\u0259f\u0259r muzeyinin konsepsiyas\u0131 yerli v\u0259 xarici ekspertl\u0259rin i\u015ftirak\u0131 il\u0259 haz\u0131rlan\u0131b v\u0259 aidiyy\u0259ti \u00fczr\u0259 t\u0259qdim edilib.<\/strong><\/p>\n<p><strong>ARANTV.AZ<\/strong> bildirir ki, bunu <a href=\"https:\/\/az.trend.az\/\" target=\"_blank\" rel=\"noopener\">Trend<\/a>-in sor\u011fusuna cavab olaraq M\u0259d\u0259niyy\u0259t Nazirliyind\u0259n bildiribl\u0259r. Qeyd olunub ki, muzeyin Az\u0259rbaycan xalq\u0131n\u0131n 44 g\u00fcnl\u00fck V\u0259t\u0259n m\u00fcharib\u0259si zaman\u0131 n\u00fcmayi\u015f etdirdiyi \u0259zmkarl\u0131q, r\u0259\u015fad\u0259t v\u0259 pe\u015f\u0259karl\u0131\u011f\u0131 \u0259b\u0259dil\u0259\u015fdir\u0259n m\u00f6ht\u0259\u015f\u0259m kompleks, eyni zamanda Az\u0259rbaycan xalq\u0131n\u0131n q\u0259hr\u0259manl\u0131q irsi, Q\u0259l\u0259b\u0259 v\u0259 v\u0259t\u0259np\u0259rv\u0259rlik r\u0259mzi, qazan\u0131lm\u0131\u015f q\u0259l\u0259b\u0259ni unikal eksponatlar\u0131n\u0131n z\u0259nginliyi v\u0259 m\u00fcasir t\u0259qdimat metodlar\u0131 il\u0259 tama\u015fa\u00e7\u0131ya \u00e7atd\u0131ran m\u0259kan olmas\u0131 n\u0259z\u0259rd\u0259 tutulur:<\/p>\n<p>&#8220;Haz\u0131rlanm\u0131\u015f konsepsiya layih\u0259si Az\u0259rbaycan\u0131n \u00f6z \u0259razi b\u00fct\u00f6vl\u00fcy\u00fcn\u00fc t\u0259min etm\u0259si il\u0259 n\u0259tic\u0259l\u0259nmi\u015f, tarix\u0259 q\u0131z\u0131l h\u0259rfl\u0259rl\u0259 yaz\u0131lm\u0131\u015f m\u00f6ht\u0259\u015f\u0259m q\u0259l\u0259b\u0259ni h\u0259rt\u0259r\u0259fli \u015f\u0259kild\u0259 n\u00fcmayi\u015f etdir\u0259n m\u00fcasir m\u0259rk\u0259z kimi t\u0259\u015fkil olunmas\u0131na imkan ver\u0259c\u0259k&#8221;.<\/p>\n<p>\u018flav\u0259 olunub ki, haz\u0131rda M\u0259d\u0259niyy\u0259t Nazirliyi t\u0259r\u0259find\u0259n V\u0259t\u0259n m\u00fcharib\u0259si memorial kompleksi v\u0259 Z\u0259f\u0259r muzeyinin fondunun z\u0259nginl\u0259\u015fdirilm\u0259si m\u0259qs\u0259dil\u0259 laz\u0131mi materiallar\u0131n toplan\u0131lmas\u0131 i\u015fi davam etdirilir.<\/p>\n<div>\n<div id=\"AdviadNativeVideo0\" class=\"AdviadNativeVideo\">\n<div class=\"adviad-inboard\">\n<div>\n<div class=\"adviad-ui-components-label\"><\/div>\n<\/div>\n<\/div>\n<\/div>\n<\/div>\n","protected":false},"excerpt":{"rendered":"<p>V\u0259t\u0259n m\u00fcharib\u0259si memorial kompleksi v\u0259 Z\u0259f\u0259r muzeyinin konsepsiyas\u0131 yerli v\u0259 xarici ekspertl\u0259rin i\u015ftirak\u0131 il\u0259 haz\u0131rlan\u0131b v\u0259 aidiyy\u0259ti \u00fczr\u0259 t\u0259qdim edilib. ARANTV.AZ bildirir ki, bunu Trend-in sor\u011fusuna cavab olaraq M\u0259d\u0259niyy\u0259t Nazirliyind\u0259n bildiribl\u0259r. Qeyd olunub ki, muzeyin Az\u0259rbaycan xalq\u0131n\u0131n 44 g\u00fcnl\u00fck V\u0259t\u0259n m\u00fcharib\u0259si zaman\u0131 n\u00fcmayi\u015f etdirdiyi \u0259zmkarl\u0131q, r\u0259\u015fad\u0259t v\u0259 pe\u015f\u0259karl\u0131\u011f\u0131 \u0259b\u0259dil\u0259\u015fdir\u0259n m\u00f6ht\u0259\u015f\u0259m kompleks, eyni zamanda Az\u0259rbaycan xalq\u0131n\u0131n q\u0259hr\u0259manl\u0131q irsi, Q\u0259l\u0259b\u0259 v\u0259 v\u0259t\u0259np\u0259rv\u0259rlik r\u0259mzi, qazan\u0131lm\u0131\u015f q\u0259l\u0259b\u0259ni unikal eksponatlar\u0131n\u0131n z\u0259nginliyi v\u0259 m\u00fcasir t\u0259qdimat metodlar\u0131 il\u0259 tama\u015fa\u00e7\u0131ya \u00e7atd\u0131ran m\u0259kan olmas\u0131 n\u0259z\u0259rd\u0259 tutulur: &#8220;Haz\u0131rlanm\u0131\u015f konsepsiya layih\u0259si Az\u0259rbaycan\u0131n \u00f6z \u0259razi b\u00fct\u00f6vl\u00fcy\u00fcn\u00fc t\u0259min etm\u0259si il\u0259 n\u0259tic\u0259l\u0259nmi\u015f, tarix\u0259 q\u0131z\u0131l&hellip;<\/p>\n","protected":false},"author":2,"featured_media":334163,"comment_status":"closed","ping_status":"closed","sticky":false,"template":"","format":"standard","meta":{"om_disable_all_campaigns":false,"_monsterinsights_skip_tracking":false,"_monsterinsights_sitenote_active":false,"_monsterinsights_sitenote_note":"","_monsterinsights_sitenote_category":0},"categories":[26],"tags":[],"aioseo_notices":[],"gutentor_comment":0,"rttpg_featured_image_url":{"full":["https:\/\/arantv.az\/wp-content\/uploads\/2021\/05\/945813.jpg",800,600,false],"landscape":["https:\/\/arantv.az\/wp-content\/uploads\/2021\/05\/945813.jpg",800,600,false],"portraits":["https:\/\/arantv.az\/wp-content\/uploads\/2021\/05\/945813.jpg",800,600,false],"thumbnail":["https:\/\/arantv.az\/wp-content\/uploads\/2021\/05\/945813-500x280.jpg",500,280,true],"medium":["https:\/\/arantv.az\/wp-content\/uploads\/2021\/05\/945813-487x365.jpg",487,365,true],"large":["https:\/\/arantv.az\/wp-content\/uploads\/2021\/05\/945813.jpg",640,480,false],"1536x1536":["https:\/\/arantv.az\/wp-content\/uploads\/2021\/05\/945813.jpg",800,600,false],"2048x2048":["https:\/\/arantv.az\/wp-content\/uploads\/2021\/05\/945813.jpg",800,600,false],"post-thumbnail":["https:\/\/arantv.az\/wp-content\/uploads\/2021\/05\/945813-240x172.jpg",240,172,true],"advps-thumb-one":["https:\/\/arantv.az\/wp-content\/uploads\/2021\/05\/945813.jpg",800,600,false]},"rttpg_author":{"display_name":"V\u00fcsal Rafiqo\u011flu","author_link":"https:\/\/arantv.az\/?author=2"},"rttpg_comment":0,"rttpg_category":"<a href=\"https:\/\/arantv.az\/?cat=26\" rel=\"category\">Sosial<\/a>","rttpg_excerpt":"V\u0259t\u0259n m\u00fcharib\u0259si memorial kompleksi v\u0259 Z\u0259f\u0259r muzeyinin konsepsiyas\u0131 yerli v\u0259 xarici ekspertl\u0259rin i\u015ftirak\u0131 il\u0259 haz\u0131rlan\u0131b v\u0259 aidiyy\u0259ti \u00fczr\u0259 t\u0259qdim edilib. ARANTV.AZ bildirir ki, bunu Trend-in sor\u011fusuna cavab olaraq M\u0259d\u0259niyy\u0259t Nazirliyind\u0259n bildiribl\u0259r. Qeyd olunub ki, muzeyin Az\u0259rbaycan xalq\u0131n\u0131n 44 g\u00fcnl\u00fck V\u0259t\u0259n m\u00fcharib\u0259si zaman\u0131 n\u00fcmayi\u015f etdirdiyi \u0259zmkarl\u0131q, r\u0259\u015fad\u0259t v\u0259 pe\u015f\u0259karl\u0131\u011f\u0131 \u0259b\u0259dil\u0259\u015fdir\u0259n m\u00f6ht\u0259\u015f\u0259m kompleks, eyni zamanda Az\u0259rbaycan xalq\u0131n\u0131n&hellip;","_links":{"self":[{"href":"https:\/\/arantv.az\/index.php?rest_route=\/wp\/v2\/posts\/334162"}],"collection":[{"href":"https:\/\/arantv.az\/index.php?rest_route=\/wp\/v2\/posts"}],"about":[{"href":"https:\/\/arantv.az\/index.php?rest_route=\/wp\/v2\/types\/post"}],"author":[{"embeddable":true,"href":"https:\/\/arantv.az\/index.php?rest_route=\/wp\/v2\/users\/2"}],"replies":[{"embeddable":true,"href":"https:\/\/arantv.az\/index.php?rest_route=%2Fwp%2Fv2%2Fcomments&post=334162"}],"version-history":[{"count":0,"href":"https:\/\/arantv.az\/index.php?rest_route=\/wp\/v2\/posts\/334162\/revisions"}],"wp:featuredmedia":[{"embeddable":true,"href":"https:\/\/arantv.az\/index.php?rest_route=\/wp\/v2\/media\/334163"}],"wp:attachment":[{"href":"https:\/\/arantv.az\/index.php?rest_route=%2Fwp%2Fv2%2Fmedia&parent=334162"}],"wp:term":[{"taxonomy":"category","embeddable":true,"href":"https:\/\/arantv.az\/index.php?rest_route=%2Fwp%2Fv2%2Fcategories&post=334162"},{"taxonomy":"post_tag","embeddable":true,"href":"https:\/\/arantv.az\/index.php?rest_route=%2Fwp%2Fv2%2Ftags&post=334162"}],"curies":[{"name":"wp","href":"https:\/\/api.w.org\/{rel}","templated":true}]}}